{"id":197517,"date":"2025-06-23T06:42:10","date_gmt":"2025-06-23T06:42:10","guid":{"rendered":"https:\/\/www.europesays.com\/fr\/197517\/"},"modified":"2025-06-23T06:42:10","modified_gmt":"2025-06-23T06:42:10","slug":"les-valeurs-a-suivre-a-paris-et-en-europe-actualise-23-06-2025-a-0827","status":"publish","type":"post","link":"https:\/\/www.europesays.com\/fr\/197517\/","title":{"rendered":"Les valeurs \u00e0 suivre \u00e0 Paris et en Europe (actualis\u00e9) &#8211; 23\/06\/2025 \u00e0 08:27"},"content":{"rendered":"<p>\n (Actualis\u00e9 avec Stellantis)\n<\/p>\n<p>\n *\n<\/p>\n<p>\n Variation des futures sur indice CAC 40  0#FCE:\n<\/p>\n<p>\n *\n<\/p>\n<p>\n Variation des futures sur indice Stoxx 600  0#FXXP:\n<\/p>\n<p>\n *\n<\/p>\n<p>\n Valeurs qui se traitent ex-dividende  .EX.PA\n<\/p>\n<p>\n *\n<\/p>\n<p>\n Le point sur les march\u00e9s europ\u00e9ens  .EUFR\n<\/p>\n<p>\n Les valeurs \u00e0 suivre lundi \u00e0<br \/>\nla Bourse de Paris et en Europe :\n<\/p>\n<p>\n *\n<\/p>\n<p>\n STELLANTIS\n<\/p>\n<p>\n <a href=\"https:\/\/www.boursorama.com\/cours\/1gSTLAM\/\" rel=\"nofollow noopener\" target=\"_blank\"><br \/>\n  STLAM.MI<br \/>\n <\/a><br \/>\n &#8211; Antonio Filosa, directeur g\u00e9n\u00e9ral du<br \/>\nconstructeur, a pr\u00e9sent\u00e9 lundi sa nouvelle \u00e9quipe dirigeante.\n<\/p>\n<p>\n * CARMAT<br \/>\n <a href=\"https:\/\/www.boursorama.com\/cours\/1rEPALCAR\/\" rel=\"nofollow noopener\" target=\"_blank\"><br \/>\n  ALCAR.PA<br \/>\n <\/a><br \/>\n a annonc\u00e9 vendredi faire face \u00e0 une<br \/>\nsituation financi\u00e8re critique avec un risque de cessation des<br \/>\npaiements d\u00e8s fin juin, faute de financements compl\u00e9mentaires.\n<\/p>\n<p>\n * SANOFI<br \/>\n <a href=\"https:\/\/www.boursorama.com\/cours\/1rPSAN\/\" rel=\"nofollow noopener\" target=\"_blank\"><br \/>\n  SASY.PA<br \/>\n <\/a><br \/>\n &#8211; Le Comit\u00e9 des m\u00e9dicaments \u00e0 usage<br \/>\nhumain (CHMP) de l\u2019Agence europ\u00e9enne des m\u00e9dicaments (EMA) a<br \/>\n\u00e9mis un avis positif recommandant l\u2019approbation de Sarclisa pour<br \/>\nle traitement du my\u00e9lome multiple nouvellement diagnostiqu\u00e9 chez<br \/>\nles patients \u00e9ligibles \u00e0 une greffe.\n<\/p>\n<p>\n * EURAZEO<br \/>\n <a href=\"https:\/\/www.boursorama.com\/cours\/1rPRF\/\" rel=\"nofollow noopener\" target=\"_blank\"><br \/>\n  EURA.PA<br \/>\n <\/a><br \/>\n a annonc\u00e9 l&rsquo;acquisition d&rsquo;une<br \/>\nparticipation majoritaire dans SMP Energies.\n<\/p>\n<p>\n * PRADA  1913.F  &#8211; Le directeur g\u00e9n\u00e9ral de la marque<br \/>\nitalienne quittera la soci\u00e9t\u00e9 \u00e0 la fin du mois, selon un<br \/>\ncommuniqu\u00e9 publi\u00e9 dimanche.\n<\/p>\n<p>\n * ENI<br \/>\n <a href=\"https:\/\/www.boursorama.com\/cours\/1gENI\/\" rel=\"nofollow noopener\" target=\"_blank\"><br \/>\n  ENI.MI<br \/>\n <\/a><br \/>\n a d\u00e9clar\u00e9 lundi avoir sign\u00e9 un accord \u00e0 2<br \/>\nmilliards d&rsquo;euros avec le fonds Ares Management<br \/>\n <a href=\"https:\/\/www.boursorama.com\/cours\/ARES\/\" rel=\"nofollow noopener\" target=\"_blank\"><br \/>\n  ARES.N<br \/>\n <\/a><br \/>\n pour la<br \/>\nvente d&rsquo;une participation de 20% dans son unit\u00e9 de vente au<br \/>\nd\u00e9tail et de production d&rsquo;\u00e9nergie renouvelable Plenitude.\n<\/p>\n<p>\n L&rsquo;AGENDA FRANCE &amp; INTERNATIONAL \u00c0 7 JOURS:  L8N3SL0BH\n<\/p>\n<p>\n (R\u00e9dig\u00e9 par Mara V\u00eelcu et Bertrand De Meyer, \u00e9dit\u00e9 par Augustin<br \/>\nTurpin)<\/p>\n","protected":false},"excerpt":{"rendered":"(Actualis\u00e9 avec Stellantis) * Variation des futures sur indice CAC 40 0#FCE: * Variation des futures sur indice&hellip;\n","protected":false},"author":2,"featured_media":64038,"comment_status":"","ping_status":"","sticky":false,"template":"","format":"standard","meta":{"footnotes":""},"categories":[1888],"tags":[400,11,398,408,405,1777,674,1011,27,403,402,399,404,12,626,25,401,406,407],"class_list":{"0":"post-197517","1":"post","2":"type-post","3":"status-publish","4":"format-standard","5":"has-post-thumbnail","7":"category-paris","8":"tag-action-cac-40","9":"tag-actualites","10":"tag-bourse-de-paris","11":"tag-boursorama","12":"tag-cotations","13":"tag-eu","14":"tag-europe","15":"tag-fr","16":"tag-france","17":"tag-indices-devises","18":"tag-investir","19":"tag-investissement","20":"tag-marche-boursier","21":"tag-news","22":"tag-paris","23":"tag-republique-francaise","24":"tag-sicav","25":"tag-trackers","26":"tag-warrants"},"share_on_mastodon":{"url":"https:\/\/pubeurope.com\/@fr\/114731322136384818","error":""},"_links":{"self":[{"href":"https:\/\/www.europesays.com\/fr\/wp-json\/wp\/v2\/posts\/197517","targetHints":{"allow":["GET"]}}],"collection":[{"href":"https:\/\/www.europesays.com\/fr\/wp-json\/wp\/v2\/posts"}],"about":[{"href":"https:\/\/www.europesays.com\/fr\/wp-json\/wp\/v2\/types\/post"}],"author":[{"embeddable":true,"href":"https:\/\/www.europesays.com\/fr\/wp-json\/wp\/v2\/users\/2"}],"replies":[{"embeddable":true,"href":"https:\/\/www.europesays.com\/fr\/wp-json\/wp\/v2\/comments?post=197517"}],"version-history":[{"count":0,"href":"https:\/\/www.europesays.com\/fr\/wp-json\/wp\/v2\/posts\/197517\/revisions"}],"wp:featuredmedia":[{"embeddable":true,"href":"https:\/\/www.europesays.com\/fr\/wp-json\/wp\/v2\/media\/64038"}],"wp:attachment":[{"href":"https:\/\/www.europesays.com\/fr\/wp-json\/wp\/v2\/media?parent=197517"}],"wp:term":[{"taxonomy":"category","embeddable":true,"href":"https:\/\/www.europesays.com\/fr\/wp-json\/wp\/v2\/categories?post=197517"},{"taxonomy":"post_tag","embeddable":true,"href":"https:\/\/www.europesays.com\/fr\/wp-json\/wp\/v2\/tags?post=197517"}],"curies":[{"name":"wp","href":"https:\/\/api.w.org\/{rel}","templated":true}]}}