{"id":197530,"date":"2025-06-23T06:49:09","date_gmt":"2025-06-23T06:49:09","guid":{"rendered":"https:\/\/www.europesays.com\/fr\/197530\/"},"modified":"2025-06-23T06:49:09","modified_gmt":"2025-06-23T06:49:09","slug":"exclusif-israel-torpille-un-rapport-de-lue","status":"publish","type":"post","link":"https:\/\/www.europesays.com\/fr\/197530\/","title":{"rendered":"Exclusif : Isra\u00ebl torpille un rapport de l&rsquo;UE"},"content":{"rendered":"<p><img decoding=\"async\" class=\"c-ad__placeholder__logo\" src=\"https:\/\/static.euronews.com\/website\/images\/logos\/logo-euronews-grey-6-180x22.svg\" width=\"180\" height=\"22\" alt=\"\" loading=\"lazy\"\/>PUBLICIT\u00c9<\/p>\n<p>Isra\u00ebl a critiqu\u00e9 la r\u00e9vision de l&rsquo;accord d&rsquo;association UE-Isra\u00ebl (RSUE), d\u00e9clarant que ce rapport et ses conclusions ne devraient pas \u00eatre pris au s\u00e9rieux ou utilis\u00e9s comme base pour toute action ou conversation future, dans une lettre du minist\u00e8re des affaires \u00e9trang\u00e8res du pays \u00e0 l&rsquo;UE, vue par Euronews dimanche.<\/p>\n<p>\u00ab\u00a0La d\u00e9cence voudrait que l&rsquo;on s&rsquo;attaque aux lacunes du rapport et qu&rsquo;on le rejette dans son int\u00e9gralit\u00e9\u00a0\u00bb, conclut la lettre, envoy\u00e9e \u00e0 la Commission et au Service d&rsquo;action ext\u00e9rieure.<\/p>\n<p>L&rsquo;examen de l&rsquo;accord d&rsquo;association UE-Isra\u00ebl <a href=\"https:\/\/fr.euronews.com\/my-europe\/2025\/06\/21\/gaza-un-rapport-de-lue-pointe-des-violations-des-droits-de-lhomme-disrael\" target=\"_blank\" rel=\"noopener\">publi\u00e9<\/a> vendredi indique que les actions d&rsquo;Isra\u00ebl dans la bande de Gaza constituent une violation des dispositions relatives aux droits de l&rsquo;homme contenues dans son accord d&rsquo;association avec l&rsquo;Union europ\u00e9enne. La question doit \u00eatre examin\u00e9e par les ministres des affaires \u00e9trang\u00e8res lors de leur r\u00e9union de lundi.<\/p>\n<p>Citant un ensemble de conclusions d&rsquo;organisations internationales ind\u00e9pendantes, l&rsquo;examen tr\u00e8s attendu du service diplomatique de l&rsquo;Union europ\u00e9enne a d\u00e9clar\u00e9 qu&rsquo;il avait trouv\u00e9 des \u00ab\u00a0indications\u00a0\u00bb selon lesquelles Isra\u00ebl avait viol\u00e9 ses obligations en mati\u00e8re de droits de l&rsquo;homme dans le cadre de ses actions \u00e0 Gaza.<\/p>\n<p>Cette violation d\u00e9coule de l&rsquo;offensive isra\u00e9lienne sur Gaza et des conditions strictes appliqu\u00e9es \u00e0 l&rsquo;acheminement de l&rsquo;aide humanitaire, qui ont aliment\u00e9 les craintes d&rsquo;une famine g\u00e9n\u00e9ralis\u00e9e parmi les Palestiniens vivant dans l&rsquo;enclave dens\u00e9ment peupl\u00e9e.<\/p>\n<p>Dans la lettre vue par Euronews, le minist\u00e8re isra\u00e9lien des Affaires \u00e9trang\u00e8res exprime son \u00ab\u00a0\u00e9tonnement\u00a0\u00bb que le rapport ne tienne pas compte de \u00ab\u00a0notre r\u00e9ponse d\u00e9taill\u00e9e aux questions qui nous ont \u00e9t\u00e9 soumises\u00a0\u00bb.<\/p>\n<p>La lettre commence par une pr\u00e9sentation de ce qu&rsquo;elle appelle \u00ab\u00a0la r\u00e9alit\u00e9 strat\u00e9gique \u00e0 laquelle Isra\u00ebl est confront\u00e9\u00a0\u00bb, d\u00e9taillant comment il \u00ab\u00a0m\u00e8ne une guerre sur sept fronts\u00a0\u00bb.<\/p>\n<p>C&rsquo;est dans ce contexte &#8211; le combat d&rsquo;Isra\u00ebl contre une multitude d&rsquo;ennemis brutaux &#8211; que le RSUE a \u00e9t\u00e9 charg\u00e9 de faire un \u00ab\u00a0travail urgent\u00a0\u00bb, en compilant un r\u00e9sum\u00e9 partial et extr\u00eamement unilat\u00e9ral de nombreuses voix et documents anti-isra\u00e9liens dans un soi-disant \u00ab\u00a0rapport honn\u00eate\u00a0\u00bb pour les \u00c9tats membres de l&rsquo;UE\u00a0\u00bb, peut-on lire dans la lettre.<\/p>\n<p>La lettre du minist\u00e8re isra\u00e9lien des Affaires \u00e9trang\u00e8res se concentre sur ce qu&rsquo;il appelle \u00ab\u00a0deux \u00e9checs\u00a0\u00bb du rapport du RSUE, affirmant qu&rsquo;il \u00ab\u00a0ne prend pas en compte le contexte\u00a0\u00bb et les \u00ab\u00a0faits cruciaux\u00a0\u00bb des attentats du 7 octobre, suivis par \u00ab\u00a0la tentative permanente de l&rsquo;Iran et de ses mandataires de provoquer l&rsquo;an\u00e9antissement de l&rsquo;\u00c9tat juif\u00a0\u00bb.<\/p>\n<p>\u00ab\u00a0Un rapport qui commence par admettre qu&rsquo;il n&rsquo;a pas la capacit\u00e9 de v\u00e9rifier ses propres d\u00e9clarations, ni m\u00eame le mandat d&rsquo;aborder les nombreuses attaques terroristes des Palestiniens contre Isra\u00ebl, ne peut \u00eatre pris au s\u00e9rieux\u00a0\u00bb, indique la lettre.<\/p>\n<p>La lettre affirme que le rapport du RSUE \u00ab\u00a0\u00e9choue moralement\u00a0\u00bb en n\u00e9gligeant d&rsquo;aborder les dommages inflig\u00e9s aux civils isra\u00e9liens par le contr\u00f4le de la bande de Gaza par le Hamas et ses actions contre les Isra\u00e9liens, y compris ce qu&rsquo;elle appelle \u00ab\u00a0la complicit\u00e9 av\u00e9r\u00e9e d&rsquo;organismes de l&rsquo;ONU tels que l&rsquo;UNRWA\u00a0\u00bb.<\/p>\n<p>\u00ab\u00a0<strong>Le rapport vise \u00e0 nier le droit d&rsquo;Isra\u00ebl \u00e0 se d\u00e9fendre contre le terrorisme<\/strong>. Il ne cite aucune des nombreuses actions positives entreprises par Isra\u00ebl dans le domaine humanitaire et n\u00e9glige de mentionner le refus continu du Hamas d&rsquo;un accord sur les otages n\u00e9goci\u00e9 par les \u00c9tats-Unis (la \u00ab\u00a0proposition Witkoff\u00a0\u00bb) qu&rsquo;Isra\u00ebl a accept\u00e9\u00a0\u00bb, indique la lettre.<\/p>\n<p>Deuxi\u00e8mement, la lettre du minist\u00e8re isra\u00e9lien des affaires \u00e9trang\u00e8res affirme que le rapport du RSUE \u00ab\u00a0\u00e9choue sur le plan m\u00e9thodologique\u00a0\u00bb.<\/p>\n<p>Isra\u00ebl n&rsquo;a pas eu l&rsquo;occasion de se d\u00e9fendre<\/p>\n<p>\u00ab\u00a0<strong>Isra\u00ebl n&rsquo;a pas eu l&rsquo;occasion de se d\u00e9fendre contre les accusations extr\u00eames port\u00e9es contre lui<\/strong>. Malheureusement, m\u00eame une personne menac\u00e9e de licenciement b\u00e9n\u00e9ficie d&rsquo;une plus grande marge de man\u0153uvre pour exposer son cas que le m\u00e9pris total dont le RSUE a fait preuve \u00e0 l&rsquo;\u00e9gard des faits et des preuves objectives de l&rsquo;\u00c9tat d&rsquo;Isra\u00ebl\u00a0\u00bb, affirme la lettre.<\/p>\n<p>Le RSUE n&rsquo;a pas respect\u00e9 la proc\u00e9dure r\u00e9guli\u00e8re, affirme la lettre, en choisissant de ne pas engager de dialogue avec Isra\u00ebl au sujet du rapport. Le RSUE n&rsquo;a pas non plus permis que des informations isra\u00e9liennes soient incluses dans le rapport ; et en fait, m\u00eame lorsque Isra\u00ebl a d\u00e9taill\u00e9 sa position dans la communication &#8211; offrant des r\u00e9ponses d\u00e9taill\u00e9es sur plusieurs sujets &#8211; <strong>les informations pr\u00e9sent\u00e9es n&rsquo;ont \u00e9t\u00e9 ni ajout\u00e9es ni trait\u00e9es dans le rapport<\/strong>\u00ab\u00a0, affirme la lettre.<\/p>\n<p>La lettre insiste sur la \u00ab\u00a0<strong>conformit\u00e9 d&rsquo;Isra\u00ebl avec le droit international<\/strong>\u00a0\u00bb et affirme qu'\u00a0\u00bbun simple dialogue avec les autorit\u00e9s isra\u00e9liennes aurait pu clarifier ces faits. Isra\u00ebl est un \u00c9tat d\u00e9mocratique qui respecte le droit international humanitaire et le droit international, tout en luttant pour sa survie dans une r\u00e9gion d\u00e9pourvue de d\u00e9mocratie et en proie au terrorisme et au radicalisme. Ses actions doivent \u00eatre jug\u00e9es \u00e9quitablement et honn\u00eatement, un processus auquel le rapport en question n&rsquo;a pas r\u00e9ussi \u00e0 se conformer.<\/p>\n<p>\u00ab\u00a0Tout au long de la guerre contre le Hamas, Isra\u00ebl a facilit\u00e9 le transfert de grandes quantit\u00e9s d&rsquo;aide humanitaire \u00e0 Gaza, m\u00eame sous le feu de l&rsquo;ennemi\u00a0\u00bb, indique la lettre en r\u00e9ponse au rapport du RSUE, qui \u00e9voque le blocus de l&rsquo;aide humanitaire, les frappes militaires contre les h\u00f4pitaux, le d\u00e9placement forc\u00e9 de la population palestinienne, les arrestations massives, les d\u00e9tentions arbitraires, l&rsquo;expansion des colonies, qui sont ill\u00e9gales au regard du droit international, dans les territoires occup\u00e9s, et les violences commises par les colons.<\/p>\n<p>Selon le rapport du RSUE, les violations sont d\u00e9crites comme nombreuses et graves.<\/p>\n<p>L&rsquo;exercice d&rsquo;examen interne a \u00e9t\u00e9 lanc\u00e9 le mois dernier \u00e0 la demande de 17 pays, men\u00e9s par les Pays-Bas, afin de d\u00e9terminer si Isra\u00ebl respecte toujours l&rsquo;article 2 de l&rsquo;accord d&rsquo;association, qui stipule que les relations bilat\u00e9rales \u00ab\u00a0sont fond\u00e9es sur le respect des droits de l&rsquo;homme et des principes d\u00e9mocratiques, qui guide leur politique int\u00e9rieure et internationale et constitue un \u00e9l\u00e9ment essentiel de cet accord\u00a0\u00bb.<\/p>\n<p><strong>La r\u00e9ponse du minist\u00e8re isra\u00e9lien des Affaires \u00e9trang\u00e8res conclut que le rapport du RSUE \u00ab\u00a0est absurde et refl\u00e8te un processus sans pr\u00e9c\u00e9dent dirig\u00e9 contre un \u00c9tat d\u00e9mocratique en pleine guerre\u00a0\u00bb et qu&rsquo;il \u00ab\u00a0ignore compl\u00e8tement les circonstances, ainsi que les commentaires et r\u00e9ponses substantiels fournis par Isra\u00ebl\u00a0\u00bb.<\/strong><\/p>\n<p>La r\u00e9ponse s\u00e9v\u00e8re du minist\u00e8re isra\u00e9lien des affaires \u00e9trang\u00e8res semble faire \u00e9cho aux d\u00e9clarations faites par l&rsquo;ambassadeur d&rsquo;Isra\u00ebl aupr\u00e8s de l&rsquo;UE et de l&rsquo;OTAN, Haim Regev, le jeudi 19 juin.<\/p>\n<p>Dans une interview accord\u00e9e \u00e0 Euronews, l&rsquo;ambassadeur Regev s&rsquo;est montr\u00e9 clair et ferme quant aux interactions actuelles de son gouvernement avec l&rsquo;Union europ\u00e9enne sur la crise avec l&rsquo;Iran et sur les actions d&rsquo;Isra\u00ebl \u00e0 Gaza, affirmant que \u00ab\u00a0nous entendons des tonalit\u00e9s diff\u00e9rentes, mais au bout du chemin, nous voyons et nous sentons le soutien\u00a0\u00bb.<\/p>\n<p>Le gouvernement isra\u00e9lien a \u00ab\u00a0une interaction continue et intensive\u00a0\u00bb avec les principales institutions de l&rsquo;UE \u00e0 Bruxelles, mais \u00ab\u00a0bien s\u00fbr, c&rsquo;est compliqu\u00e9 lorsqu&rsquo;il s&rsquo;agit d&rsquo;avoir une position dans l&rsquo;Union compos\u00e9e de 27 \u00c9tats membres\u00a0\u00bb, a d\u00e9clar\u00e9 le diplomate isra\u00e9lien.<\/p>\n<p>\u00ab\u00a0Il y a une guerre en ce moment et Isra\u00ebl m\u00e8ne cette guerre contre l&rsquo;Iran, et cette guerre est aussi dans l&rsquo;int\u00e9r\u00eat de l&rsquo;Europe, \u00e0 long terme. Ce n&rsquo;est donc pas le moment d&rsquo;examiner ou de pousser les choses ou d&rsquo;essayer de mettre des obstacles dans les relations entre Isra\u00ebl et l&rsquo;UE\u00a0\u00bb, a conclu M. Regev.<\/p>\n<p>La Commission et le Service d&rsquo;action ext\u00e9rieure ont \u00e9t\u00e9 contact\u00e9s pour commentaires.<\/p>\n","protected":false},"excerpt":{"rendered":"PUBLICIT\u00c9 Isra\u00ebl a critiqu\u00e9 la r\u00e9vision de l&rsquo;accord d&rsquo;association UE-Isra\u00ebl (RSUE), d\u00e9clarant que ce rapport et ses conclusions&hellip;\n","protected":false},"author":2,"featured_media":197531,"comment_status":"","ping_status":"","sticky":false,"template":"","format":"standard","meta":{"footnotes":""},"categories":[1586],"tags":[11,31122,1777,674,1779,1011,27,664,3257,12,33729,25,1778,364],"class_list":{"0":"post-197530","1":"post","2":"type-post","3":"status-publish","4":"format-standard","5":"has-post-thumbnail","7":"category-europe","8":"tag-actualites","9":"tag-conflit-israel-iran","10":"tag-eu","11":"tag-europe","12":"tag-european-union","13":"tag-fr","14":"tag-france","15":"tag-israel","16":"tag-moyen-orient","17":"tag-news","18":"tag-politique-etrangere-de-lue","19":"tag-republique-francaise","20":"tag-ue","21":"tag-union-europeenne"},"share_on_mastodon":{"url":"https:\/\/pubeurope.com\/@fr\/114731349732930413","error":""},"_links":{"self":[{"href":"https:\/\/www.europesays.com\/fr\/wp-json\/wp\/v2\/posts\/197530","targetHints":{"allow":["GET"]}}],"collection":[{"href":"https:\/\/www.europesays.com\/fr\/wp-json\/wp\/v2\/posts"}],"about":[{"href":"https:\/\/www.europesays.com\/fr\/wp-json\/wp\/v2\/types\/post"}],"author":[{"embeddable":true,"href":"https:\/\/www.europesays.com\/fr\/wp-json\/wp\/v2\/users\/2"}],"replies":[{"embeddable":true,"href":"https:\/\/www.europesays.com\/fr\/wp-json\/wp\/v2\/comments?post=197530"}],"version-history":[{"count":0,"href":"https:\/\/www.europesays.com\/fr\/wp-json\/wp\/v2\/posts\/197530\/revisions"}],"wp:featuredmedia":[{"embeddable":true,"href":"https:\/\/www.europesays.com\/fr\/wp-json\/wp\/v2\/media\/197531"}],"wp:attachment":[{"href":"https:\/\/www.europesays.com\/fr\/wp-json\/wp\/v2\/media?parent=197530"}],"wp:term":[{"taxonomy":"category","embeddable":true,"href":"https:\/\/www.europesays.com\/fr\/wp-json\/wp\/v2\/categories?post=197530"},{"taxonomy":"post_tag","embeddable":true,"href":"https:\/\/www.europesays.com\/fr\/wp-json\/wp\/v2\/tags?post=197530"}],"curies":[{"name":"wp","href":"https:\/\/api.w.org\/{rel}","templated":true}]}}