{"id":197542,"date":"2025-06-23T06:57:19","date_gmt":"2025-06-23T06:57:19","guid":{"rendered":"https:\/\/www.europesays.com\/fr\/197542\/"},"modified":"2025-06-23T06:57:19","modified_gmt":"2025-06-23T06:57:19","slug":"nous-irons-jusquau-bout-jure-le-president-de-la-fede-de-basket-apres-la-mise-a-pied-dun-arbitre-pour-harcelement","status":"publish","type":"post","link":"https:\/\/www.europesays.com\/fr\/197542\/","title":{"rendered":"\u00ab Nous irons jusqu\u2019au bout \u00bb, jure le pr\u00e9sident de la f\u00e9d\u00e9 de basket apr\u00e8s la mise \u00e0 pied d\u2019un arbitre pour harc\u00e8lement"},"content":{"rendered":"<p class=\"paragraph text_align_left lp-f-body-02\"><a href=\"https:\/\/www.leparisien.fr\/sports\/basket\/basket-un-arbitre-mis-a-pied-pour-harcelement-sexuel-et-moral-cinq-signalements-recus-15-02-2025-QSC7MHE3XRDU5CLXJURSBKMQJA.php\" target=\"_blank\" rel=\"noopener\">Johann Jeanneau, arbitre formateur<\/a> salari\u00e9 et licenci\u00e9 \u00e0 la f\u00e9d\u00e9ration fran\u00e7aise de<a href=\"https:\/\/www.leparisien.fr\/sports\/basket\/\" target=\"_blank\" rel=\"noopener\"> basket <\/a>(FFBB) a \u00e9t\u00e9 mis \u00e0 pied \u00e0 titre conservatoire. Il est accus\u00e9 de harc\u00e8lement sexuel et moral. Cinq signalements ont \u00e9t\u00e9 transmis depuis la fin du mois de d\u00e9cembre. <\/p>\n<p class=\"paragraph text_align_left lp-f-body-02\">\u00ab En 2016, j\u2019ai \u00e9t\u00e9 victime de comportements \u00e9manant d\u2019un cadre formateur en position d\u2019autorit\u00e9, a racont\u00e9 un jeune homme sur le r\u00e9seau LinkedIn. Des propos inacceptables, des avances explicites et, surtout, un sentiment d\u2019impuissance. \u00bb Il cite notamment plusieurs phrases comme : \u00ab Ils m\u2019ont dit de te payer en nature \u00bb ou \u00ab je te trouve tr\u00e8s gay \u00bb. <\/p>\n<p class=\"paragraph text_align_left lp-f-body-02\">Deux femmes ont aussi \u00e9voqu\u00e9 des \u00ab propos totalement d\u00e9plac\u00e9s et inappropri\u00e9s \u00bb de la part de l\u2019ancien arbitre international qui officie au plus haut niveau national depuis 20 ans.<\/p>\n<p class=\"paragraph text_align_left lp-f-body-02\">Ce dimanche, en marge de la Leaders Cup \u00e0 Caen, Jean-Pierre Hunckler le nouveau patron de la F\u00e9d\u00e9ration fran\u00e7aise, a r\u00e9agi \u00e0 l\u2019affaire. En glissant au passage qu\u2019\u00e0 titre personnel, il aurait voulu que le nom de l\u2019arbitre ne fuite pas dans le cadre de la pr\u00e9somption d\u2019innocence. <\/p>\n<p>\u00ab\u00a0On veut que les potentielles victimes, si elles le souhaitent, puissent faire de nouveaux signalements en toute confiance.\u00a0\u00bb<\/p>\n<p class=\"paragraph text_align_left lp-f-body-02\">\u00ab Il y a eu un signalement via notre propre plateforme en lien avec le minist\u00e8re des Sports, dit Jean-Pierre Hunckler. Un arbitre a post\u00e9 un message en expliquant les choses qu\u2019il avait v\u00e9cues. C\u2019\u00e9tait autour du 20 d\u00e9cembre dernier et cela a provoqu\u00e9 le signalement en question. Nous l\u2019avons transf\u00e9r\u00e9 au minist\u00e8re des Sports. Cela a engag\u00e9 la f\u00e9d\u00e9ration sur une premi\u00e8re enqu\u00eate qui a \u00e9t\u00e9 acc\u00e9l\u00e9r\u00e9e par deux nouveaux signalements qui sont arriv\u00e9s d\u00e9but janvier \u00e0 la suite d\u2019un stage courant d\u00e9cembre \u00e0 Bourges. \u00c0 partir de l\u00e0, le syst\u00e8me traditionnel des choses dans ce type d\u2019affaire s\u2019est d\u00e9clench\u00e9, \u00e0 savoir la recherche de t\u00e9moignages et des confirmations. Une cellule psychologique a \u00e9t\u00e9 mise en place \u00e0 la f\u00e9d\u00e9ration. Nous avons aussi une assurance qui permet d\u2019accompagner les victimes avec des psychologues. C\u2019est notre priorit\u00e9 et c\u2019est la mienne. \u00bb<\/p>\n<p class=\"paragraph text_align_left lp-f-body-02\">Le message f\u00e9d\u00e9ral est clair : impunit\u00e9 z\u00e9ro quand sort ce genre de scandale. \u00ab Je le dis et je veux bien me r\u00e9p\u00e9ter, reprend le successeur de Jean-Pierre Siutat. Je ne tol\u00e8re absolument pas ce genre de chose et je n\u2019ai rien \u00e0 cacher. Nous irons jusqu\u2019au bout de cette affaire et j\u2019ai l\u2019impression que nous allons m\u00eame plus vite que la justice sur ces dossiers. \u00bb<\/p>\n<p class=\"paragraph text_align_left lp-f-body-02\">D\u00e8s le 12 f\u00e9vrier, juste apr\u00e8s la r\u00e9v\u00e9lation de l\u2019affaire, Johann Jeanneau a donc \u00e9t\u00e9 mis \u00e0 pied. \u00ab Il est salari\u00e9 en m\u00eame temps qu\u2019il est licenci\u00e9 de notre f\u00e9d\u00e9ration, reprend son pr\u00e9sident. Samedi, nous avons r\u00e9uni notre bureau f\u00e9d\u00e9ral, et notre service juridique nous a demand\u00e9 de suspendre sa licence, le temps que l\u2019enqu\u00eate suive son cours. Nous continuons \u00e0 mener des investigations pour savoir si d\u2019autres t\u00e9moignages remontent, toujours dans un int\u00e9r\u00eat de clart\u00e9 et de transparence pour prot\u00e9ger les victimes. Ce n\u2019est jamais une situation simple et qui fait plaisir \u00e0 g\u00e9rer mais c\u2019est de notre responsabilit\u00e9 de la traiter comme nous le ferons \u00e0 chaque fois qu\u2019une autre histoire de ce genre existera. On veut que les potentielles victimes, si elles le souhaitent, puissent faire de nouveaux signalements en toute confiance. \u00bb<\/p>\n<p class=\"paragraph text_align_left lp-f-body-02\">Pour le moment, seule une enqu\u00eate a \u00e9t\u00e9 ouverte par la F\u00e9d\u00e9ration, pas de proc\u00e9dures judiciaires. \u00ab Selon les retours des enqu\u00eates, sur la base de fondements confirm\u00e9s par \u00e9crit, on aura la possibilit\u00e9 de passer \u00e0 l\u2019\u00e9tape suivante. Chaque chose en son temps \u00bb, conclut Jean-Pierre Hunckler.<\/p>\n","protected":false},"excerpt":{"rendered":"Johann Jeanneau, arbitre formateur salari\u00e9 et licenci\u00e9 \u00e0 la f\u00e9d\u00e9ration fran\u00e7aise de basket (FFBB) a \u00e9t\u00e9 mis \u00e0&hellip;\n","protected":false},"author":2,"featured_media":197543,"comment_status":"","ping_status":"","sticky":false,"template":"","format":"standard","meta":{"footnotes":""},"categories":[1414],"tags":[917,1465,1464,1011,27,60],"class_list":{"0":"post-197542","1":"post","2":"type-post","3":"status-publish","4":"format-standard","5":"has-post-thumbnail","7":"category-basket","8":"tag-actu-locale","9":"tag-basket","10":"tag-basketball","11":"tag-fr","12":"tag-france","13":"tag-sports"},"share_on_mastodon":{"url":"https:\/\/pubeurope.com\/@fr\/114731381087389999","error":""},"_links":{"self":[{"href":"https:\/\/www.europesays.com\/fr\/wp-json\/wp\/v2\/posts\/197542","targetHints":{"allow":["GET"]}}],"collection":[{"href":"https:\/\/www.europesays.com\/fr\/wp-json\/wp\/v2\/posts"}],"about":[{"href":"https:\/\/www.europesays.com\/fr\/wp-json\/wp\/v2\/types\/post"}],"author":[{"embeddable":true,"href":"https:\/\/www.europesays.com\/fr\/wp-json\/wp\/v2\/users\/2"}],"replies":[{"embeddable":true,"href":"https:\/\/www.europesays.com\/fr\/wp-json\/wp\/v2\/comments?post=197542"}],"version-history":[{"count":0,"href":"https:\/\/www.europesays.com\/fr\/wp-json\/wp\/v2\/posts\/197542\/revisions"}],"wp:featuredmedia":[{"embeddable":true,"href":"https:\/\/www.europesays.com\/fr\/wp-json\/wp\/v2\/media\/197543"}],"wp:attachment":[{"href":"https:\/\/www.europesays.com\/fr\/wp-json\/wp\/v2\/media?parent=197542"}],"wp:term":[{"taxonomy":"category","embeddable":true,"href":"https:\/\/www.europesays.com\/fr\/wp-json\/wp\/v2\/categories?post=197542"},{"taxonomy":"post_tag","embeddable":true,"href":"https:\/\/www.europesays.com\/fr\/wp-json\/wp\/v2\/tags?post=197542"}],"curies":[{"name":"wp","href":"https:\/\/api.w.org\/{rel}","templated":true}]}}