{"id":197548,"date":"2025-06-23T07:00:13","date_gmt":"2025-06-23T07:00:13","guid":{"rendered":"https:\/\/www.europesays.com\/fr\/197548\/"},"modified":"2025-06-23T07:00:13","modified_gmt":"2025-06-23T07:00:13","slug":"cyclisme-encore-une-victoire-pour-le-team-bricquebec-cotentin","status":"publish","type":"post","link":"https:\/\/www.europesays.com\/fr\/197548\/","title":{"rendered":"Cyclisme. Encore une victoire pour le Team Bricquebec Cotentin\u00a0!"},"content":{"rendered":"<p>            Par<br \/>\n        <strong><br \/>\n            <a href=\"https:\/\/actu.fr\/auteur\/b-hue\" title=\"Consulter tous les articles de Baptiste Hue\" rel=\"nofollow noopener\" target=\"_blank\">Baptiste Hue<\/a><br \/>\n        <\/strong><\/p>\n<p>        Publi\u00e9 le<\/p>\n<p>            22 juin 2025 \u00e0 18h37        <\/p>\n<p><b>Et de 11<\/b>\u2009! Sur la lanc\u00e9e d\u2019un d\u00e9but de saison \u00e9tincelant, le <a href=\"https:\/\/actu.fr\/tag\/team-bricquebec-cotentin\" rel=\"nofollow noopener\" target=\"_blank\">Team Bricquebec Cotentin<\/a> a entam\u00e9 l\u2019\u00e9t\u00e9 de la plus belle des mani\u00e8res en remportant <b>ce dimanche 22 juin 2025<\/b> le GP de <a href=\"https:\/\/actu.fr\/hauts-de-france\/chevreville_60148\" rel=\"nofollow noopener\" target=\"_blank\">Ch\u00e8vreville<\/a> (Elite-Open) gr\u00e2ce au Britannique Josh Whitehead, qui apporte \u00e0 la formation de N1 son 11e bouquet de la saison.<\/p>\n<p>Au sprint<\/p>\n<p class=\" wall-content\">D\u00e9j\u00e0 vainqueur le 1er mai \u00e0 Chambois, dans l\u2019Orne, le coureur \u00e2g\u00e9 de<b> 25\u00a0ans<\/b> a devanc\u00e9 <b>au sprint ses deux compagnons d\u2019\u00e9chapp\u00e9e<\/b>, Cyprien Gilles (ES Torigni) et Sohan Herpin (Moyon-Percy VC).<\/p>\n<p>Les classements<\/p>\n<p class=\" wall-content\">1. Josh Whitehead (Team Bricquebec Cotentin) ; 2. Cyprien Gilles (ES Torigni) ; 3. Sohan Herpin (Moyon Percy) ; 4. Arthur Nicolas (Team Bricquebec Cotentin) ; 5. Owen Focouin (Laval) ; 6. Matthew Lord (Team Bricquebec) ; 7. Erwann Fillion (Moyon Percy) ; 8. Victor Drouet (Moyon Percy) ; 9. Alexis Robert (Team Bricquebec) ; 10. Scott Chauvin (Torigni) ; 11. Victorien Gontier-Durand ; 12. Joris Lepoittevin-Dubost (Moyon Percy) ; 13. Toby Chatonnet (Team Bricquebec) ; 14. Gabin Dubosq (VC Bocage Vire) ; 15. Maxence Colombe (Torigni). 55 class\u00e9s.<\/p>\n<p>Les r\u00e9actions<\/p>\n<p class=\" wall-content\"><b>Cyprien Gilles (ES Torigni, 2e) : <\/b>\u00ab\u00a0Je suis sorti \u00e0 un tour et demi de l\u2019arriv\u00e9e dans la bosse. J\u2019ai fait un gros trou tout seul. Ils sont rentr\u00e9s \u00e0 deux dans le faux plat. Le coureur de Bricquebec ne voulait pas rouler. Il a raison car il allait plus vite que moi au sprint. \u00c0 la giclette, j\u2019ai r\u00e9ussi \u00e0 le tenir, mais quand il a fallu baisser les dents, je n\u2019ai pas pu. \u00c7a aurait \u00e9t\u00e9 diff\u00e9rent en mont\u00e9e.\u00a0\u00bb<\/p>\n<p class=\" wall-content\"><b>Sohan Herpin (Moyon Percy, 3e) : <\/b>\u00ab\u00a0Je suis content m\u00eame si je n\u2019ai pas gagn\u00e9. Certes, je n\u2019aurais pas d\u00fb rouler \u00e0 la fin, mais j\u2019ai essay\u00e9 de tenter quelque chose pour \u00e9viter que \u00e7a rentre derri\u00e8re. Je n\u2019ai pas roul\u00e9 le dernier kilom\u00e8tre. Mais, au sprint, je manque de puissance. Je ne suis qu\u2019espoir 1, donc \u00e7a va venir.\u00a0\u00bb\u00a0<\/p>\n<p class=\" wall-content\">Suivez toute l\u2019actualit\u00e9 de vos villes et m\u00e9dias favoris en vous inscrivant \u00e0 <a href=\"https:\/\/moncompte.actu.fr\" title=\"D\u00e9couvez Mon Actu\" rel=\"nofollow noopener\" data-trk=\"{&quot;cta&quot;:{&quot;action&quot;:&quot;https:\\\/\\\/moncompte.actu.fr&quot;,&quot;category&quot;:&quot;mon compte&quot;,&quot;from&quot;:&quot;article footer&quot;,&quot;name&quot;:&quot;Mon actu&quot;,&quot;type&quot;:&quot;cta&quot;}}\" target=\"_blank\">Mon Actu<\/a>.<\/p>\n<ul class=\"ac-article-tag wall-content\">\n<li><a href=\"https:\/\/actu.fr\/tag\/cotentin\" data-trk=\"{&quot;cta&quot;:{&quot;action&quot;:&quot;Cotentin&quot;,&quot;category&quot;:&quot;tag&quot;,&quot;from&quot;:&quot;article footer&quot;,&quot;name&quot;:&quot;Cotentin&quot;,&quot;type&quot;:&quot;cta&quot;}}\" rel=\"nofollow noopener\" target=\"_blank\">#Cotentin<\/a><\/li>\n<li><a href=\"https:\/\/actu.fr\/tag\/team-bricquebec-cotentin\" data-trk=\"{&quot;cta&quot;:{&quot;action&quot;:&quot;Team Bricquebec Cotentin&quot;,&quot;category&quot;:&quot;tag&quot;,&quot;from&quot;:&quot;article footer&quot;,&quot;name&quot;:&quot;Team Bricquebec Cotentin&quot;,&quot;type&quot;:&quot;cta&quot;}}\" rel=\"nofollow noopener\" target=\"_blank\">#Team Bricquebec Cotentin<\/a><\/li>\n<\/ul>\n","protected":false},"excerpt":{"rendered":"Par Baptiste Hue Publi\u00e9 le 22 juin 2025 \u00e0 18h37 Et de 11\u2009! Sur la lanc\u00e9e d\u2019un d\u00e9but&hellip;\n","protected":false},"author":2,"featured_media":197549,"comment_status":"","ping_status":"","sticky":false,"template":"","format":"standard","meta":{"footnotes":""},"categories":[1411],"tags":[3168,1154,207,1011,27,60,31633],"class_list":{"0":"post-197548","1":"post","2":"type-post","3":"status-publish","4":"format-standard","5":"has-post-thumbnail","7":"category-cyclisme","8":"tag-cotentin","9":"tag-cycling","10":"tag-cyclisme","11":"tag-fr","12":"tag-france","13":"tag-sports","14":"tag-team-bricquebec-cotentin"},"share_on_mastodon":{"url":"https:\/\/pubeurope.com\/@fr\/114731392931925325","error":""},"_links":{"self":[{"href":"https:\/\/www.europesays.com\/fr\/wp-json\/wp\/v2\/posts\/197548","targetHints":{"allow":["GET"]}}],"collection":[{"href":"https:\/\/www.europesays.com\/fr\/wp-json\/wp\/v2\/posts"}],"about":[{"href":"https:\/\/www.europesays.com\/fr\/wp-json\/wp\/v2\/types\/post"}],"author":[{"embeddable":true,"href":"https:\/\/www.europesays.com\/fr\/wp-json\/wp\/v2\/users\/2"}],"replies":[{"embeddable":true,"href":"https:\/\/www.europesays.com\/fr\/wp-json\/wp\/v2\/comments?post=197548"}],"version-history":[{"count":0,"href":"https:\/\/www.europesays.com\/fr\/wp-json\/wp\/v2\/posts\/197548\/revisions"}],"wp:featuredmedia":[{"embeddable":true,"href":"https:\/\/www.europesays.com\/fr\/wp-json\/wp\/v2\/media\/197549"}],"wp:attachment":[{"href":"https:\/\/www.europesays.com\/fr\/wp-json\/wp\/v2\/media?parent=197548"}],"wp:term":[{"taxonomy":"category","embeddable":true,"href":"https:\/\/www.europesays.com\/fr\/wp-json\/wp\/v2\/categories?post=197548"},{"taxonomy":"post_tag","embeddable":true,"href":"https:\/\/www.europesays.com\/fr\/wp-json\/wp\/v2\/tags?post=197548"}],"curies":[{"name":"wp","href":"https:\/\/api.w.org\/{rel}","templated":true}]}}