{"id":197552,"date":"2025-06-23T07:02:12","date_gmt":"2025-06-23T07:02:12","guid":{"rendered":"https:\/\/www.europesays.com\/fr\/197552\/"},"modified":"2025-06-23T07:02:12","modified_gmt":"2025-06-23T07:02:12","slug":"baptiste-lecaplain-fait-de-rares-confidences-sur-sa-femme-et-devoile-un-choix-pris-pour-lune-de-leurs-filles","status":"publish","type":"post","link":"https:\/\/www.europesays.com\/fr\/197552\/","title":{"rendered":"Baptiste Lecaplain fait de rares confidences sur sa femme et d\u00e9voile un choix pris pour l&rsquo;une de leurs filles"},"content":{"rendered":"<p>Sur le plateau de C l&rsquo;hebdo le samedi 21 juin, Baptiste Lecaplain a fait de rares confidences sur sa vie personnelle, notamment sur sa compagne et sur ce qui les a pouss\u00e9s \u00e0 donner un nom peu commun \u00e0 l&rsquo;une de leurs filles.<\/p>\n<p>Baptiste Lecaplain encha\u00eene les projets au cin\u00e9ma. Quelques mois apr\u00e8s la com\u00e9die Natacha (presque) h\u00f4tesse de l&rsquo;air, adapt\u00e9e d&rsquo;une s\u00e9rie de bande dessin\u00e9e, l&rsquo;humoriste revient sur le devant de la sc\u00e8ne avec une romance intitul\u00e9e Avignon. <a href=\"https:\/\/www.programme-tv.net\/news\/cinema\/369370-festival-de-l-alpe-d-huez-2025-plongee-geniale-dans-le-monde-du-theatre-avec-avignon-porte-par-baptiste-lecaplain-et-alison-wheeler\/\" data-api-deeplink=\"teleloisirs:\/\/news\/369370\" target=\"_blank\" rel=\"noopener\">Celui qui partage l&rsquo;\u00e9cran avec Alison Wheeler <\/a>et Lyes Salem incarne St\u00e9phane, un com\u00e9dien en perte de vitesse, qui d\u00e9cide de pr\u00e9senter une pi\u00e8ce de boulevard au c\u00e9l\u00e8bre Festival d&rsquo;Avignon. Sur place, il retrouve une com\u00e9dienne de renom et profite d&rsquo;un quiproquo pour se rapprocher d&rsquo;elle. Mais St\u00e9phane s&rsquo;enfonce peu \u00e0 peu dans son mensonge et ne sait plus trop comment s&rsquo;en sortir.<\/p>\n<p><b>Baptiste Lecaplain invit\u00e9 de <\/b><b>C l&rsquo;hebdo<\/b><b> : ses rares confidences \u00e0 propos de sa femme <\/b><\/p>\n<p>Tout comme <a href=\"https:\/\/www.programme-tv.net\/news\/tv\/381660-un-choix-dego-maitena-biraben-surprise-du-changement-d-avis-de-lea-salame-bientot-aux-commandes-du-jt-de-20h-de-france-2-video\/\" data-api-deeplink=\"teleloisirs:\/\/news\/381660\" target=\"_blank\" rel=\"noopener\">Ma\u00eftena Biraben<\/a> et <a href=\"https:\/\/www.programme-tv.net\/news\/people\/381659-je-me-battais-tout-le-temps-noemie-lenoir-livre-un-temoignage-poignant-sur-son-addiction-a-l-alcool\/\" data-api-deeplink=\"teleloisirs:\/\/news\/381659\" target=\"_blank\" rel=\"noopener\">No\u00e9mie Lenoir<\/a>, Baptiste Lecaplain figurait parmi les invit\u00e9s de C l&rsquo;hebdo le samedi 21 juin. Venu faire la promotion de son nouveau film, le com\u00e9dien s&rsquo;est bri\u00e8vement exprim\u00e9 sur son \u00e9pouse, notamment sur son amour pour Victor Hugo. Apr\u00e8s avoir mentionn\u00e9 la pi\u00e8ce Ruy Blas du romancier fran\u00e7ais,<b> il a r\u00e9v\u00e9l\u00e9 s&rsquo;\u00eatre senti<\/b><b> \u00ab\u00a0un peu fier parce que Madame est une grande fan de Victor Hugo et l&rsquo;une de mes filles porte le pr\u00e9nom d&rsquo;un des personnages des <\/b><a href=\"https:\/\/www.programme-tv.net\/news\/cinema\/354004-les-miserables-le-film-de-claude-lelouch-a-t-il-un-rapport-avec-le-livre-de-victor-hugo\/\" data-api-deeplink=\"teleloisirs:\/\/news\/354004\" target=\"_blank\" rel=\"noopener\"><b>Mis\u00e9rables<\/b><\/a>\u00ab\u00a0. \u00ab\u00a0Donc, j&rsquo;ai marqu\u00e9 un peu de points avec Madame\u00a0\u00bb, a ajout\u00e9 celui qui n&rsquo;a jamais r\u00e9v\u00e9l\u00e9 l&rsquo;identit\u00e9 de celle qui partage sa vie.<\/p>\n<p>                        <b>Baptiste Lecaplain avoue avoir \u00e9t\u00e9 infid\u00e8le pendant quelques mois<\/b><\/p>\n<p>Baptiste Lecaplain a toujours tenu \u00e0 prot\u00e9ger sa vie priv\u00e9e. Mais<a href=\"https:\/\/www.programme-tv.net\/news\/people\/363769-exclu-ils-disent-que-jai-parle-de-mon-alcoolisme-pour-relancer-ma-carriere-jeremy-ferrari-evoque-sa-complicite-avec-ses-acolytes-des-duos-impossibles-baptiste-lecaplain-et-arnaud-tsamere\/\" data-api-deeplink=\"teleloisirs:\/\/news\/363769\" target=\"_blank\" rel=\"noopener\"> le comp\u00e8re de J\u00e9r\u00e9my Ferrari<\/a> a fait une exception lors de son passage dans Un dimanche \u00e0 la campagne. Face \u00e0 <a href=\"https:\/\/www.programme-tv.net\/biographie\/4050-lopez-frederic\/\" data-link-people=\"53a74eae-68d2-4fa9-8e7a-b712077db938\" target=\"_blank\" rel=\"noopener\">Fr\u00e9d\u00e9ric Lopez<\/a>, <a href=\"https:\/\/www.programme-tv.net\/news\/tv\/366029-j-ai-eu-une-maitresse-baptiste-lecaplain-raconte-avoir-trompe-sa-femme-pendant-plusieurs-mois-dans-un-dimanche-a-la-campagne\/\" data-api-deeplink=\"teleloisirs:\/\/news\/366029\" target=\"_blank\" rel=\"noopener\">il a racont\u00e9 avoir tromp\u00e9 sa compagne pendant plusieurs mois<\/a> avant que celle-ci ne d\u00e9couvre les agissements de son \u00e9poux. \u00ab\u00a0Je n&rsquo;avais connu personne d&rsquo;autre \u00e0 part ma compagne \u00e0 l&rsquo;\u00e9poque, donc je savais qu&rsquo;\u00e0 un moment donn\u00e9&#8230; Elle me l&rsquo;a dit : &lsquo;J&rsquo;imagine que \u00e7a va titiller \u00e0 un endroit&rsquo;. Et je rencontre quelqu&rsquo;un effectivement et j&rsquo;ai une double vie pendant trois mois\u00a0\u00bb, a-t-il racont\u00e9, avant de se rem\u00e9morer la mani\u00e8re dont il avait rompu avec sa ma\u00eetresse. Heureusement pour le com\u00e9dien, tout s&rsquo;est bien termin\u00e9 puisqu&rsquo;il vit toujours le parfait amour avec la m\u00e8re de ses deux filles.<\/p>\n<p>Article \u00e9crit en collaboration avec 6M\u00e9dias<\/p>\n","protected":false},"excerpt":{"rendered":"Sur le plateau de C l&rsquo;hebdo le samedi 21 juin, Baptiste Lecaplain a fait de rares confidences sur&hellip;\n","protected":false},"author":2,"featured_media":197553,"comment_status":"","ping_status":"","sticky":false,"template":"","format":"standard","meta":{"footnotes":""},"categories":[1359],"tags":[18311,20291,244,9260,33730,58,59,1011,27,973,1630],"class_list":{"0":"post-197552","1":"post","2":"type-post","3":"status-publish","4":"format-standard","5":"has-post-thumbnail","7":"category-people","8":"tag-baptiste-lecaplain","9":"tag-c-lhebdo","10":"tag-commentaire","11":"tag-confidences","12":"tag-couple-cu00e9lu00e8bre","13":"tag-divertissement","14":"tag-entertainment","15":"tag-fr","16":"tag-france","17":"tag-people","18":"tag-zapping"},"share_on_mastodon":{"url":"https:\/\/pubeurope.com\/@fr\/114731400788153223","error":""},"_links":{"self":[{"href":"https:\/\/www.europesays.com\/fr\/wp-json\/wp\/v2\/posts\/197552","targetHints":{"allow":["GET"]}}],"collection":[{"href":"https:\/\/www.europesays.com\/fr\/wp-json\/wp\/v2\/posts"}],"about":[{"href":"https:\/\/www.europesays.com\/fr\/wp-json\/wp\/v2\/types\/post"}],"author":[{"embeddable":true,"href":"https:\/\/www.europesays.com\/fr\/wp-json\/wp\/v2\/users\/2"}],"replies":[{"embeddable":true,"href":"https:\/\/www.europesays.com\/fr\/wp-json\/wp\/v2\/comments?post=197552"}],"version-history":[{"count":0,"href":"https:\/\/www.europesays.com\/fr\/wp-json\/wp\/v2\/posts\/197552\/revisions"}],"wp:featuredmedia":[{"embeddable":true,"href":"https:\/\/www.europesays.com\/fr\/wp-json\/wp\/v2\/media\/197553"}],"wp:attachment":[{"href":"https:\/\/www.europesays.com\/fr\/wp-json\/wp\/v2\/media?parent=197552"}],"wp:term":[{"taxonomy":"category","embeddable":true,"href":"https:\/\/www.europesays.com\/fr\/wp-json\/wp\/v2\/categories?post=197552"},{"taxonomy":"post_tag","embeddable":true,"href":"https:\/\/www.europesays.com\/fr\/wp-json\/wp\/v2\/tags?post=197552"}],"curies":[{"name":"wp","href":"https:\/\/api.w.org\/{rel}","templated":true}]}}