{"id":197565,"date":"2025-06-23T07:12:09","date_gmt":"2025-06-23T07:12:09","guid":{"rendered":"https:\/\/www.europesays.com\/fr\/197565\/"},"modified":"2025-06-23T07:12:09","modified_gmt":"2025-06-23T07:12:09","slug":"quand-les-satellites-menacent-la-nuit-les-scientifiques-sortent-le-vantablack-le-materiau-le-plus-noir-du-monde-va-t-il-sauver-lastronomie","status":"publish","type":"post","link":"https:\/\/www.europesays.com\/fr\/197565\/","title":{"rendered":"Quand les satellites menacent la nuit, les scientifiques sortent le Vantablack&#8230; Le mat\u00e9riau le plus noir du monde va-t-il sauver l\u2019astronomie ?"},"content":{"rendered":"<p data-start=\"277\" data-end=\"720\"><strong>Il fut un temps, pas si<br \/>\nlointain, o\u00f9 lever les yeux vers le ciel suffisait pour admirer un<br \/>\noc\u00e9an d\u2019\u00e9toiles. Aujourd\u2019hui, cette simple contemplation est<br \/>\ndevenue un luxe. En cause : la multiplication des <a href=\"https:\/\/sciencepost.fr\/ils-veulent-lancer-des-satellites-avec-un-canon-geant-et-ca-pourrait-tout-changer\/\" target=\"_blank\" rel=\"noopener nofollow\">satellites<\/a> en orbite terrestre,<br \/>\net la lumi\u00e8re qu\u2019ils renvoient depuis l\u2019espace. Face \u00e0 cette<br \/>\nnouvelle forme de pollution lumineuse, une \u00e9quipe de chercheurs<br \/>\nmise sur une arme inattendue\u2026 le Vantablack.<\/strong><\/p>\n<p>Une explosion silencieuse<br \/>\nau-dessus de nos t\u00eates<\/p>\n<p data-start=\"776\" data-end=\"1239\">Depuis une dizaine d\u2019ann\u00e9es, la<br \/>\nconqu\u00eate de l\u2019espace ne se joue plus seulement dans les grandes<br \/>\nagences spatiales, mais dans le secteur priv\u00e9, avec des projets<br \/>\ncomme Starlink, la constellation de satellites d\u00e9ploy\u00e9e par SpaceX.<br \/>\nR\u00e9sultat : plus de 8 000 satellites gravitent aujourd\u2019hui en orbite<br \/>\nbasse (LEO), sur un total de plus de 13 000 objets recens\u00e9s autour<br \/>\nde notre plan\u00e8te. Et ce n\u2019est qu\u2019un d\u00e9but : d\u2019ici 2030, leur nombre<br \/>\npourrait quadrupler.<\/p>\n<p data-start=\"1241\" data-end=\"1600\">Mais cette expansion<br \/>\ntechnologique a un co\u00fbt invisible \u00e0 l\u2019\u0153il nu, sauf\u2026 la nuit. Les<br \/>\nsatellites, en r\u00e9fl\u00e9chissant la lumi\u00e8re du Soleil, augmentent la<br \/>\nluminosit\u00e9 globale du ciel, y compris dans des zones jusqu\u2019ici<br \/>\npr\u00e9serv\u00e9es. Certaines r\u00e9gions de la Terre subissent aujourd\u2019hui<br \/>\npour la premi\u00e8re fois une forme de pollution lumineuse venue de<br \/>\nl\u2019espace.<\/p>\n<p>L\u2019astronomie menac\u00e9e, et pas<br \/>\nseulement<\/p>\n<p data-start=\"1646\" data-end=\"2115\">Pour les astronomes, c\u2019est un<br \/>\nd\u00e9sastre en cours. Les t\u00e9lescopes les plus sensibles sont d\u00e9j\u00e0<br \/>\nperturb\u00e9s par les passages fr\u00e9quents de satellites brillants, dont<br \/>\nles tra\u00een\u00e9es lumineuses g\u00e2chent les images. Selon des \u00e9tudes<br \/>\nr\u00e9centes, les m\u00e9gaconstellations comme Starlink pourraient \u00e9lever<br \/>\nla luminosit\u00e9 du ciel de 1 % dans certaines zones. Un chiffre qui<br \/>\npeut sembler d\u00e9risoire, mais qui repr\u00e9sente une v\u00e9ritable barri\u00e8re<br \/>\npour l\u2019observation de l\u2019Univers lointain.<\/p>\n<p data-start=\"2117\" data-end=\"2357\">Cette modification du ciel<br \/>\nnocturne est \u00e9galement un enjeu environnemental. De nombreuses<br \/>\nesp\u00e8ces animales d\u00e9pendent de l\u2019obscurit\u00e9 pour s\u2019orienter, chasser<br \/>\nou se reproduire. Alt\u00e9rer la nuit, c\u2019est aussi alt\u00e9rer des<br \/>\n\u00e9cosyst\u00e8mes entiers.<\/p>\n<p>Une peinture ultra-noire<br \/>\ncomme bouclier<\/p>\n<p data-start=\"2404\" data-end=\"2673\">Face \u00e0 cette situation, une<br \/>\n<a href=\"https:\/\/www.surrey.ac.uk\/news\/surrey-nanosystems-and-university-surrey-partner-combat-satellite-reflectivity-and-protect-astronomy\" target=\"_blank\" rel=\"noopener nofollow\">id\u00e9e simple<\/a> mais audacieuse a<br \/>\n\u00e9merg\u00e9 : rendre les satellites plus discrets, en les peignant avec<br \/>\nun mat\u00e9riau ultra-noir. Le but ? R\u00e9duire drastiquement leur<br \/>\ncapacit\u00e9 \u00e0 r\u00e9fl\u00e9chir la lumi\u00e8re, pour limiter leur visibilit\u00e9<br \/>\ndepuis le sol.<\/p>\n<p data-start=\"2675\" data-end=\"3005\">Le mat\u00e9riau en question est le<br \/>\nVantablack, une substance r\u00e9volutionnaire capable d\u2019absorber<br \/>\njusqu\u2019\u00e0 99,965 % de la lumi\u00e8re visible. Cr\u00e9\u00e9 en 2014 par la soci\u00e9t\u00e9<br \/>\nbritannique Surrey NanoSystems, il est constitu\u00e9 de minuscules<br \/>\nnanotubes de carbone align\u00e9s verticalement. La lumi\u00e8re s\u2019y retrouve<br \/>\npi\u00e9g\u00e9e, incapable de ressortir.<\/p>\n<p data-start=\"3007\" data-end=\"3165\">Utilis\u00e9 jusque-l\u00e0 dans des<br \/>\ndomaines comme l\u2019art, l\u2019optique ou la technologie militaire, le<br \/>\nVantablack s\u2019appr\u00eate maintenant \u00e0 prendre la direction de<br \/>\nl\u2019espace.<\/p>\n<p><img loading=\"lazy\" data-lazyloaded=\"1\" decoding=\"async\" class=\"size-full wp-image-311675\" src=\"https:\/\/www.europesays.com\/fr\/wp-content\/uploads\/2025\/06\/vantablack-2-l.webp.webp\" alt=\"Ventablack\" width=\"1200\" height=\"900\"  data-\/><br \/>\nPeindre un objet avec Vantablack lui permet d\u2019absorber presque<br \/>\ntoute la lumi\u00e8re qui l\u2019atteint. C\u2019est comme regarder dans le vide.<br \/>\nCr\u00e9dit image : Surrey NanoSystemsUn mini-satellite comme<br \/>\ncobaye<\/p>\n<p data-start=\"3203\" data-end=\"3676\">L\u2019Universit\u00e9 de Surrey a<br \/>\nannonc\u00e9 une collaboration avec Surrey NanoSystems dans le cadre du<br \/>\nprogramme JUPITER (Joint University Program for Training,<br \/>\nEducation, and Research in Orbit). L\u2019an prochain, ils lanceront<br \/>\nJovian 1, un petit satellite de type CubeSat, de la taille d\u2019une<br \/>\nbo\u00eete \u00e0 chaussures. Sa particularit\u00e9 : l\u2019une de ses faces sera<br \/>\nrecouverte de Vantablack 310, une version un peu moins extr\u00eame (98<br \/>\n% d\u2019absorption), mais adapt\u00e9e aux contraintes spatiales.<\/p>\n<p data-start=\"3678\" data-end=\"3880\">Ce vol-test permettra de<br \/>\nmesurer, en conditions r\u00e9elles, l\u2019efficacit\u00e9 de la peinture pour<br \/>\natt\u00e9nuer la brillance du satellite. Une premi\u00e8re \u00e9tape vers une<br \/>\npotentielle g\u00e9n\u00e9ralisation \u00e0 grande \u00e9chelle.<\/p>\n<p>Un ciel sombre \u00e0 sauver<\/p>\n<p data-start=\"3911\" data-end=\"4269\">Pour les scientifiques<br \/>\nderri\u00e8re le projet, ce n\u2019est pas qu\u2019une exp\u00e9rience technique :<br \/>\nc\u2019est une course contre la montre. \u00ab Les m\u00e9gaconstellations de<br \/>\nsatellites pourraient transformer radicalement notre ciel<br \/>\nnocturne \u00bb, alerte Astha Chaturvedi, doctorante \u00e0 l\u2019Universit\u00e9<br \/>\nde Surrey. \u00ab Nous devons explorer toutes les pistes pour<br \/>\nminimiser leur impact visuel. \u00bb<\/p>\n<p data-start=\"4271\" data-end=\"4607\">L\u2019Union astronomique<br \/>\ninternationale a d\u2019ailleurs adopt\u00e9 une r\u00e9solution en 2023 pour<br \/>\nprot\u00e9ger le ciel nocturne, class\u00e9 d\u00e9sormais comme patrimoine<br \/>\nscientifique et culturel mondial. Et cette d\u00e9marche scientifique ne<br \/>\nvise pas \u00e0 freiner le progr\u00e8s, mais \u00e0 le rendre compatible avec la<br \/>\npr\u00e9servation de notre environnement c\u00e9leste.<\/p>\n<p>Le noir, nouvelle couleur de<br \/>\nl\u2019espace ?<\/p>\n<p data-start=\"4654\" data-end=\"4945\">Peut-on r\u00eaver d\u2019un avenir o\u00f9<br \/>\ntous les satellites seront habill\u00e9s de noir, furtifs et respectueux<br \/>\ndu ciel \u00e9toil\u00e9 ? C\u2019est l\u2019objectif de ces travaux. Et si le test de<br \/>\nJovian 1 s\u2019av\u00e8re concluant, il pourrait bien devenir le prototype<br \/>\nd\u2019une nouvelle g\u00e9n\u00e9ration de satellites responsables.<\/p>\n<p data-start=\"4947\" data-end=\"5159\">Le paradoxe est fascinant :<br \/>\npour pr\u00e9server notre capacit\u00e9 \u00e0 voir les \u00e9toiles, il faudra<br \/>\npeut-\u00eatre obscurcir l\u2019espace lui-m\u00eame. Une ironie cosmique, mais<br \/>\npeut-\u00eatre aussi la plus lumineuse des id\u00e9es noires.<\/p>\n","protected":false},"excerpt":{"rendered":"Il fut un temps, pas si lointain, o\u00f9 lever les yeux vers le ciel suffisait pour admirer un&hellip;\n","protected":false},"author":2,"featured_media":197566,"comment_status":"","ping_status":"","sticky":false,"template":"","format":"standard","meta":{"footnotes":""},"categories":[7],"tags":[1011,27,43,40,41,39,42,44],"class_list":{"0":"post-197565","1":"post","2":"type-post","3":"status-publish","4":"format-standard","5":"has-post-thumbnail","7":"category-sciences-et-technologies","8":"tag-fr","9":"tag-france","10":"tag-science","11":"tag-science-and-technology","12":"tag-sciences","13":"tag-sciences-et-technologies","14":"tag-technologies","15":"tag-technology"},"share_on_mastodon":{"url":"https:\/\/pubeurope.com\/@fr\/114731440172403847","error":""},"_links":{"self":[{"href":"https:\/\/www.europesays.com\/fr\/wp-json\/wp\/v2\/posts\/197565","targetHints":{"allow":["GET"]}}],"collection":[{"href":"https:\/\/www.europesays.com\/fr\/wp-json\/wp\/v2\/posts"}],"about":[{"href":"https:\/\/www.europesays.com\/fr\/wp-json\/wp\/v2\/types\/post"}],"author":[{"embeddable":true,"href":"https:\/\/www.europesays.com\/fr\/wp-json\/wp\/v2\/users\/2"}],"replies":[{"embeddable":true,"href":"https:\/\/www.europesays.com\/fr\/wp-json\/wp\/v2\/comments?post=197565"}],"version-history":[{"count":0,"href":"https:\/\/www.europesays.com\/fr\/wp-json\/wp\/v2\/posts\/197565\/revisions"}],"wp:featuredmedia":[{"embeddable":true,"href":"https:\/\/www.europesays.com\/fr\/wp-json\/wp\/v2\/media\/197566"}],"wp:attachment":[{"href":"https:\/\/www.europesays.com\/fr\/wp-json\/wp\/v2\/media?parent=197565"}],"wp:term":[{"taxonomy":"category","embeddable":true,"href":"https:\/\/www.europesays.com\/fr\/wp-json\/wp\/v2\/categories?post=197565"},{"taxonomy":"post_tag","embeddable":true,"href":"https:\/\/www.europesays.com\/fr\/wp-json\/wp\/v2\/tags?post=197565"}],"curies":[{"name":"wp","href":"https:\/\/api.w.org\/{rel}","templated":true}]}}