{"id":197575,"date":"2025-06-23T07:19:09","date_gmt":"2025-06-23T07:19:09","guid":{"rendered":"https:\/\/www.europesays.com\/fr\/197575\/"},"modified":"2025-06-23T07:19:09","modified_gmt":"2025-06-23T07:19:09","slug":"saint-etienne-mulhouse-meaux-face-a-limpuissance-de-letat-ces-communes-qui-investissent-dans-leur-securite","status":"publish","type":"post","link":"https:\/\/www.europesays.com\/fr\/197575\/","title":{"rendered":"Saint-\u00c9tienne, Mulhouse, Meaux&#8230; Face \u00e0 l\u2019impuissance de l\u2019\u00c9tat, ces communes qui investissent dans leur s\u00e9curit\u00e9"},"content":{"rendered":"<p><strong>EXCLUSIF<\/strong> &#8211; Devant les difficult\u00e9s de l\u2019\u00c9tat \u00e0 r\u00e9pondre aux enjeux de s\u00e9curit\u00e9, de nombreuses communes prennent le relais. Le Figaro a pass\u00e9 au crible les budgets d\u2019une centaine de villes pour dresser un \u00e9tat des lieux des investissements locaux en la mati\u00e8re.<\/p>\n<p class=\"fig-paragraph\">Irr\u00e9ductibles Bretons\u00a0? Avec Cr\u00e9teil, Brest demeure la derni\u00e8re grande ville \u00e0 ne pas disposer de sa police municipale. Le sujet divise jusque dans la majorit\u00e9 socialiste. Les prises de parole du maire Fran\u00e7ois Cuillandre sur la s\u00e9curit\u00e9, souvent relay\u00e9es par la presse r\u00e9gionale, sont devenues r\u00e9currentes. Il assume de ne pas vouloir \u00ab participer au concours L\u00e9pine des polices municipales\u00a0\u00bb. Il n\u2019en reste pas moins inventif sur le sujet, avec la mise en place d\u2019une \u00ab brigade de tranquillit\u00e9 urbaine\u00a0\u00bb d\u2019une vingtaine d\u2019agents, succ\u00e9dan\u00e9 \u00e0 une v\u00e9ritable police municipale. L\u2019\u00e9dile a justifi\u00e9 cette strat\u00e9gie par le co\u00fbt qu\u2019impliquerait une telle force, qu\u2019il \u00e9value entre 6 et 8 millions d\u2019euros pour une centaine d\u2019agents.<\/p>\n<p>Sentiment d\u2019abandon<\/p>\n<p class=\"fig-paragraph\">S\u2019il rechigne \u00e0 investir dans la s\u00e9curit\u00e9, estimant qu\u2019il n\u2019appartient pas aux Brestois de financer ce qui rel\u00e8ve des responsabilit\u00e9s de l\u2019\u00c9tat, d\u2019autres maires choisissent malgr\u00e9 tout de compenser\u00a0<a href=\"http:\/\/www.lefigaro.fr\/actualite-france\/en-echec-face-aux-casseurs-l-etat-doit-faire-son-aggiornamento-20250602\" data-fig-type=\"Article\" data-gtm-custom-categorie=\"navigation\" data-gtm-custom-action=\"crossclick\" data-gtm-custom-label=\"Contextuel\" data-gtm-event=\"customEventSPE\" data-fig-domain=\"LEFIGARO\" target=\"_blank\" rel=\"noopener\">les carences de l\u2019\u00c9tat<\/a>\u00a0dans ce domaine. Dernier exemple en date, Issy-les-Moulineaux a annonc\u00e9 fin d\u00e9cembre 2024 la cr\u00e9ation de sa police municipale, pour compl\u00e9ter un dispositif s\u00e9curitaire qui inclue d\u00e9j\u00e0 de la vid\u00e9oprotection.<\/p>\n<p class=\"fig-paragraph\">Un mouvement global chez les d\u00e9cideurs locaux, qui r\u00e9pond \u00e0 une demande forte des habitants\u00a0: les effectifs communaux comme les budgets allou\u00e9s \u00e0 la s\u00e9curit\u00e9 ne cessent de cro\u00eetre. Selon l\u2019Observatoire des finances et de la gestion publique locales (OFGL), les seules polices municipales ont co\u00fbt\u00e9 2,2 milliards d\u2019euros en 2023. Et ce n\u2019est l\u00e0 qu\u2019un volet d\u2019un poste de d\u00e9pense en nette hausse depuis plusieurs ann\u00e9es. Pour en mesurer l\u2019ampleur, Le Figaro a \u00e9pluch\u00e9 les balances comptables communales. Une analyse qui r\u00e9v\u00e8le des \u00e9carts significatifs entre communes, mais aussi la place centrale qu\u2019occupe d\u00e9sormais la s\u00e9curit\u00e9 dans les politiques locales.<\/p>\n<p class=\"fig-premium-paywall__infos\">\n        Cet article est r\u00e9serv\u00e9 aux abonn\u00e9s.        Il vous reste 73% \u00e0 d\u00e9couvrir.\n    <\/p>\n<p>                <img  data- alt=\"Le Figaro\" class=\"fig-img--complete fig-img\"\/><\/p>\n<p class=\"fig-premium-paywall__title\">Vente Flash<\/p>\n<p class=\"fig-premium-paywall__subtitle\">3,99\u20ac par mois pendant 12 mois. Sans engagement.<\/p>\n<p class=\"fig-premium-paywall__connect\">\n                D\u00e9j\u00e0 abonn\u00e9\u00a0?                <a class=\"fig-premium-paywall__connect-link\" href=\"https:\/\/connect.lefigaro.fr\/login?client=horizon_web&amp;type=main&amp;redirect_uri=https%3A%2F%2Fwww.lefigaro.fr%2Factualite-france%2Fsaint-etienne-mulhouse-meaux-face-a-l-impuissance-de-l-etat-ces-communes-qui-investissent-dans-leur-securite-20250623\" data-js-gtm=\"{&quot;customCategorie&quot;: &quot;conversion&quot;, &quot;customAction&quot;: &quot;before_Landing_Connexion_paywall_manuel&quot;, &quot;customLabel&quot;: &quot;bGVmaWdhcm8uZnJfXzFmMDQ1ZGNlLWI5ODEtNjQzYS1hMGY1LWQ1ZGI3M2Y2MTg5OV9fQXJ0aWNsZQ==_Saint-\u00c9tienne, Mulhouse, Meaux... Face \u00e0 l\u2019impuissance de l\u2019\u00c9tat, ces communes qui investissent dans leur s\u00e9curit\u00e9_669&quot;, &quot;customIDSPE&quot;: &quot;bGVmaWdhcm8uZnJfXzFmMDQ1ZGNlLWI5ODEtNjQzYS1hMGY1LWQ1ZGI3M2Y2MTg5OV9fQXJ0aWNsZQ==&quot;, &quot;event&quot;: &quot;customEventSPE&quot;}\" target=\"_blank\" rel=\"noopener\"><br \/>\n                    Connectez-vous<br \/>\n                <\/a>\n            <\/p>\n","protected":false},"excerpt":{"rendered":"EXCLUSIF &#8211; Devant les difficult\u00e9s de l\u2019\u00c9tat \u00e0 r\u00e9pondre aux enjeux de s\u00e9curit\u00e9, de nombreuses communes prennent le&hellip;\n","protected":false},"author":2,"featured_media":197576,"comment_status":"","ping_status":"","sticky":false,"template":"","format":"standard","meta":{"footnotes":""},"categories":[9653],"tags":[1111,47,1058,1054,1059,1060,1055,11,2430,2950,1057,1777,674,118,1011,27,1061,303,12,1062,2872,25,4001,656,104,1056,809],"class_list":{"0":"post-197575","1":"post","2":"type-post","3":"status-publish","4":"format-standard","5":"has-post-thumbnail","7":"category-saint-etienne","8":"tag-actu","9":"tag-actualite","10":"tag-actualite-education","11":"tag-actualite-france","12":"tag-actualite-justice","13":"tag-actualite-securite","14":"tag-actualite-societe","15":"tag-actualites","16":"tag-auvergne-rhone-alpes","17":"tag-delinquance","18":"tag-education","19":"tag-eu","20":"tag-europe","21":"tag-faits-divers","22":"tag-fr","23":"tag-france","24":"tag-immigration","25":"tag-justice","26":"tag-news","27":"tag-polemique","28":"tag-police-municipale","29":"tag-republique-francaise","30":"tag-saint-etienne","31":"tag-securite","32":"tag-societe","33":"tag-societe-francaise","34":"tag-violence"},"share_on_mastodon":{"url":"https:\/\/pubeurope.com\/@fr\/114731467655803279","error":""},"_links":{"self":[{"href":"https:\/\/www.europesays.com\/fr\/wp-json\/wp\/v2\/posts\/197575","targetHints":{"allow":["GET"]}}],"collection":[{"href":"https:\/\/www.europesays.com\/fr\/wp-json\/wp\/v2\/posts"}],"about":[{"href":"https:\/\/www.europesays.com\/fr\/wp-json\/wp\/v2\/types\/post"}],"author":[{"embeddable":true,"href":"https:\/\/www.europesays.com\/fr\/wp-json\/wp\/v2\/users\/2"}],"replies":[{"embeddable":true,"href":"https:\/\/www.europesays.com\/fr\/wp-json\/wp\/v2\/comments?post=197575"}],"version-history":[{"count":0,"href":"https:\/\/www.europesays.com\/fr\/wp-json\/wp\/v2\/posts\/197575\/revisions"}],"wp:featuredmedia":[{"embeddable":true,"href":"https:\/\/www.europesays.com\/fr\/wp-json\/wp\/v2\/media\/197576"}],"wp:attachment":[{"href":"https:\/\/www.europesays.com\/fr\/wp-json\/wp\/v2\/media?parent=197575"}],"wp:term":[{"taxonomy":"category","embeddable":true,"href":"https:\/\/www.europesays.com\/fr\/wp-json\/wp\/v2\/categories?post=197575"},{"taxonomy":"post_tag","embeddable":true,"href":"https:\/\/www.europesays.com\/fr\/wp-json\/wp\/v2\/tags?post=197575"}],"curies":[{"name":"wp","href":"https:\/\/api.w.org\/{rel}","templated":true}]}}