{"id":197577,"date":"2025-06-23T07:20:10","date_gmt":"2025-06-23T07:20:10","guid":{"rendered":"https:\/\/www.europesays.com\/fr\/197577\/"},"modified":"2025-06-23T07:20:10","modified_gmt":"2025-06-23T07:20:10","slug":"la-fromagerie-des-freres-marchand-va-demenager-dans-un-nouveau-local-en-vieille-ville","status":"publish","type":"post","link":"https:\/\/www.europesays.com\/fr\/197577\/","title":{"rendered":"la fromagerie des Fr\u00e8res Marchand va d\u00e9m\u00e9nager dans un nouveau local en Vieille-Ville"},"content":{"rendered":"<p>            Par<br \/>\n        <strong><br \/>\n            <a href=\"https:\/\/actu.fr\/auteur\/pierre-emile-bouchy-actu-fr\" title=\"Consulter tous les articles de Paul-Emile Bouchy\" rel=\"nofollow noopener\" target=\"_blank\">Paul-Emile Bouchy<\/a><br \/>\n        <\/strong><\/p>\n<p>        Publi\u00e9 le<\/p>\n<p>            23 juin 2025 \u00e0 7h02        <\/p>\n<p>Qu\u2019on soit habitant de <a href=\"https:\/\/actu.fr\/grand-est\/nancy_54395\" rel=\"nofollow noopener\" target=\"_blank\">Nancy<\/a> ou touriste de passage, le <strong>restaurant des Fr\u00e8res Marchand est une adresse bien connue<\/strong>, en plein c\u0153ur de la Vieille Ville, en face du <a href=\"https:\/\/actu.fr\/grand-est\/nancy_54395\/la-ville-de-nancy-abandonne-le-projet-du-musee-lorrain-voici-ce-qui-est-desormais-prevu_62780467.html\" rel=\"nofollow noopener\" target=\"_blank\">mus\u00e9e Lorrain<\/a>.<\/p>\n<p class=\" wall-content\">Cet \u00e9t\u00e9, l\u2019\u00e9tablissement va conna\u00eetre un changement majeur puisque<strong> la fromagerie qui s\u2019y trouve va d\u00e9m\u00e9nager dans un nouveau local<\/strong>, quelques m\u00e8tres plus loin.<\/p>\n<p>Rendre davantage visible la fromagerie des Fr\u00e8res Marchand<\/p>\n<p class=\" wall-content\">La nouvelle fromagerie va prendre place <strong>d\u2019ici le mois d\u2019ao\u00fbt au 89 bis Grande Rue<\/strong>. \u00ab\u2009C\u2019est un lieu charg\u00e9 d\u2019histoire puisqu\u2019il comprend le plus ancien mur d\u2019enceinte de la ville. \u00c0 l\u2019int\u00e9rieur, ce n\u2019est que de la pierre et du bois\u2009\u00bb, se r\u00e9jouit Patrice Marchand, l\u2019un des g\u00e9rants.<\/p>\n<p class=\" wall-content\">Ce d\u00e9m\u00e9nagement de quelques m\u00e8tres ne devrait pas perturber les habitu\u00e9s de la fromagerie. \u00ab\u2009Actuellement, elle est situ\u00e9e au milieu du restaurant. Elle a \u00e9t\u00e9 engloutie par la terrasse et est moins visible. L\u00e0, <strong>on va pouvoir mettre plus en avant la vitrine et les produits qui se trouvent \u00e0 l\u2019int\u00e9rieur<\/strong>\u2009\u00bb, explique-t-il.<\/p>\n<p>Vid\u00e9os : en ce moment sur ActuBient\u00f4t un bar au c\u0153ur du restaurant<\/p>\n<p class=\" wall-content\">Le d\u00e9m\u00e9nagement de la fromagerie est aussi l\u2019occasion pour les Fr\u00e8res Marchand de <strong>retravailler l\u2019ambiance de leur restaurant<\/strong>. \u00ab\u2009L\u2019\u00e9glise des Cordeliers \u00e9tant d\u00e9sormais d\u00e9sacralis\u00e9e, j\u2019ai pu obtenir une licence 4, indique Patrice Marchand. \u00c0 la place de la fromagerie, <strong>nous allons y installer un bar qui sera \u00e9galement l\u2019entr\u00e9e principale<\/strong>.\u2009\u00bb<\/p>\n<p class=\" wall-content\">\u00ab\u2009Je pense que cela peut permettre de recr\u00e9er du lien entre les gens. Je veux que ce soit <strong>un endroit o\u00f9 on peut prendre son temps, fl\u00e2ner<\/strong>, rester plusieurs heures l\u2019apr\u00e8s-midi si on le souhaite. Le soir, on continuera \u00e0 \u00eatre un restaurant\u2009\u00bb, d\u00e9clare-t-il.<\/p>\n<p class=\" wall-content\">D\u00e8s le lundi 30\u00a0juin et pendant tout l\u2019\u00e9t\u00e9, l\u2019\u00e9tablissement sera d\u2019ailleurs <strong>ouvert tous les jours de 10h \u00e0 minuit<\/strong>.<\/p>\n<p class=\" wall-content\">Suivez toute l\u2019actualit\u00e9 de vos villes et m\u00e9dias favoris en vous inscrivant \u00e0 <a href=\"https:\/\/moncompte.actu.fr\" title=\"D\u00e9couvez Mon Actu\" rel=\"nofollow noopener\" data-trk=\"{&quot;cta&quot;:{&quot;action&quot;:&quot;https:\\\/\\\/moncompte.actu.fr&quot;,&quot;category&quot;:&quot;mon compte&quot;,&quot;from&quot;:&quot;article footer&quot;,&quot;name&quot;:&quot;Mon actu&quot;,&quot;type&quot;:&quot;cta&quot;}}\" target=\"_blank\">Mon Actu<\/a>.<\/p>\n","protected":false},"excerpt":{"rendered":"Par Paul-Emile Bouchy Publi\u00e9 le 23 juin 2025 \u00e0 7h02 Qu\u2019on soit habitant de Nancy ou touriste de&hellip;\n","protected":false},"author":2,"featured_media":197578,"comment_status":"","ping_status":"","sticky":false,"template":"","format":"standard","meta":{"footnotes":""},"categories":[9635],"tags":[1111,11,215,1777,674,1011,27,775,1702,12,25,104],"class_list":{"0":"post-197577","1":"post","2":"type-post","3":"status-publish","4":"format-standard","5":"has-post-thumbnail","7":"category-nancy","8":"tag-actu","9":"tag-actualites","10":"tag-commerce","11":"tag-eu","12":"tag-europe","13":"tag-fr","14":"tag-france","15":"tag-grand-est","16":"tag-nancy","17":"tag-news","18":"tag-republique-francaise","19":"tag-societe"},"share_on_mastodon":{"url":"https:\/\/pubeurope.com\/@fr\/114731471550239149","error":""},"_links":{"self":[{"href":"https:\/\/www.europesays.com\/fr\/wp-json\/wp\/v2\/posts\/197577","targetHints":{"allow":["GET"]}}],"collection":[{"href":"https:\/\/www.europesays.com\/fr\/wp-json\/wp\/v2\/posts"}],"about":[{"href":"https:\/\/www.europesays.com\/fr\/wp-json\/wp\/v2\/types\/post"}],"author":[{"embeddable":true,"href":"https:\/\/www.europesays.com\/fr\/wp-json\/wp\/v2\/users\/2"}],"replies":[{"embeddable":true,"href":"https:\/\/www.europesays.com\/fr\/wp-json\/wp\/v2\/comments?post=197577"}],"version-history":[{"count":0,"href":"https:\/\/www.europesays.com\/fr\/wp-json\/wp\/v2\/posts\/197577\/revisions"}],"wp:featuredmedia":[{"embeddable":true,"href":"https:\/\/www.europesays.com\/fr\/wp-json\/wp\/v2\/media\/197578"}],"wp:attachment":[{"href":"https:\/\/www.europesays.com\/fr\/wp-json\/wp\/v2\/media?parent=197577"}],"wp:term":[{"taxonomy":"category","embeddable":true,"href":"https:\/\/www.europesays.com\/fr\/wp-json\/wp\/v2\/categories?post=197577"},{"taxonomy":"post_tag","embeddable":true,"href":"https:\/\/www.europesays.com\/fr\/wp-json\/wp\/v2\/tags?post=197577"}],"curies":[{"name":"wp","href":"https:\/\/api.w.org\/{rel}","templated":true}]}}