{"id":197580,"date":"2025-06-23T07:22:09","date_gmt":"2025-06-23T07:22:09","guid":{"rendered":"https:\/\/www.europesays.com\/fr\/197580\/"},"modified":"2025-06-23T07:22:09","modified_gmt":"2025-06-23T07:22:09","slug":"a-toulon-la-bibliotheque-du-service-historique-de-la-defense-ouvre-les-portes-de-ses-archives","status":"publish","type":"post","link":"https:\/\/www.europesays.com\/fr\/197580\/","title":{"rendered":"A Toulon, la biblioth\u00e8que du Service historique de la D\u00e9fense ouvre les portes de ses archives"},"content":{"rendered":"<p>Depuis le 20 juin, le Service historique de la D\u00e9fense (SHD) de Toulon ouvre les portes de ses archives avec deux expositions in\u00e9dites.<\/p>\n<p>La premi\u00e8re, intitul\u00e9e \u00ab\u00a0Tr\u00e9sors du Service historique de la D\u00e9fense\u00a0\u00bb, retrace quatre si\u00e8cles d\u2019histoire de la Marine. Parmi les pi\u00e8ces exceptionnelles?<\/p>\n<p>Un recueil de lettres sign\u00e9es de Louis XIV et Colbert, datant des ann\u00e9es 1670, ou encore une carte marine peinte \u00e0 la main et orn\u00e9e d\u2019or, attribu\u00e9e au g\u00e9ographe Jo\u00e0o Teixeira Albernaz.<\/p>\n<p>\u00ab\u00a0Ce pr\u00e9cieux et inestimable document est pr\u00e9sent\u00e9 pour la premi\u00e8re fois au public \u00e0 la Corderie\u00a0\u00bb, souligne Nadine Marienstras, cheffe de service du SHD.<\/p>\n<p>L\u2019exposition s\u2019inscrit dans le cadre du vingti\u00e8me anniversaire de la cr\u00e9ation du SHD. Elle \u00e9voque notamment l\u2019organisation de la Marine \u00e0 Toulon, du XVIIe au XXe si\u00e8cle, \u00e0 travers des archives rares, des cartes et des registres d\u2019\u00e9quipage.<\/p>\n<p>En parall\u00e8le, la seconde exposition baptis\u00e9e \u00ab\u00a0\u00c9cologie et Marine nationale: la protection des mers\u00a0\u00bb met en lumi\u00e8re l\u2019action pionni\u00e8re de la Marine en termes de protection environnementale, d\u00e8s l\u2019entre-deux-guerres.<\/p>\n<p>Un bonnet rouge offert par le commandant Jacques-Yves Cousteau, des archives sur la cr\u00e9ation du parc national de Port-Cros ou encore la lutte contre la pollution maritime illustrent cet engagement. \u00ab\u00a0Par leurs recherches exp\u00e9rimentales et leurs premiers films sous-marins, Cousteau et ses compagnons ont attir\u00e9 l\u2019attention sur la beaut\u00e9 et la fragilit\u00e9 des \u00e9cosyst\u00e8mes marins\u00a0\u00bb, rappelle Nadine Marienstras.<\/p>\n<p>Deux expositions gratuites \u00e0 d\u00e9couvrir jusqu\u2019au 20 d\u00e9cembre.<\/p>\n<p><strong>PRATIQUE<\/strong><\/p>\n<p>Passage de la Corderie, 83000 Toulon. Ferm\u00e9 le vendredi.<\/p>\n","protected":false},"excerpt":{"rendered":"Depuis le 20 juin, le Service historique de la D\u00e9fense (SHD) de Toulon ouvre les portes de ses&hellip;\n","protected":false},"author":2,"featured_media":197581,"comment_status":"","ping_status":"","sticky":false,"template":"","format":"standard","meta":{"footnotes":""},"categories":[9619],"tags":[1111,11,1777,674,1011,27,937,12,882,25,2310],"class_list":{"0":"post-197580","1":"post","2":"type-post","3":"status-publish","4":"format-standard","5":"has-post-thumbnail","7":"category-toulon","8":"tag-actu","9":"tag-actualites","10":"tag-eu","11":"tag-europe","12":"tag-fr","13":"tag-france","14":"tag-histoire","15":"tag-news","16":"tag-provence-alpes-cote-dazur","17":"tag-republique-francaise","18":"tag-toulon"},"share_on_mastodon":{"url":"https:\/\/pubeurope.com\/@fr\/114731479394589921","error":""},"_links":{"self":[{"href":"https:\/\/www.europesays.com\/fr\/wp-json\/wp\/v2\/posts\/197580","targetHints":{"allow":["GET"]}}],"collection":[{"href":"https:\/\/www.europesays.com\/fr\/wp-json\/wp\/v2\/posts"}],"about":[{"href":"https:\/\/www.europesays.com\/fr\/wp-json\/wp\/v2\/types\/post"}],"author":[{"embeddable":true,"href":"https:\/\/www.europesays.com\/fr\/wp-json\/wp\/v2\/users\/2"}],"replies":[{"embeddable":true,"href":"https:\/\/www.europesays.com\/fr\/wp-json\/wp\/v2\/comments?post=197580"}],"version-history":[{"count":0,"href":"https:\/\/www.europesays.com\/fr\/wp-json\/wp\/v2\/posts\/197580\/revisions"}],"wp:featuredmedia":[{"embeddable":true,"href":"https:\/\/www.europesays.com\/fr\/wp-json\/wp\/v2\/media\/197581"}],"wp:attachment":[{"href":"https:\/\/www.europesays.com\/fr\/wp-json\/wp\/v2\/media?parent=197580"}],"wp:term":[{"taxonomy":"category","embeddable":true,"href":"https:\/\/www.europesays.com\/fr\/wp-json\/wp\/v2\/categories?post=197580"},{"taxonomy":"post_tag","embeddable":true,"href":"https:\/\/www.europesays.com\/fr\/wp-json\/wp\/v2\/tags?post=197580"}],"curies":[{"name":"wp","href":"https:\/\/api.w.org\/{rel}","templated":true}]}}