{"id":197582,"date":"2025-06-23T07:23:10","date_gmt":"2025-06-23T07:23:10","guid":{"rendered":"https:\/\/www.europesays.com\/fr\/197582\/"},"modified":"2025-06-23T07:23:10","modified_gmt":"2025-06-23T07:23:10","slug":"la-marche-etait-trop-haute-pour-le-rc-toulon","status":"publish","type":"post","link":"https:\/\/www.europesays.com\/fr\/197582\/","title":{"rendered":"La marche \u00e9tait trop haute pour le RC Toulon"},"content":{"rendered":"\n<p>Il faut f\u00e9liciter Bordeaux, il n\u2019y a rien \u00e0 dire. On a \u00e9t\u00e9 domin\u00e9s dans les rucks, on a \u00e9t\u00e9 en dessous de ce qu\u2019on esp\u00e9rait.\u00a0\u00bb Au sortir du dernier match de la saison toulonnaise, et en d\u00e9pit de la d\u00e9ception, on ne pouvait reprocher quelconque manque de lucidit\u00e9 \u00e0 Pierre Mignoni. Car ses joueurs n\u2019ont jamais r\u00e9ellement \u00e9t\u00e9 en mesure d\u2019inqui\u00e9ter des Bordelo-B\u00e9glais plus frais physiquement et plus habitu\u00e9s \u00e0 ce genre de matches, eux qui \u00e9taient d\u00e9j\u00e0 finalistes du Top 14 l\u2019an dernier et qui ont glan\u00e9 le premier titre de leur histoire cette saison en Champion\u2019s cup.<\/p>\n<p>Au cours du premier acte, la diff\u00e9rence de niveau n\u2019a pourtant jamais paru abyssale. Sauf que quand Toulon multipliait les fautes de main et en-avant, \u00e0 l\u2019image de ce ballon \u00e9chapp\u00e9 par Gros \u00e0 cinq m\u00e8tres de l\u2019en-but (37e), les Girondins, eux, faisaient preuve d\u2019un r\u00e9alisme froid. En t\u00e9moignent les essais de Depoortere (19e) et Lamothe (28e). \u00ab\u00a0C\u2019est \u00e0 l\u2019image de la saison, analysait Pierre Mignoni. On a \u00e9t\u00e9 tr\u00e8s peu efficaces et eu trop de pertes de balles. On aurait pu avoir la main sur le match si on avait \u00e9t\u00e9 patients. On n\u2019\u00e9tait pas \u00e0 la rue en premi\u00e8re, mais il fallait \u00eatre tueur et on ne l\u2019a pas \u00e9t\u00e9. Heureusement qu\u2019on marque cet essai juste avant la pause.\u00a0\u00bb Une r\u00e9alisation de Fainga\u2019anuku, pour son dernier match en rouge et noir (lire encadr\u00e9), qui a permis au RCT de rentrer aux vestiaires \u00e0 cinq points.<\/p>\n<p> \u00ab\u00a0Si on veut faire peur,<br \/>\n               <br \/>il en faut plus\u00a0\u00bb\n              <\/p>\n<p>Mais apr\u00e8s un d\u00e9but de second acte cataclysmique, en quinze minutes, la messe \u00e9tait dite. La faute \u00e0 trois essais de Lamothe, pour le tripl\u00e9, et Penaud, facilit\u00e9s par le carton jaune d\u2019Halagahu pour un en-avant volontaire. \u00ab\u00a0En d\u00e9but de deuxi\u00e8me, il y a une m\u00eal\u00e9e, on fait un en-avant et ils marquent. \u00c7a fait beaucoup trop d\u2019erreurs, regrettait Pierre Mignoni. Ce d\u00e9but de deuxi\u00e8me fait basculer le match. Si on marquait avant, on pouvait leur mettre le doute\u00a0\u00bb, appuyait Paulo Garbisi. \u00ab\u00a0Il fallait plus sortir, prendre notre camp, tenir le ballon dans nos temps forts. On est rentr\u00e9 deux-trois fois dans leurs 22 et on a fait en-avant. Les Bordelais aiment ces ballons de turn-over. On s\u2019est remis sous pression alors qu\u2019on aurait pu les y laisser\u00a0\u00bb, d\u00e9plorait J\u00e9r\u00e9my Sinzelle.<\/p>\n<p>Pour autant, il faut reconna\u00eetre que m\u00eame K-O, cette \u00e9quipe est rest\u00e9e debout. En t\u00e9moignent les deux essais de Tuicuvu et Gigashvili pour all\u00e9ger un score qui ne m\u00e9ritait pas d\u2019\u00eatre aussi lourd. Des bases sur lesquelles construire en vue d\u2019une saison prochaine qui arrivera vite. \u00ab\u00a0On fait un quart de coupe d\u2019Europe, une demi-finale de Top 14, ce qui ne nous \u00e9tait pas arriv\u00e9 depuis longtemps. On a progress\u00e9, mais si on veut faire \u00e0 nouveau peur, il en faut plus\u00a0\u00bb, posait l\u2019entra\u00eeneur Toulonnais. \u00ab\u00a0On est quand m\u00eame content de notre saison. On esp\u00e8re qu\u2019on pourra compter sur nous l\u2019an prochain et se servir de l\u2019amertume, de la rage. Il est temps qu\u2019on monte en puissance. J\u2019esp\u00e8re que l\u2019ann\u00e9e prochaine sera la bonne\u00a0\u00bb, conclut Teddy Baubigny. Le peuple toulonnais a d\u00e9j\u00e0 h\u00e2te d\u2019y \u00eatre.<\/p>\n","protected":false},"excerpt":{"rendered":"Il faut f\u00e9liciter Bordeaux, il n\u2019y a rien \u00e0 dire. On a \u00e9t\u00e9 domin\u00e9s dans les rucks, on&hellip;\n","protected":false},"author":2,"featured_media":197583,"comment_status":"","ping_status":"","sticky":false,"template":"","format":"standard","meta":{"footnotes":""},"categories":[9619],"tags":[1111,11,12125,1777,674,1011,27,12,882,25,2310],"class_list":{"0":"post-197582","1":"post","2":"type-post","3":"status-publish","4":"format-standard","5":"has-post-thumbnail","7":"category-toulon","8":"tag-actu","9":"tag-actualites","10":"tag-adam-benhammouda","11":"tag-eu","12":"tag-europe","13":"tag-fr","14":"tag-france","15":"tag-news","16":"tag-provence-alpes-cote-dazur","17":"tag-republique-francaise","18":"tag-toulon"},"share_on_mastodon":{"url":"https:\/\/pubeurope.com\/@fr\/114731483285811752","error":""},"_links":{"self":[{"href":"https:\/\/www.europesays.com\/fr\/wp-json\/wp\/v2\/posts\/197582","targetHints":{"allow":["GET"]}}],"collection":[{"href":"https:\/\/www.europesays.com\/fr\/wp-json\/wp\/v2\/posts"}],"about":[{"href":"https:\/\/www.europesays.com\/fr\/wp-json\/wp\/v2\/types\/post"}],"author":[{"embeddable":true,"href":"https:\/\/www.europesays.com\/fr\/wp-json\/wp\/v2\/users\/2"}],"replies":[{"embeddable":true,"href":"https:\/\/www.europesays.com\/fr\/wp-json\/wp\/v2\/comments?post=197582"}],"version-history":[{"count":0,"href":"https:\/\/www.europesays.com\/fr\/wp-json\/wp\/v2\/posts\/197582\/revisions"}],"wp:featuredmedia":[{"embeddable":true,"href":"https:\/\/www.europesays.com\/fr\/wp-json\/wp\/v2\/media\/197583"}],"wp:attachment":[{"href":"https:\/\/www.europesays.com\/fr\/wp-json\/wp\/v2\/media?parent=197582"}],"wp:term":[{"taxonomy":"category","embeddable":true,"href":"https:\/\/www.europesays.com\/fr\/wp-json\/wp\/v2\/categories?post=197582"},{"taxonomy":"post_tag","embeddable":true,"href":"https:\/\/www.europesays.com\/fr\/wp-json\/wp\/v2\/tags?post=197582"}],"curies":[{"name":"wp","href":"https:\/\/api.w.org\/{rel}","templated":true}]}}