{"id":197586,"date":"2025-06-23T07:25:09","date_gmt":"2025-06-23T07:25:09","guid":{"rendered":"https:\/\/www.europesays.com\/fr\/197586\/"},"modified":"2025-06-23T07:25:09","modified_gmt":"2025-06-23T07:25:09","slug":"le-maroc-gaza-et-les-icones-arabes-au-coeur-de-la-programmation-darabesques","status":"publish","type":"post","link":"https:\/\/www.europesays.com\/fr\/197586\/","title":{"rendered":"le Maroc, Gaza et les ic\u00f4nes arabes au c\u0153ur de la programmation d\u2019Arabesques"},"content":{"rendered":"<p>            Par<br \/>\n        <strong><br \/>\n            <a href=\"https:\/\/actu.fr\/auteur\/lea-pippinato\" title=\"Consulter tous les articles de L\u00e9a Pippinato\" rel=\"nofollow noopener\" target=\"_blank\">L\u00e9a Pippinato<\/a><br \/>\n        <\/strong><\/p>\n<p>        Publi\u00e9 le<\/p>\n<p>            23 juin 2025 \u00e0 8h27        <\/p>\n<p>\u00ab\u00a0Il y a eu des mariages Arabesques et m\u00eame des b\u00e9b\u00e9s Arabesques !\u00a0\u00bb Dans la bouche de Fadelha Benammar Koly, pr\u00e9sidente de l\u2019association Unisons, cette anecdote ne tient pas du folklore. Elle r\u00e9sume l\u2019esprit du festival : des histoires d\u2019art, de lien, d\u2019engagement et de partage. D\u00e9voil\u00e9e<strong> ce mercredi 18 juin 2025<\/strong> \u00e0 l\u2019Op\u00e9ra Com\u00e9die, la programmation du <strong>festival Arabesques<\/strong> s\u2019annonce dense et politique. <strong>Du 9 au 21 septembre<\/strong>, il soufflera sa vingti\u00e8me bougie \u00e0 <strong>Montpellier<\/strong>. Oum Khaltoum, Rachid Taha, le Maroc, Gaza\u2026 autant de noms, de territoires et de causes qui traversent cette \u00e9dition anniversaire.<\/p>\n<p>    <a href=\"https:\/\/www.google.com\/maps\/embed?pb=!1m18!1m12!1m3!1d2888.9212207441433!2d3.876297926459857!3d43.60818187110436!2m3!1f0!2f0!3f0!3m2!1i1024!2i768!4f13.1!3m3!1m2!1s0x12b6af0624857031%3A0x23a13fb90eb4e4b8!2sOp%C3%A9ra%20Orchestre%20national%20Montpellier%20Occitanie!5e0!3m2!1sfr!2sfr!4v1750344978790!5m2!1sfr!2sfr\" title=\"Ouvrie le lien\" rel=\"nofollow noopener\" target=\"_blank\">Cliquez ici pour visualiser le contenu<\/a><\/p>\n<p>Oum Khaltoum, une voix pour ouvrir le bal<\/p>\n<p class=\" wall-content\"><strong>Le 9 septembre<\/strong>, le rideau de l\u2019Op\u00e9ra Com\u00e9die de Montpellier se l\u00e8vera sur Karima Skalli. La chanteuse marocaine rendra hommage \u00e0 Oum Khaltoum, immense figure de la chanson arabe classique disparue en 1975. Quatre de ses chansons, longues d\u2019une vingtaine de minutes chacune, seront interpr\u00e9t\u00e9es. \u00ab\u00a0Cet hommage \u00e9tait une \u00e9vidence. Oum Khaltoum est une ic\u00f4ne universelle\u00a0\u00bb, insiste Habib Dechraoui, directeur artistique du festival. <strong> Le 10 septembre<\/strong>, les projecteurs s\u2019allumeront de nouveau pour \u00ab\u00a0Nesma, enta omri\u00a0\u00bb, une cr\u00e9ation de danse in\u00e9dite encore jamais montr\u00e9e en France. Douze danseuses viendront incarner le souvenir et l\u2019h\u00e9ritage de la star \u00e9gyptienne. \u00ab\u00a0C\u2019est une production originale Arabesques. Elle marque notre volont\u00e9 d\u2019accompagner la cr\u00e9ation, pas seulement de programmer ce qui existe.\u00a0\u00bb<\/p>\n<p class=\" wall-content\">Autre temps fort de cet hommage, le concert du trio Love &amp; Revenge, <strong>le 20 septembre<\/strong>. Ce groupe franco-libanais-alg\u00e9rien m\u00eale sons \u00e9lectro et images de vieux films arabes en direct, pour une plong\u00e9e dans le cin\u00e9ma populaire du Moyen-Orient, rythm\u00e9e par la voix \u00e9ternelle d\u2019Oum Khaltoum. Ce m\u00eame jour, des rencontres litt\u00e9raires et des tables rondes dans la M\u00e9dina, au Domaine d\u2019O, exploreront l\u2019impact culturel de la diva \u00e9gyptienne.<\/p>\n<p>Un cri rock pour Rachid Taha<\/p>\n<p class=\" wall-content\">Autre figure embl\u00e9matique du monde arabe honor\u00e9e cette ann\u00e9e : Rachid Taha. <strong>Le 13 septembre<\/strong>, un grand concert-cr\u00e9ation mettra \u00e0 l\u2019honneur celui qui a su m\u00ealer rock, punk, ra\u00ef et engagement politique. \u00ab\u00a0Rachid Taha, c\u2019est l\u2019irr\u00e9v\u00e9rence, le m\u00e9lange des genres, le courage d\u2019\u00eatre soi-m\u00eame. Il a ouvert une voie que d\u2019autres n\u2019ont pas encore prise.\u00a0\u00bb <strong>Le dimanche 14<\/strong>, \u00e0 la M\u00e9dina, une journ\u00e9e enti\u00e8re lui sera consacr\u00e9e. Elle retracera son parcours, ses combats, et son r\u00f4le de passeur musical et social. \u00a0Cette ann\u00e9e, le pays \u00e0 l\u2019honneur est le Maroc. Une dizaine d\u2019artistes repr\u00e9senteront la diversit\u00e9 et la richesse de sa sc\u00e8ne musicale contemporaine. Le public pourra d\u00e9couvrir Guedra Guedra, figure de l\u2019\u00e9lectro marocaine underground, et Mr ID, autre talent de la sc\u00e8ne \u00e9lectronique. Najat A\u00e2tabou, voix incontournable du cha\u00e2bi, offrira au public montpelli\u00e9rain un moment de musique populaire.<\/p>\n<p>Vid\u00e9os : en ce moment sur Actu<\/p>\n<p class=\" wall-content\">Autre proposition marquante, le Kabareh Cheikhats. Ce collectif d\u2019hommes, grim\u00e9s en femmes, revisite l\u2019art des chanteuses traditionnelles de cabaret. Un hommage audacieux \u00e0 une culture souvent marginalis\u00e9e. \u00ab\u00a0Le Maroc foisonne de talents, il est tr\u00e8s cr\u00e9atif. J\u2019avais envie de lui consacrer un focus, comme je l\u2019avais fait avec la Palestine l\u2019an dernier\u00a0\u00bb, soutient Habib Dechraoui. Marwane Fachane, directeur g\u00e9n\u00e9ral de la fondation marocaine Hiba, partenaire cl\u00e9 de l\u2019\u00e9v\u00e9nement, salue cette d\u00e9marche : \u00ab\u00a0En les accompagnant dans leur structuration, en exigeant contrats et factures, on professionnalise les artistes. C\u2019est une vraie reconnaissance de leur travail.\u00a0\u00bb<\/p>\n<p>Un combat culturel dans un climat tendu<\/p>\n<p class=\" wall-content\">Arabesques, c\u2019est aussi une mosa\u00efque de genres et de formes. La chanteuse belgo-\u00e9gyptienne Natacha Atlas viendra poser sa voix sur des sonorit\u00e9s world et \u00e9lectroniques. Le chor\u00e9graphe Herv\u00e9 Koubi, fid\u00e8le du festival, pr\u00e9sentera une nouvelle cr\u00e9ation. L\u2019Orchestre de la Casbah, Orange Blossom ou encore le groupe Labess, accompagn\u00e9 de l\u2019Orchestre national de Barb\u00e8s, participeront \u00e0 la grande f\u00eate de cl\u00f4ture<strong> le 21 septembre<\/strong>. La journ\u00e9e sera aussi d\u00e9di\u00e9e \u00e0 Gaza. Deux artistes palestiniens, Yanal Staiti et Zohud, pr\u00e9senteront leur travail, fruit d\u2019une r\u00e9sidence au festival. Le symbole est fort. \u00ab\u00a0On fait venir des artistes qui viennent de pays en guerre. On assume. Et on se bat pour leurs visas. Certains seront refus\u00e9s, on le sait. Mais ce n\u2019est pas une raison pour renoncer.\u00a0\u00bb Mais Arabesques ne se limite pas \u00e0 la musique. Deux semaines durant, le Domaine d\u2019O accueillera des spectacles d\u2019humour, des avant-premi\u00e8res de films, des DJ sets gratuits \u00e0 la Kasbah d\u2019O, et bien s\u00fbr, la M\u00e9dina, avec son march\u00e9 artisanal et ses d\u00e9bats.<\/p>\n<p class=\" wall-content\">Cette \u00e9dition anniversaire arrive dans un contexte politique et social compliqu\u00e9. \u00ab\u00a0Le climat est d\u00e9l\u00e9t\u00e8re. Les stigmatisations s\u2019accumulent. On doit se battre pour la l\u00e9gitimit\u00e9 d\u2019une culture qui fait pourtant partie du paysage fran\u00e7ais depuis des d\u00e9cennies\u00a0\u00bb, d\u00e9clare Zina Bourguet, conseill\u00e8re r\u00e9gionale. La R\u00e9gion Occitanie est le deuxi\u00e8me financeur du festival, avec <strong>100 000 euros<\/strong>, juste apr\u00e8s la M\u00e9tropole de Montpellier.<\/p>\n<p class=\" wall-content\">Suivez toute l\u2019actualit\u00e9 de vos villes et m\u00e9dias favoris en vous inscrivant \u00e0 <a href=\"https:\/\/moncompte.actu.fr\" title=\"D\u00e9couvez Mon Actu\" rel=\"nofollow noopener\" data-trk=\"{&quot;cta&quot;:{&quot;action&quot;:&quot;https:\\\/\\\/moncompte.actu.fr&quot;,&quot;category&quot;:&quot;mon compte&quot;,&quot;from&quot;:&quot;article footer&quot;,&quot;name&quot;:&quot;Mon actu&quot;,&quot;type&quot;:&quot;cta&quot;}}\" target=\"_blank\">Mon Actu<\/a>.<\/p>\n","protected":false},"excerpt":{"rendered":"Par L\u00e9a Pippinato Publi\u00e9 le 23 juin 2025 \u00e0 8h27 \u00ab\u00a0Il y a eu des mariages Arabesques et&hellip;\n","protected":false},"author":2,"featured_media":197587,"comment_status":"","ping_status":"","sticky":false,"template":"","format":"standard","meta":{"footnotes":""},"categories":[9599],"tags":[1111,11,1777,674,849,1011,27,665,1652,2208,873,12,2680,25,853],"class_list":{"0":"post-197586","1":"post","2":"type-post","3":"status-publish","4":"format-standard","5":"has-post-thumbnail","7":"category-montpellier","8":"tag-actu","9":"tag-actualites","10":"tag-eu","11":"tag-europe","12":"tag-festival","13":"tag-fr","14":"tag-france","15":"tag-gaza","16":"tag-loisirs-culture","17":"tag-montpellier","18":"tag-musique","19":"tag-news","20":"tag-occitanie","21":"tag-republique-francaise","22":"tag-spectacles"},"share_on_mastodon":{"url":"https:\/\/pubeurope.com\/@fr\/114731491228282832","error":""},"_links":{"self":[{"href":"https:\/\/www.europesays.com\/fr\/wp-json\/wp\/v2\/posts\/197586","targetHints":{"allow":["GET"]}}],"collection":[{"href":"https:\/\/www.europesays.com\/fr\/wp-json\/wp\/v2\/posts"}],"about":[{"href":"https:\/\/www.europesays.com\/fr\/wp-json\/wp\/v2\/types\/post"}],"author":[{"embeddable":true,"href":"https:\/\/www.europesays.com\/fr\/wp-json\/wp\/v2\/users\/2"}],"replies":[{"embeddable":true,"href":"https:\/\/www.europesays.com\/fr\/wp-json\/wp\/v2\/comments?post=197586"}],"version-history":[{"count":0,"href":"https:\/\/www.europesays.com\/fr\/wp-json\/wp\/v2\/posts\/197586\/revisions"}],"wp:featuredmedia":[{"embeddable":true,"href":"https:\/\/www.europesays.com\/fr\/wp-json\/wp\/v2\/media\/197587"}],"wp:attachment":[{"href":"https:\/\/www.europesays.com\/fr\/wp-json\/wp\/v2\/media?parent=197586"}],"wp:term":[{"taxonomy":"category","embeddable":true,"href":"https:\/\/www.europesays.com\/fr\/wp-json\/wp\/v2\/categories?post=197586"},{"taxonomy":"post_tag","embeddable":true,"href":"https:\/\/www.europesays.com\/fr\/wp-json\/wp\/v2\/tags?post=197586"}],"curies":[{"name":"wp","href":"https:\/\/api.w.org\/{rel}","templated":true}]}}