{"id":197594,"date":"2025-06-23T07:32:09","date_gmt":"2025-06-23T07:32:09","guid":{"rendered":"https:\/\/www.europesays.com\/fr\/197594\/"},"modified":"2025-06-23T07:32:09","modified_gmt":"2025-06-23T07:32:09","slug":"echappes-de-leur-enclos-de-jeunes-taureaux-abattus","status":"publish","type":"post","link":"https:\/\/www.europesays.com\/fr\/197594\/","title":{"rendered":"\u00c9chapp\u00e9s de leur enclos, de jeunes taureaux abattus"},"content":{"rendered":"<p>Ils cherchaient visiblement \u00e0 \u00e9chapper \u00e0 la <a href=\"https:\/\/www.20minutes.fr\/societe\/4159709-20250621-meteo-jusqu-39-attendus-samedi-16-departements-vigilance-orange\" class=\"color-ultramarine c-link\" rel=\"nofollow noopener\" target=\"_blank\">chaleur suffocante qui s\u2019abattait sur l\u2019ouest de la France<\/a>. Samedi, une petite cinquantaine de taureaux se sont \u00e9chapp\u00e9s de leur enclos apr\u00e8s avoir d\u00e9fonc\u00e9 un mur \u00e0 Noyal-Ch\u00e2tillon-sur-Seiche, pr\u00e8s de <a href=\"https:\/\/www.20minutes.fr\/rennes\/\" class=\"color-ultramarine c-link\" rel=\"nofollow noopener\" target=\"_blank\">Rennes<\/a>. Les pompiers et les gendarmes d\u2019<a href=\"https:\/\/www.20minutes.fr\/dossier\/ille_et_vilaine\" class=\"color-ultramarine c-link\" rel=\"nofollow noopener\" target=\"_blank\">Ille-et-Vilaine<\/a> ont \u00e9t\u00e9 mobilis\u00e9s <a href=\"https:\/\/www.ouest-france.fr\/bretagne\/noyal-chatillon-sur-seiche-35230\/divagation-de-taureaux-pres-de-rennes-toutes-les-betes-restantes-en-passe-detre-abattues-3bf2fef0-4f91-11f0-8eae-d079c596ca40\" rel=\"nofollow noopener\" target=\"_blank\" class=\"color-ultramarine c-link\">pour tenter de r\u00e9cup\u00e9rer les animaux<\/a>. Mais plusieurs ont d\u00fb \u00eatre abattus. Et tous ceux qui sont encore en libert\u00e9 le seront \u00e9galement.<\/p>\n<p>Ce lundi matin, neuf animaux \u00e9taient toujours en libert\u00e9. Les taurillons p\u00e8sent parfois plus de 300\u00a0kg et peuvent pr\u00e9senter un risque pour la s\u00e9curit\u00e9. \u00ab\u00a0Cela peut repr\u00e9senter un danger pour la population car les taurillons sont des animaux qui peuvent charger\u00a0\u00bb, assure un pompier, qui rappelle aux habitants de ne pas intervenir.<\/p>\n<\/p>\n<p>Dimanche, plusieurs animaux avaient \u00e9t\u00e9 abattus par des lieutenants de louv\u00e8terie. L\u2019un d\u2019entre eux s\u2019\u00e9tait notamment aventur\u00e9 dans Rennes. Apr\u00e8s \u00eatre pass\u00e9 sous la rocade, l\u2019animal a \u00e9t\u00e9 tu\u00e9 au fusil \u00e0 hauteur de la rue de Su\u00e8de, non loin de la station de m\u00e9tro Henri-Fr\u00e9ville.<\/p>\n<p>Une quinzaine de taurillons abattus<\/p>\n<p>Dimanche soir, les pompiers ont d\u00e9ploy\u00e9 des drones thermiques pour rep\u00e9rer les animaux encore en divagation. Une quinzaine de taureaux auraient \u00e9t\u00e9 abattus. Une autre quinzaine avait pu \u00eatre r\u00e9cup\u00e9r\u00e9e par l\u2019agriculteur et ses soutiens. Et neuf \u00e9taient toujours en divagation ce lundi matin.<\/p>\n","protected":false},"excerpt":{"rendered":"Ils cherchaient visiblement \u00e0 \u00e9chapper \u00e0 la chaleur suffocante qui s\u2019abattait sur l\u2019ouest de la France. Samedi, une&hellip;\n","protected":false},"author":2,"featured_media":197595,"comment_status":"","ping_status":"","sticky":false,"template":"","format":"standard","meta":{"footnotes":""},"categories":[2821],"tags":[1111,47,11,327,1867,829,19398,1777,674,3727,118,7641,1011,27,886,848,12,1311,584,25,4322],"class_list":{"0":"post-197594","1":"post","2":"type-post","3":"status-publish","4":"format-standard","5":"has-post-thumbnail","7":"category-rennes","8":"tag-actu","9":"tag-actualite","10":"tag-actualites","11":"tag-agriculture","12":"tag-animaux","13":"tag-bretagne","14":"tag-elevage","15":"tag-eu","16":"tag-europe","17":"tag-evasion","18":"tag-faits-divers","19":"tag-faits-divers-rennes","20":"tag-fr","21":"tag-france","22":"tag-fugue","23":"tag-ille-et-vilaine","24":"tag-news","25":"tag-pompiers","26":"tag-rennes","27":"tag-republique-francaise","28":"tag-vache"},"share_on_mastodon":{"url":"https:\/\/pubeurope.com\/@fr\/114731518741223665","error":""},"_links":{"self":[{"href":"https:\/\/www.europesays.com\/fr\/wp-json\/wp\/v2\/posts\/197594","targetHints":{"allow":["GET"]}}],"collection":[{"href":"https:\/\/www.europesays.com\/fr\/wp-json\/wp\/v2\/posts"}],"about":[{"href":"https:\/\/www.europesays.com\/fr\/wp-json\/wp\/v2\/types\/post"}],"author":[{"embeddable":true,"href":"https:\/\/www.europesays.com\/fr\/wp-json\/wp\/v2\/users\/2"}],"replies":[{"embeddable":true,"href":"https:\/\/www.europesays.com\/fr\/wp-json\/wp\/v2\/comments?post=197594"}],"version-history":[{"count":0,"href":"https:\/\/www.europesays.com\/fr\/wp-json\/wp\/v2\/posts\/197594\/revisions"}],"wp:featuredmedia":[{"embeddable":true,"href":"https:\/\/www.europesays.com\/fr\/wp-json\/wp\/v2\/media\/197595"}],"wp:attachment":[{"href":"https:\/\/www.europesays.com\/fr\/wp-json\/wp\/v2\/media?parent=197594"}],"wp:term":[{"taxonomy":"category","embeddable":true,"href":"https:\/\/www.europesays.com\/fr\/wp-json\/wp\/v2\/categories?post=197594"},{"taxonomy":"post_tag","embeddable":true,"href":"https:\/\/www.europesays.com\/fr\/wp-json\/wp\/v2\/tags?post=197594"}],"curies":[{"name":"wp","href":"https:\/\/api.w.org\/{rel}","templated":true}]}}