{"id":197596,"date":"2025-06-23T07:33:10","date_gmt":"2025-06-23T07:33:10","guid":{"rendered":"https:\/\/www.europesays.com\/fr\/197596\/"},"modified":"2025-06-23T07:33:10","modified_gmt":"2025-06-23T07:33:10","slug":"un-jeune-taureau-abattu-dans-les-rues-de-rennes-que-sest-il-passe","status":"publish","type":"post","link":"https:\/\/www.europesays.com\/fr\/197596\/","title":{"rendered":"Un jeune taureau abattu dans les rues de Rennes : que s&rsquo;est-il pass\u00e9 \u00a0?"},"content":{"rendered":"<p>            Par<br \/>\n        <strong><br \/>\n            <a href=\"https:\/\/actu.fr\/auteur\/laurene-fertin\" title=\"Consulter tous les articles de Laur\u00e8ne Fertin\" rel=\"nofollow noopener\" target=\"_blank\">Laur\u00e8ne Fertin<\/a><br \/>\n        <\/strong><\/p>\n<p>        Publi\u00e9 le<\/p>\n<p>            23 juin 2025 \u00e0 8h36        <\/p>\n<p>Le lendemain de la F\u00eate de la musique, dimanche 22\u00a0juin, les sapeurs-pompiers sont intervenus <strong>rue de Su\u00e8de<\/strong>, dans <strong>le<\/strong> <strong>quartier Br\u00e9quigny<\/strong>, \u00e0 Rennes, indique le Codis 35.<\/p>\n<p class=\" wall-content\"><strong>Un taurillon<\/strong> a en effet retrouv\u00e9 alors <strong>qu\u2019un troupeau,<\/strong> issu d\u2019une ferme de Noyal-Ch\u00e2tillon-sur-Seiche, est <strong>en divagation<\/strong> depuis samedi apr\u00e8s s\u2019\u00eatre \u00e9chapp\u00e9 de leur enclos.<\/p>\n<p>Un pompier bless\u00e9<\/p>\n<p class=\" wall-content\">Engag\u00e9s d\u00e8s 6h du matin sur les lieux, les sapeurs-pompiers ont essay\u00e9 de ma\u00eetriser l\u2019animal, agit\u00e9. C\u2019est finalement <strong>un lieutenant de louveterie<\/strong> qui a <strong>abattu<\/strong> le jeune taureau, <strong>deux heures plus tard<\/strong>.<\/p>\n<p>    <a href=\"https:\/\/www.google.com\/maps\/embed?pb=!1m18!1m12!1m3!1d4410.799318670304!2d-1.6806234225636276!3d48.086706654700144!2m3!1f0!2f0!3f0!3m2!1i1024!2i768!4f13.1!3m3!1m2!1s0x480edfea226f150f%3A0x54b003f8af6c015c!2sRue%20de%20Su%C3%A8de%2C%2035200%20Rennes!5e1!3m2!1sfr!2sfr!4v1750660002569!5m2!1sfr!2sfr\" title=\"Ouvrie le lien\" rel=\"nofollow noopener\" target=\"_blank\">Cliquez ici pour visualiser le contenu<\/a><\/p>\n<p class=\" wall-content\">Un sapeur-pompier a \u00e9t\u00e9 <strong>bless\u00e9<\/strong> par <strong>un coup de sabot<\/strong> dans la cheville.<\/p>\n<p>Vid\u00e9os : en ce moment sur Actu<\/p>\n<p class=\" wall-content\">Suivez toute l\u2019actualit\u00e9 de vos villes et m\u00e9dias favoris en vous inscrivant \u00e0 <a href=\"https:\/\/moncompte.actu.fr\" title=\"D\u00e9couvez Mon Actu\" rel=\"nofollow noopener\" data-trk=\"{&quot;cta&quot;:{&quot;action&quot;:&quot;https:\\\/\\\/moncompte.actu.fr&quot;,&quot;category&quot;:&quot;mon compte&quot;,&quot;from&quot;:&quot;article footer&quot;,&quot;name&quot;:&quot;Mon actu&quot;,&quot;type&quot;:&quot;cta&quot;}}\" target=\"_blank\">Mon Actu<\/a>.<\/p>\n","protected":false},"excerpt":{"rendered":"Par Laur\u00e8ne Fertin Publi\u00e9 le 23 juin 2025 \u00e0 8h36 Le lendemain de la F\u00eate de la musique,&hellip;\n","protected":false},"author":2,"featured_media":197597,"comment_status":"","ping_status":"","sticky":false,"template":"","format":"standard","meta":{"footnotes":""},"categories":[2821],"tags":[1111,11,1867,829,1777,674,118,1011,27,12,1311,584,25],"class_list":{"0":"post-197596","1":"post","2":"type-post","3":"status-publish","4":"format-standard","5":"has-post-thumbnail","7":"category-rennes","8":"tag-actu","9":"tag-actualites","10":"tag-animaux","11":"tag-bretagne","12":"tag-eu","13":"tag-europe","14":"tag-faits-divers","15":"tag-fr","16":"tag-france","17":"tag-news","18":"tag-pompiers","19":"tag-rennes","20":"tag-republique-francaise"},"share_on_mastodon":{"url":"https:\/\/pubeurope.com\/@fr\/114731522739685838","error":""},"_links":{"self":[{"href":"https:\/\/www.europesays.com\/fr\/wp-json\/wp\/v2\/posts\/197596","targetHints":{"allow":["GET"]}}],"collection":[{"href":"https:\/\/www.europesays.com\/fr\/wp-json\/wp\/v2\/posts"}],"about":[{"href":"https:\/\/www.europesays.com\/fr\/wp-json\/wp\/v2\/types\/post"}],"author":[{"embeddable":true,"href":"https:\/\/www.europesays.com\/fr\/wp-json\/wp\/v2\/users\/2"}],"replies":[{"embeddable":true,"href":"https:\/\/www.europesays.com\/fr\/wp-json\/wp\/v2\/comments?post=197596"}],"version-history":[{"count":0,"href":"https:\/\/www.europesays.com\/fr\/wp-json\/wp\/v2\/posts\/197596\/revisions"}],"wp:featuredmedia":[{"embeddable":true,"href":"https:\/\/www.europesays.com\/fr\/wp-json\/wp\/v2\/media\/197597"}],"wp:attachment":[{"href":"https:\/\/www.europesays.com\/fr\/wp-json\/wp\/v2\/media?parent=197596"}],"wp:term":[{"taxonomy":"category","embeddable":true,"href":"https:\/\/www.europesays.com\/fr\/wp-json\/wp\/v2\/categories?post=197596"},{"taxonomy":"post_tag","embeddable":true,"href":"https:\/\/www.europesays.com\/fr\/wp-json\/wp\/v2\/tags?post=197596"}],"curies":[{"name":"wp","href":"https:\/\/api.w.org\/{rel}","templated":true}]}}