{"id":197598,"date":"2025-06-23T07:34:10","date_gmt":"2025-06-23T07:34:10","guid":{"rendered":"https:\/\/www.europesays.com\/fr\/197598\/"},"modified":"2025-06-23T07:34:10","modified_gmt":"2025-06-23T07:34:10","slug":"manifestation-en-cours-alors-que-se-tient-le-conseil-municipal","status":"publish","type":"post","link":"https:\/\/www.europesays.com\/fr\/197598\/","title":{"rendered":"manifestation en cours alors que se tient le conseil municipal"},"content":{"rendered":"<p>Le projet de jumelage de la ville de Strasbourg avec le camp palestinien d&rsquo;A\u00efda, qui <a href=\"http:\/\/www.dna.fr\/politique\/2025\/06\/21\/finances-de-la-ville-jumelage-avec-aida-les-points-a-l-ordre-du-jour\" target=\"_blank\" rel=\"nofollow noopener\">sera soumis au vote du Conseil municipal lundi<\/a>, s\u00e8me la zizanie, l&rsquo;opposition accusant la maire d&rsquo;\u00ab importer le conflit \u00bb. Le Crif Alsace manifeste ce matin devant le centre administratif o\u00f9 se d\u00e9roule le conseil municipal.<\/p>\n<p>Le conseil municipal de Strasbourg, <a href=\"http:\/\/www.dna.fr\/politique\/2025\/06\/23\/conseil-municipal-du-23-juin\" target=\"_blank\" rel=\"nofollow noopener\">qui d\u00e9bute \u00e0 9 h ce lundi matin<\/a>, abordera le projet de jumelage de la ville avec le camp de r\u00e9fugi\u00e9 d\u2019Aida, en Cisjordanie.\u00a0\u00c0 la m\u00eame heure, devant le centre administratif, place de l\u2019Etoile, o\u00f9 se tient le conseil, le Conseil repr\u00e9sentatif des institutions juives d\u2019Alsace (Crif Alsace), le Consistoire isra\u00e9lite du Bas-Rhin et le Fonds social juif unifi\u00e9 (FSJU) ont appel\u00e9 \u00e0 un rassemblement.<\/p>\n<p>Ces organisations veulent ainsi manifester leur soutien \u00e0 Isra\u00ebl \u00ab qui m\u00e8ne un combat existentiel contre le terrorisme islamiste \u00bb, et r\u00e9clament de la part des \u00e9lus de \u00ab v\u00e9ritables initiatives de paix \u00bb. Elles appellent aussi de leurs voeux la reprise du <a href=\"http:\/\/www.dna.fr\/societe\/2023\/12\/10\/des-associations-demandent-la-suspension-du-jumelage-avec-une-ville-israelienne\" target=\"_blank\" rel=\"nofollow noopener\">jumelage de Strasbourg avec la ville isra\u00e9lienne de Ramat Gan<\/a>.<\/p>\n<p>Ce jumelage, qui date de plus de 30 ans, est \u00ab gel\u00e9 \u00bb, car les \u00ab conditions ne sont pas r\u00e9unies \u00bb, avait pr\u00e9cis\u00e9 en mai \u00e0 l&rsquo;AFP la maire, Jeanne Barseghian. Elle avait annonc\u00e9 parall\u00e8lement <a href=\"http:\/\/www.dna.fr\/politique\/2025\/05\/22\/strasbourg-va-etre-jumelee-avec-le-camp-d-aida-en-soutien-au-peuple-palestinien\" target=\"_blank\" rel=\"nofollow noopener\">sa volont\u00e9 de nouer un jumelage avec le camp d&rsquo;A\u00efda<\/a>, situ\u00e9 pr\u00e8s de Bethl\u00e9em, en \u00ab soutien au peuple palestinien \u00bb.<\/p>\n<p>  Un projet aussit\u00f4t critiqu\u00e9<\/p>\n<p>Le Crif avait exprim\u00e9 sa \u00ab consternation \u00bb puis critiqu\u00e9 le keffieh port\u00e9 par Jeanne Barseghian lors de la visite \u00e0 Strasbourg d&rsquo;une d\u00e9l\u00e9gation du camp d&rsquo;A\u00efda ainsi que le cadeau re\u00e7u : une \u00ab carte d&rsquo;Isra\u00ebl couverte de drapeaux palestiniens sur tout le territoire sur lequel Isra\u00ebl a disparu \u00bb.<\/p>\n<p>\u00ab Accepter un tel cadeau tout en portant le keffieh quand on repr\u00e9sente la ville de Strasbourg est un choix politique grave et lourd de sens \u00bb, a d\u00e9plor\u00e9 le Crif.<\/p>\n<p>  \u00ab Huile sur le feu \u00bb<\/p>\n<p>La Licra (Ligue internationale contre le racisme et l&rsquo;antis\u00e9mitisme) a de son c\u00f4t\u00e9 annul\u00e9 une action \u00e9ducative pr\u00e9vue d\u00e9but juin en partenariat avec la mairie de Strasbourg, d\u00e9plorant un \u00ab militantisme aux accents antisionistes \u00bb.<\/p>\n<p>Quant \u00e0 l&rsquo;opposition, elle a reproch\u00e9 \u00e0 Jeanne Barseghian d&rsquo;avoir \u00ab contribu\u00e9 \u00e0 importer ce conflit dans notre ville, <a href=\"http:\/\/www.dna.fr\/defense-guerre-conflit\/2025\/05\/26\/jumelage-avec-un-camp-palestinien-deux-photos-de-jeanne-barseghian-avec-une-carte-equivoque-et-un-keffieh-sement-la-discorde\" target=\"_blank\" rel=\"nofollow noopener\">jetant de l&rsquo;huile sur le feu et provoquant l&rsquo;incompr\u00e9hension<\/a> &#8211; voire l&rsquo;indignation &#8211; de nombreux Strasbourgeois, de toutes origines et de toutes convictions, l\u00e9gitimement inquiets face \u00e0 l&rsquo;escalade dramatique au Proche-Orient \u00bb.<\/p>\n<p>Dans une missive commune, Pierre Jakubowicz (Centristes et progressistes), Catherine Trautmann (Faire ensemble Strasbourg) et Jean-Philippe Vetter (Union de la droite et du centre) ont r\u00e9clam\u00e9 le d\u00e9gel du jumelage avec Ramat Gan, en Isra\u00ebl. A l&rsquo;inverse, plusieurs partis (PCF, NPA, La France insoumise) et syndicats de gauche (FSU, Solidaires, CGT) ont soutenu la maire EELV.<\/p>\n<p>Le jumelage avec A\u00efda vise \u00e0 renforcer les \u00e9changes et la coop\u00e9ration dans les domaines de la jeunesse, selon la municipalit\u00e9.<\/p>\n<p>  Tags antis\u00e9mites<\/p>\n<p>La d\u00e9lib\u00e9ration pr\u00e9sent\u00e9e en Conseil municipal pr\u00e9cise que Strasbourg \u00ab r\u00e9it\u00e8re son appel \u00e0 une paix juste et durable, \u00e0 un cessez-le-feu imm\u00e9diat et \u00e0 la fin du si\u00e8ge de Gaza, ainsi qu&rsquo;\u00e0 la lib\u00e9ration imm\u00e9diate et sans condition des prisonniers et otages, dans le respect des r\u00e9solutions de l&rsquo;Assembl\u00e9e g\u00e9n\u00e9rale et du Conseil de s\u00e9curit\u00e9 des Nations unies \u00bb<\/p>\n<p>Ces derniers mois, un autre partenariat, celui de <a href=\"http:\/\/www.dna.fr\/education\/2024\/10\/29\/sciences-po-suspend-son-partenariat-avec-une-universite-d-israel\" target=\"_blank\" rel=\"nofollow noopener\">Sciences Po Strasbourg avec une universit\u00e9 isra\u00e9lienne<\/a>, avait d\u00e9j\u00e0 \u00e9t\u00e9 une source de dissensions et la cause de blocages r\u00e9p\u00e9t\u00e9s du b\u00e2timent universitaire par des \u00e9tudiants. Avec la mobilisation de lundi, le Crif Alsace, le Consistoire isra\u00e9lite du Bas-Rhin et le FSJU veulent aussi alerter les \u00e9lus \u00ab sur les discours de haines antisionistes qui se d\u00e9veloppent dans notre ville \u00e0 travers les graffitis, les affiches et les manifestations radicales \u00bb.<\/p>\n<p>Depuis le 7-Octobre, date des attaques sans pr\u00e9c\u00e9dent du mouvement islamiste palestinien Hamas contre Isra\u00ebl, des tags antis\u00e9mites ont \u00e9t\u00e9 retrouv\u00e9s \u00e0 Strasbourg, notamment sur le campus universitaire et pr\u00e8s d&rsquo;un lieu de m\u00e9moire de la Shoah. Mme Barseghian a \u00ab condamn\u00e9 fermement \u00bb cette recrudescence d&rsquo;actes antis\u00e9mites.<\/p>\n","protected":false},"excerpt":{"rendered":"Le projet de jumelage de la ville de Strasbourg avec le camp palestinien d&rsquo;A\u00efda, qui sera soumis au&hellip;\n","protected":false},"author":2,"featured_media":197599,"comment_status":"","ping_status":"","sticky":false,"template":"","format":"standard","meta":{"footnotes":""},"categories":[2820],"tags":[1111,11,2389,2649,1984,1777,674,107,1011,27,329,775,12,316,25,801,104,640,2879],"class_list":{"0":"post-197598","1":"post","2":"type-post","3":"status-publish","4":"format-standard","5":"has-post-thumbnail","7":"category-strasbourg","8":"tag-actu","9":"tag-actualites","10":"tag-alsace","11":"tag-bas-rhin","12":"tag-conseil-municipal","13":"tag-eu","14":"tag-europe","15":"tag-fil-info","16":"tag-fr","17":"tag-france","18":"tag-france-monde","19":"tag-grand-est","20":"tag-news","21":"tag-politique","22":"tag-republique-francaise","23":"tag-social","24":"tag-societe","25":"tag-strasbourg","26":"tag-strasbourg-ville"},"share_on_mastodon":{"url":"https:\/\/pubeurope.com\/@fr\/114731526604396547","error":""},"_links":{"self":[{"href":"https:\/\/www.europesays.com\/fr\/wp-json\/wp\/v2\/posts\/197598","targetHints":{"allow":["GET"]}}],"collection":[{"href":"https:\/\/www.europesays.com\/fr\/wp-json\/wp\/v2\/posts"}],"about":[{"href":"https:\/\/www.europesays.com\/fr\/wp-json\/wp\/v2\/types\/post"}],"author":[{"embeddable":true,"href":"https:\/\/www.europesays.com\/fr\/wp-json\/wp\/v2\/users\/2"}],"replies":[{"embeddable":true,"href":"https:\/\/www.europesays.com\/fr\/wp-json\/wp\/v2\/comments?post=197598"}],"version-history":[{"count":0,"href":"https:\/\/www.europesays.com\/fr\/wp-json\/wp\/v2\/posts\/197598\/revisions"}],"wp:featuredmedia":[{"embeddable":true,"href":"https:\/\/www.europesays.com\/fr\/wp-json\/wp\/v2\/media\/197599"}],"wp:attachment":[{"href":"https:\/\/www.europesays.com\/fr\/wp-json\/wp\/v2\/media?parent=197598"}],"wp:term":[{"taxonomy":"category","embeddable":true,"href":"https:\/\/www.europesays.com\/fr\/wp-json\/wp\/v2\/categories?post=197598"},{"taxonomy":"post_tag","embeddable":true,"href":"https:\/\/www.europesays.com\/fr\/wp-json\/wp\/v2\/tags?post=197598"}],"curies":[{"name":"wp","href":"https:\/\/api.w.org\/{rel}","templated":true}]}}