{"id":197600,"date":"2025-06-23T07:35:13","date_gmt":"2025-06-23T07:35:13","guid":{"rendered":"https:\/\/www.europesays.com\/fr\/197600\/"},"modified":"2025-06-23T07:35:13","modified_gmt":"2025-06-23T07:35:13","slug":"strasbourg-le-28-juin-lorchestre-philharmonique-enchantera-le-jardin-des-deux-rives","status":"publish","type":"post","link":"https:\/\/www.europesays.com\/fr\/197600\/","title":{"rendered":"Strasbourg. Le 28\u00a0juin, l\u2019Orchestre philharmonique enchantera le jardin des Deux Rives"},"content":{"rendered":"<p>Le 28\u00a0juin, l\u2019Orchestre philharmonique de Strasbourg honorera son incontournable rendez-vous de d\u00e9but d\u2019\u00e9t\u00e9 avec les m\u00e9lomanes strasbourgeois en donnant son concert des Deux Rives.<\/p>\n<p>\u00c0 partir de 21\u00a0h\u00a030, les musiciens interpr\u00e9teront en plein air un programme consacr\u00e9 aux grands airs d\u2019op\u00e9ra qui devrait ravir le public. <\/p>\n<p class=\"note\">En cas d\u2019intemp\u00e9ries, le concert sera report\u00e9 au 29\u00a0juin.<\/p>\n","protected":false},"excerpt":{"rendered":"Le 28\u00a0juin, l\u2019Orchestre philharmonique de Strasbourg honorera son incontournable rendez-vous de d\u00e9but d\u2019\u00e9t\u00e9 avec les m\u00e9lomanes strasbourgeois en&hellip;\n","protected":false},"author":2,"featured_media":197601,"comment_status":"","ping_status":"","sticky":false,"template":"","format":"standard","meta":{"footnotes":""},"categories":[2820],"tags":[1111,11,1687,2880,1777,674,1011,27,775,873,12,25,3140,640,2879],"class_list":{"0":"post-197600","1":"post","2":"type-post","3":"status-publish","4":"format-standard","5":"has-post-thumbnail","7":"category-strasbourg","8":"tag-actu","9":"tag-actualites","10":"tag-culture-loisirs","11":"tag-edition-strasbourg","12":"tag-eu","13":"tag-europe","14":"tag-fr","15":"tag-france","16":"tag-grand-est","17":"tag-musique","18":"tag-news","19":"tag-republique-francaise","20":"tag-spectacle","21":"tag-strasbourg","22":"tag-strasbourg-ville"},"share_on_mastodon":{"url":"https:\/\/pubeurope.com\/@fr\/114731530501913845","error":""},"_links":{"self":[{"href":"https:\/\/www.europesays.com\/fr\/wp-json\/wp\/v2\/posts\/197600","targetHints":{"allow":["GET"]}}],"collection":[{"href":"https:\/\/www.europesays.com\/fr\/wp-json\/wp\/v2\/posts"}],"about":[{"href":"https:\/\/www.europesays.com\/fr\/wp-json\/wp\/v2\/types\/post"}],"author":[{"embeddable":true,"href":"https:\/\/www.europesays.com\/fr\/wp-json\/wp\/v2\/users\/2"}],"replies":[{"embeddable":true,"href":"https:\/\/www.europesays.com\/fr\/wp-json\/wp\/v2\/comments?post=197600"}],"version-history":[{"count":0,"href":"https:\/\/www.europesays.com\/fr\/wp-json\/wp\/v2\/posts\/197600\/revisions"}],"wp:featuredmedia":[{"embeddable":true,"href":"https:\/\/www.europesays.com\/fr\/wp-json\/wp\/v2\/media\/197601"}],"wp:attachment":[{"href":"https:\/\/www.europesays.com\/fr\/wp-json\/wp\/v2\/media?parent=197600"}],"wp:term":[{"taxonomy":"category","embeddable":true,"href":"https:\/\/www.europesays.com\/fr\/wp-json\/wp\/v2\/categories?post=197600"},{"taxonomy":"post_tag","embeddable":true,"href":"https:\/\/www.europesays.com\/fr\/wp-json\/wp\/v2\/tags?post=197600"}],"curies":[{"name":"wp","href":"https:\/\/api.w.org\/{rel}","templated":true}]}}