{"id":197612,"date":"2025-06-23T07:41:15","date_gmt":"2025-06-23T07:41:15","guid":{"rendered":"https:\/\/www.europesays.com\/fr\/197612\/"},"modified":"2025-06-23T07:41:15","modified_gmt":"2025-06-23T07:41:15","slug":"deux-fan-zones-a-bordeaux-et-begles","status":"publish","type":"post","link":"https:\/\/www.europesays.com\/fr\/197612\/","title":{"rendered":"deux fan zones \u00e0 Bordeaux et B\u00e8gles"},"content":{"rendered":"<p>\ud83d\udd52 Article publi\u00e9 le 23 juin 2025<br \/>&#13;<br \/>\n\u2705 Mis \u00e0 jour le 23 juin 2025<\/p>\n<p>La fi\u00e8vre du rugby s\u2019empare \u00e0 nouveau de Bordeaux avec la mise en place de <strong>deux fan zones g\u00e9antes<\/strong>. Le 28 juin 2025, l<strong>\u2018Union Bordeaux-B\u00e8gles (UBB) affrontera le Stade Toulousain en finale du Top 14<\/strong>, au Stade de France. Un choc 100% sud-ouest, charg\u00e9 d\u2019histoire et d\u2019\u00e9motion. Et cette fois encore, la ville voit grand pour faire vivre l\u2019\u00e9v\u00e9nement \u00e0 tous ceux rest\u00e9s en <a href=\"https:\/\/passion-aquitaine.ouest-france.fr\/gironde\/\" target=\"_blank\" rel=\"noopener\">Gironde<\/a>.<\/p>\n<p>Fan zone install\u00e9e pour la finale de l\u2019UBB sur la place des Quinconces \u00e0 Bordeaux \u00a9 Guillaume L.<\/p>\n<p>Une fan zone place des Quinconces pour vivre la finale<\/p>\n<p>Comme pour la <strong>finale de Champions Cup<\/strong> en mai dernier, Bordeaux pr\u00e9pare une fan zone sur la place des Quinconces. \u00c9cran g\u00e9ant, jauge de 25 000 personnes, entr\u00e9e gratuite, mais sur r\u00e9servation : la formule reste inchang\u00e9e. Et si l\u2019on en croit les pr\u00e9c\u00e9dents, les billets partiront en quelques minutes. La billetterie qui ouvrira ce d\u00e9but de semaine, permettra de r\u00e9server jusqu\u2019\u00e0 <strong>quatre places par personne<\/strong>. De quoi partager l\u2019ambiance avec famille ou amis dans des conditions s\u00e9curis\u00e9es, en plein centre-ville.<\/p>\n<p>Nouveaut\u00e9 2025 : le stade Moga aussi en mode fan zone<\/p>\n<p>Pour cette finale du Top 14, une deuxi\u00e8me fan zone pourrait voir le jour\u2026 \u00e0 B\u00e8gles. Le<strong> stade Andr\u00e9-Moga<\/strong> (ex-stade Musard), berceau du rugby local, accueillerait lui aussi les supporters de l\u2019UBB sur \u00e9cran g\u00e9ant. Une belle mani\u00e8re de ramener la f\u00eate dans son fief historique, et de d\u00e9sengorger les Quinconces. Le projet est encore <strong>en cours de validation<\/strong>, mais il est port\u00e9 par la Ville, la M\u00e9tropole et l\u2019UBB. La volont\u00e9 est claire : faire de cette finale une c\u00e9l\u00e9bration collective, ancr\u00e9e dans l\u2019identit\u00e9 rugbystique de Bordeaux.<\/p>\n<p><img loading=\"lazy\" decoding=\"async\" aria-describedby=\"caption-attachment-28348\" class=\"size-full wp-image-28348 lazyload ewww_webp_lazy_load\" src=\"https:\/\/www.europesays.com\/fr\/wp-content\/uploads\/2025\/06\/supporters-rugby.jpg\" alt=\"Les supporters de l'UBB pendant la demi-finale du Top 14 - UBB\" width=\"1200\" height=\"675\" style=\"--smush-placeholder-width: 1200px; --smush-placeholder-aspect-ratio: 1200\/675;\" src-webp=\"https:\/\/www.europesays.com\/fr\/wp-content\/uploads\/2025\/06\/supporters-rugby.jpg.webp\"\/><\/p>\n<p id=\"caption-attachment-28348\" class=\"wp-caption-text\">Les supporters de l\u2019UBB pendant la demi-finale du Top 14 \u00a9 UBB<\/p>\n<p>Une mobilisation XXL pour un rendez-vous historique<\/p>\n<p>D\u00e9j\u00e0 aur\u00e9ol\u00e9e d\u2019un titre europ\u00e9en, l\u2019UBB vise d\u00e9sormais un <strong>doubl\u00e9 l\u00e9gendaire<\/strong>. Et l\u2019enthousiasme monte partout : du quartier Saint-Michel aux Bassins \u00e0 flot, les drapeaux sortent, les terrasses en parlent. Les commer\u00e7ants se pr\u00e9parent, les bars sportifs peaufinent leur d\u00e9co. Pour rappel, la fan zone de la Champions Cup avait co\u00fbt\u00e9 <strong>environ 300 000 \u20ac \u00e0 la Ville et \u00e0 Bordeaux M\u00e9tropole<\/strong>. Un investissement cons\u00e9quent, mais justifi\u00e9 par la mobilisation populaire et la visibilit\u00e9 g\u00e9n\u00e9r\u00e9e. Pour cette finale, l\u2019engouement pourrait battre tous les records.<\/p>\n<p>O\u00f9 suivre le match UBB-Toulouse \u00e0 Bordeaux ?<\/p>\n<ul>\n<li><strong>Place des Quinconces :<\/strong> \u00e9cran g\u00e9ant, jauge 25 000, billets gratuits \u00e0 r\u00e9server (informations officielles \u00e0 venir).<\/li>\n<li><strong>Stade Moga \u00e0 B\u00e8gles (en discussion) :<\/strong> lieu symbolique, acc\u00e8s pr\u00e9vu pour les supporters locaux.<\/li>\n<li><a href=\"https:\/\/www.bordeaux-tourisme.com\/sortir\/bars-lieux-pour-voir-matchs-bordeaux\" target=\"_blank\" rel=\"noopener\">Et dans toute la ville :<\/a> bars, terrasses, places publiques\u2026 Bordeaux s\u2019appr\u00eate \u00e0 vibrer jusqu\u2019au bout de la nuit.<\/li>\n<\/ul>\n","protected":false},"excerpt":{"rendered":"\ud83d\udd52 Article publi\u00e9 le 23 juin 2025&#13; \u2705 Mis \u00e0 jour le 23 juin 2025 La fi\u00e8vre du&hellip;\n","protected":false},"author":2,"featured_media":197613,"comment_status":"","ping_status":"","sticky":false,"template":"","format":"standard","meta":{"footnotes":""},"categories":[2817],"tags":[1111,11,1997,1777,674,2396,1011,27,12,2219,25,2312,4364],"class_list":{"0":"post-197612","1":"post","2":"type-post","3":"status-publish","4":"format-standard","5":"has-post-thumbnail","7":"category-bordeaux","8":"tag-actu","9":"tag-actualites","10":"tag-bordeaux","11":"tag-eu","12":"tag-europe","13":"tag-finale","14":"tag-fr","15":"tag-france","16":"tag-news","17":"tag-nouvelle-aquitaine","18":"tag-republique-francaise","19":"tag-toulouse","20":"tag-ubb"},"share_on_mastodon":{"url":"https:\/\/pubeurope.com\/@fr\/114731554290822486","error":""},"_links":{"self":[{"href":"https:\/\/www.europesays.com\/fr\/wp-json\/wp\/v2\/posts\/197612","targetHints":{"allow":["GET"]}}],"collection":[{"href":"https:\/\/www.europesays.com\/fr\/wp-json\/wp\/v2\/posts"}],"about":[{"href":"https:\/\/www.europesays.com\/fr\/wp-json\/wp\/v2\/types\/post"}],"author":[{"embeddable":true,"href":"https:\/\/www.europesays.com\/fr\/wp-json\/wp\/v2\/users\/2"}],"replies":[{"embeddable":true,"href":"https:\/\/www.europesays.com\/fr\/wp-json\/wp\/v2\/comments?post=197612"}],"version-history":[{"count":0,"href":"https:\/\/www.europesays.com\/fr\/wp-json\/wp\/v2\/posts\/197612\/revisions"}],"wp:featuredmedia":[{"embeddable":true,"href":"https:\/\/www.europesays.com\/fr\/wp-json\/wp\/v2\/media\/197613"}],"wp:attachment":[{"href":"https:\/\/www.europesays.com\/fr\/wp-json\/wp\/v2\/media?parent=197612"}],"wp:term":[{"taxonomy":"category","embeddable":true,"href":"https:\/\/www.europesays.com\/fr\/wp-json\/wp\/v2\/categories?post=197612"},{"taxonomy":"post_tag","embeddable":true,"href":"https:\/\/www.europesays.com\/fr\/wp-json\/wp\/v2\/tags?post=197612"}],"curies":[{"name":"wp","href":"https:\/\/api.w.org\/{rel}","templated":true}]}}