{"id":197620,"date":"2025-06-23T07:46:10","date_gmt":"2025-06-23T07:46:10","guid":{"rendered":"https:\/\/www.europesays.com\/fr\/197620\/"},"modified":"2025-06-23T07:46:10","modified_gmt":"2025-06-23T07:46:10","slug":"mehdi-kerkouche-investit-la-vieille-charite-a-marseille-avec-sa-derniere-creation-360","status":"publish","type":"post","link":"https:\/\/www.europesays.com\/fr\/197620\/","title":{"rendered":"Mehdi Kerkouche investit la Vieille Charit\u00e9 \u00e0 Marseille avec sa derni\u00e8re cr\u00e9ation \u00ab\u00a0360\u00a0\u00bb"},"content":{"rendered":"<p>Il danse avec son art. Le chor\u00e9graphe, metteur en sc\u00e8ne et directeur du Centre chor\u00e9graphique national de Cr\u00e9teil-Val de Marne, <a href=\"https:\/\/www.laprovence.com\/article\/france-monde\/25166694599657\/cardio-yoga-champions-et-exposition-qui-detonne-le-louvre-a-lheure-des-jo\" target=\"_blank\" rel=\"noopener\">Medhi Kerkouche<\/a> est de retour dans la cit\u00e9 phoc\u00e9enne avec un concert dans\u00e9 intitul\u00e9 360 sur des sons \u00e9lectro de Lucie Antunes. Cette cr\u00e9ation est pr\u00e9sent\u00e9e au <a href=\"https:\/\/www.laprovence.com\/article\/culture-loisirs\/315684246676414\/festival-de-marseille-les-spectacles-a-ne-pas-manquer-du-12-juin-au-6-juillet\" target=\"_blank\" rel=\"noopener\">Festival de Marseille<\/a> et la captation sera diffus\u00e9e le 1er\u00a0juillet prochain sur France 4. \u00ab\u00a0Une ode \u00e0 l&rsquo;\u00e9change\u00a0\u00bb, selon Medhi Kerkouche dans un dispositif sc\u00e9nographique \u00e0 360 degr\u00e9s o\u00f9 le public est debout sur la sc\u00e8ne. Il taille ici pour les huit danseurs qu&rsquo;il rassemble, un spectacle qui traduit l&rsquo;\u00e9nergie survolt\u00e9e de l&rsquo;artiste de 39 ans. Parviendra-t-il \u00e0 emporter l&rsquo;adh\u00e9sion des spectateurs, comme lors de sa pr\u00e9c\u00e9dente venue <a href=\"https:\/\/www.laprovence.com\/article\/region\/193423830585114\/marseille-au-sein-du-mucem-le-restaurant-du-cafe-du-fort-reprend-vie\" target=\"_blank\" rel=\"noopener\">au Mucem<\/a> en septembre 2024 ? R\u00e9ponse ces 25, 26 et 27 juin au Centre de la Vieille Charit\u00e9 (2e) \u00e0 Marseille.<\/p>\n<p><strong>Quel regard portez-vous sur vos vingt ans de carri\u00e8re ?<\/strong>&#13;\n<\/p>\n<p>Si je commence \u00e0 tout vous raconter, nous en avons pour deux heures (rires) ! Alors, je vais essayer d&rsquo;\u00eatre bref. J&rsquo;ai longtemps travaill\u00e9 sur plein de projets dans l&rsquo;ombre avant de devenir chor\u00e9graphe pour l&rsquo;\u00e9mission de t\u00e9l\u00e9vision The Voice, pour l&rsquo;Eurovision, entre autres. Quand j&rsquo;ai mont\u00e9 ma propre compagnie, j&rsquo;ai collabor\u00e9 avec <a href=\"https:\/\/www.laprovence.com\/article\/sortie-loisirs\/6632713910022415\/tombe-malade-christine-and-the-queens-annule-sa-tournee-et-ne-chantera-pas-au-silo-a-marseille-en-novembre\" target=\"_blank\" rel=\"noopener\">Christine and The Queens<\/a>, Ang\u00e8le.<\/p>\n","protected":false},"excerpt":{"rendered":"Il danse avec son art. Le chor\u00e9graphe, metteur en sc\u00e8ne et directeur du Centre chor\u00e9graphique national de Cr\u00e9teil-Val&hellip;\n","protected":false},"author":2,"featured_media":197621,"comment_status":"","ping_status":"","sticky":false,"template":"","format":"standard","meta":{"footnotes":""},"categories":[2814],"tags":[17,1111,11,26366,251,1777,674,6383,1011,27,33734,27193,33736,884,33735,12,882,25,96],"class_list":{"0":"post-197620","1":"post","2":"type-post","3":"status-publish","4":"format-standard","5":"has-post-thumbnail","7":"category-marseille","8":"tag-17","9":"tag-actu","10":"tag-actualites","11":"tag-choregraphique","12":"tag-culture","13":"tag-eu","14":"tag-europe","15":"tag-experience","16":"tag-fr","17":"tag-france","18":"tag-immersive","19":"tag-investit","20":"tag-kerkouche","21":"tag-marseille","22":"tag-mehdi","23":"tag-news","24":"tag-provence-alpes-cote-dazur","25":"tag-republique-francaise","26":"tag-une"},"share_on_mastodon":{"url":"https:\/\/pubeurope.com\/@fr\/114731573827753424","error":""},"_links":{"self":[{"href":"https:\/\/www.europesays.com\/fr\/wp-json\/wp\/v2\/posts\/197620","targetHints":{"allow":["GET"]}}],"collection":[{"href":"https:\/\/www.europesays.com\/fr\/wp-json\/wp\/v2\/posts"}],"about":[{"href":"https:\/\/www.europesays.com\/fr\/wp-json\/wp\/v2\/types\/post"}],"author":[{"embeddable":true,"href":"https:\/\/www.europesays.com\/fr\/wp-json\/wp\/v2\/users\/2"}],"replies":[{"embeddable":true,"href":"https:\/\/www.europesays.com\/fr\/wp-json\/wp\/v2\/comments?post=197620"}],"version-history":[{"count":0,"href":"https:\/\/www.europesays.com\/fr\/wp-json\/wp\/v2\/posts\/197620\/revisions"}],"wp:featuredmedia":[{"embeddable":true,"href":"https:\/\/www.europesays.com\/fr\/wp-json\/wp\/v2\/media\/197621"}],"wp:attachment":[{"href":"https:\/\/www.europesays.com\/fr\/wp-json\/wp\/v2\/media?parent=197620"}],"wp:term":[{"taxonomy":"category","embeddable":true,"href":"https:\/\/www.europesays.com\/fr\/wp-json\/wp\/v2\/categories?post=197620"},{"taxonomy":"post_tag","embeddable":true,"href":"https:\/\/www.europesays.com\/fr\/wp-json\/wp\/v2\/tags?post=197620"}],"curies":[{"name":"wp","href":"https:\/\/api.w.org\/{rel}","templated":true}]}}