{"id":197622,"date":"2025-06-23T07:47:09","date_gmt":"2025-06-23T07:47:09","guid":{"rendered":"https:\/\/www.europesays.com\/fr\/197622\/"},"modified":"2025-06-23T07:47:09","modified_gmt":"2025-06-23T07:47:09","slug":"un-motard-se-tue-sur-cette-route-tres-frequentee","status":"publish","type":"post","link":"https:\/\/www.europesays.com\/fr\/197622\/","title":{"rendered":"un motard se tue sur cette route tr\u00e8s fr\u00e9quent\u00e9e"},"content":{"rendered":"<p>            Par<br \/>\n        <strong><br \/>\n            <a href=\"https:\/\/actu.fr\/auteur\/thibault-nadal-actu-fr\" title=\"Consulter tous les articles de Thibault Nadal\" target=\"_blank\" rel=\"noopener\">Thibault Nadal<\/a><br \/>\n        <\/strong><\/p>\n<p>        Publi\u00e9 le<\/p>\n<p>            23 juin 2025 \u00e0 9h40        <\/p>\n<p>Drame dans les quartiers Nord de <a href=\"https:\/\/actu.fr\/marseille\/\" target=\"_blank\" rel=\"noopener\">Marseille<\/a>. Ce dimanche 22\u00a0juin 2025, un homme est mort apr\u00e8s un violent <a href=\"https:\/\/actu.fr\/tag\/accident\" target=\"_blank\" rel=\"noopener\">accident<\/a> de <strong>deux-roues<\/strong> dans le 16e arrondissement, apprend actu Marseille aupr\u00e8s des <a href=\"https:\/\/actu.fr\/tag\/marin-pompier\" target=\"_blank\" rel=\"noopener\">marins-pompiers<\/a>, confirmant une information de <a href=\"https:\/\/www.laprovence.com\/article\/faits-divers-justice\/2031042026736415\/un-motard-de-23-ans-sest-tue-sur-le-chemin-du-littoral-a-marseille\" target=\"_blank\" rel=\"noopener\">La Provence<\/a>.<\/p>\n<p>La victime est \u00e2g\u00e9e de 23\u00a0ans<\/p>\n<p class=\" wall-content\">Les faits sont survenus ce dimanche vers 19h30 sur <strong>le Chemin du Littoral<\/strong>, une route tr\u00e8s fr\u00e9quent\u00e9e du quartier de <a href=\"https:\/\/actu.fr\/tag\/l-estaque\" target=\"_blank\" rel=\"noopener\">L\u2019Estaque<\/a>, font savoir les marins-pompiers.<\/p>\n<p class=\" wall-content\">La victime est un homme de 23 ans. Il \u00e9tait en arr\u00eat cardio-respiratoire au moment o\u00f9 les secours sont intervenus et il n\u2019a pu \u00eatre r\u00e9anim\u00e9.<\/p>\n<p>Il aurait perdu le contr\u00f4le de son v\u00e9hicule<\/p>\n<p class=\" wall-content\">Selon nos confr\u00e8res qui ont eu acc\u00e8s aux images de vid\u00e9osurveillance, le motard aurait perdu le contr\u00f4le <strong>en voulant doubler des voitures devant lui<\/strong>. Mais la victime aurait mal n\u00e9goci\u00e9 le virage et aurait fini sa course dans une borne anti-stationnement.<\/p>\n<p class=\" wall-content\">Une enqu\u00eate a \u00e9t\u00e9 ouverte pour confirmer les premi\u00e8res hypoth\u00e8ses dans cette affaire.<\/p>\n<p>Vid\u00e9os : en ce moment sur Actu<\/p>\n<p class=\" wall-content\">Suivez toute l\u2019actualit\u00e9 de vos villes et m\u00e9dias favoris en vous inscrivant \u00e0 <a href=\"https:\/\/moncompte.actu.fr\" title=\"D\u00e9couvez Mon Actu\" rel=\"nofollow noopener\" data-trk=\"{&quot;cta&quot;:{&quot;action&quot;:&quot;https:\\\/\\\/moncompte.actu.fr&quot;,&quot;category&quot;:&quot;mon compte&quot;,&quot;from&quot;:&quot;article footer&quot;,&quot;name&quot;:&quot;Mon actu&quot;,&quot;type&quot;:&quot;cta&quot;}}\" target=\"_blank\">Mon Actu<\/a>.<\/p>\n","protected":false},"excerpt":{"rendered":"Par Thibault Nadal Publi\u00e9 le 23 juin 2025 \u00e0 9h40 Drame dans les quartiers Nord de Marseille. Ce&hellip;\n","protected":false},"author":2,"featured_media":99500,"comment_status":"","ping_status":"","sticky":false,"template":"","format":"standard","meta":{"footnotes":""},"categories":[2814],"tags":[119,1111,11,1777,674,118,1011,27,10853,17289,884,12,882,25],"class_list":{"0":"post-197622","1":"post","2":"type-post","3":"status-publish","4":"format-standard","5":"has-post-thumbnail","7":"category-marseille","8":"tag-accident","9":"tag-actu","10":"tag-actualites","11":"tag-eu","12":"tag-europe","13":"tag-faits-divers","14":"tag-fr","15":"tag-france","16":"tag-lestaque","17":"tag-marin-pompier","18":"tag-marseille","19":"tag-news","20":"tag-provence-alpes-cote-dazur","21":"tag-republique-francaise"},"share_on_mastodon":{"url":"https:\/\/pubeurope.com\/@fr\/114731577737940726","error":""},"_links":{"self":[{"href":"https:\/\/www.europesays.com\/fr\/wp-json\/wp\/v2\/posts\/197622","targetHints":{"allow":["GET"]}}],"collection":[{"href":"https:\/\/www.europesays.com\/fr\/wp-json\/wp\/v2\/posts"}],"about":[{"href":"https:\/\/www.europesays.com\/fr\/wp-json\/wp\/v2\/types\/post"}],"author":[{"embeddable":true,"href":"https:\/\/www.europesays.com\/fr\/wp-json\/wp\/v2\/users\/2"}],"replies":[{"embeddable":true,"href":"https:\/\/www.europesays.com\/fr\/wp-json\/wp\/v2\/comments?post=197622"}],"version-history":[{"count":0,"href":"https:\/\/www.europesays.com\/fr\/wp-json\/wp\/v2\/posts\/197622\/revisions"}],"wp:featuredmedia":[{"embeddable":true,"href":"https:\/\/www.europesays.com\/fr\/wp-json\/wp\/v2\/media\/99500"}],"wp:attachment":[{"href":"https:\/\/www.europesays.com\/fr\/wp-json\/wp\/v2\/media?parent=197622"}],"wp:term":[{"taxonomy":"category","embeddable":true,"href":"https:\/\/www.europesays.com\/fr\/wp-json\/wp\/v2\/categories?post=197622"},{"taxonomy":"post_tag","embeddable":true,"href":"https:\/\/www.europesays.com\/fr\/wp-json\/wp\/v2\/tags?post=197622"}],"curies":[{"name":"wp","href":"https:\/\/api.w.org\/{rel}","templated":true}]}}