{"id":197623,"date":"2025-06-23T07:48:09","date_gmt":"2025-06-23T07:48:09","guid":{"rendered":"https:\/\/www.europesays.com\/fr\/197623\/"},"modified":"2025-06-23T07:48:09","modified_gmt":"2025-06-23T07:48:09","slug":"la-petite-fille-rejugee-pour-assassinat","status":"publish","type":"post","link":"https:\/\/www.europesays.com\/fr\/197623\/","title":{"rendered":"la petite-fille rejug\u00e9e pour assassinat"},"content":{"rendered":"<p itemprop=\"description\"><strong>Ce nouveau proc\u00e8s se d\u00e9roule \u00e0 partir de ce lundi devant les assises de l\u2019Ain.<\/strong><\/p>\n<p>Le 3 octobre dernier, Emilie G. \u00e9tait reconnue coupable par la cour d\u2019assises de Lyon d\u2019avoir provoqu\u00e9 la mort de son grand-p\u00e8re en mettant le feu \u00e0 son lit m\u00e9dicalis\u00e9 en 2020 \u00e0 Saint-Laurent-de-Mure dans le Rh\u00f4ne.\u00a0<\/p>\n<p>Pour ces faits pour lesquels elle avait mis en avant \u00ab\u00a0un suicide assist\u00e9\u00a0\u00bb pour mettre fin \u00e0 ses souffrances, la trentenaire avait \u00e9cop\u00e9 d\u2019une peine de cinq ans de prison avec sursis malgr\u00e9 les r\u00e9quisitions du procureur qui demandait 15 ans de r\u00e9clusion criminelle. Le minist\u00e8re public avait par la suite d\u00e9cid\u00e9 de faire appel de la d\u00e9cision avec au bout un nouveau proc\u00e8s cette fois-ci \u00e0 Bourg-en-Bresse.\u00a0<\/p>\n<p>Les circonstances tragiques de ce drame familial avaient marqu\u00e9 la premi\u00e8re audience. Le grand-p\u00e8re avait \u00e9t\u00e9 pris en charge dans la villa familiale, mais sa fin de vie avait \u00e9t\u00e9 tragique, l\u2019incendie de son lit ayant entra\u00een\u00e9 sa mort par asphyxie. L&rsquo;origine humaine du feu avait \u00e9t\u00e9 \u00e9tablie rapidement, et l&rsquo;expertise avait r\u00e9v\u00e9l\u00e9 que le matelas avait \u00e9t\u00e9 asperg\u00e9 d&rsquo;essence, un acte attribu\u00e9 \u00e0 sa petite-fille, tr\u00e8s proche de lui.<\/p>\n<p>La l\u00e9gislation concernant la fin de vie et l\u2019euthanasie devrait une nouvelle fois \u00eatre au c\u0153ur des d\u00e9bats.<\/p>\n","protected":false},"excerpt":{"rendered":"Ce nouveau proc\u00e8s se d\u00e9roule \u00e0 partir de ce lundi devant les assises de l\u2019Ain. Le 3 octobre&hellip;\n","protected":false},"author":2,"featured_media":197624,"comment_status":"","ping_status":"","sticky":false,"template":"","format":"standard","meta":{"footnotes":""},"categories":[1889],"tags":[1111,11,2813,2190,2430,1109,251,1112,2811,1777,674,118,1011,27,1922,1110,1114,2428,2810,12,241,316,25,2812,517,800],"class_list":{"0":"post-197623","1":"post","2":"type-post","3":"status-publish","4":"format-standard","5":"has-post-thumbnail","7":"category-lyon","8":"tag-actu","9":"tag-actualites","10":"tag-article","11":"tag-asvel","12":"tag-auvergne-rhone-alpes","13":"tag-breves","14":"tag-culture","15":"tag-depeches","16":"tag-economique","17":"tag-eu","18":"tag-europe","19":"tag-faits-divers","20":"tag-fr","21":"tag-france","22":"tag-info","23":"tag-informations","24":"tag-infos","25":"tag-lyon","26":"tag-lyonmag","27":"tag-news","28":"tag-ol","29":"tag-politique","30":"tag-republique-francaise","31":"tag-sociale","32":"tag-sport","33":"tag-transports"},"share_on_mastodon":{"url":"https:\/\/pubeurope.com\/@fr\/114731581705964576","error":""},"_links":{"self":[{"href":"https:\/\/www.europesays.com\/fr\/wp-json\/wp\/v2\/posts\/197623","targetHints":{"allow":["GET"]}}],"collection":[{"href":"https:\/\/www.europesays.com\/fr\/wp-json\/wp\/v2\/posts"}],"about":[{"href":"https:\/\/www.europesays.com\/fr\/wp-json\/wp\/v2\/types\/post"}],"author":[{"embeddable":true,"href":"https:\/\/www.europesays.com\/fr\/wp-json\/wp\/v2\/users\/2"}],"replies":[{"embeddable":true,"href":"https:\/\/www.europesays.com\/fr\/wp-json\/wp\/v2\/comments?post=197623"}],"version-history":[{"count":0,"href":"https:\/\/www.europesays.com\/fr\/wp-json\/wp\/v2\/posts\/197623\/revisions"}],"wp:featuredmedia":[{"embeddable":true,"href":"https:\/\/www.europesays.com\/fr\/wp-json\/wp\/v2\/media\/197624"}],"wp:attachment":[{"href":"https:\/\/www.europesays.com\/fr\/wp-json\/wp\/v2\/media?parent=197623"}],"wp:term":[{"taxonomy":"category","embeddable":true,"href":"https:\/\/www.europesays.com\/fr\/wp-json\/wp\/v2\/categories?post=197623"},{"taxonomy":"post_tag","embeddable":true,"href":"https:\/\/www.europesays.com\/fr\/wp-json\/wp\/v2\/tags?post=197623"}],"curies":[{"name":"wp","href":"https:\/\/api.w.org\/{rel}","templated":true}]}}