{"id":197637,"date":"2025-06-23T07:57:10","date_gmt":"2025-06-23T07:57:10","guid":{"rendered":"https:\/\/www.europesays.com\/fr\/197637\/"},"modified":"2025-06-23T07:57:10","modified_gmt":"2025-06-23T07:57:10","slug":"paris-lile-de-la-cite-touchee-par-une-coupure-electrique-le-palais-de-justice-et-le-tribunal-de-commerce-paralyses","status":"publish","type":"post","link":"https:\/\/www.europesays.com\/fr\/197637\/","title":{"rendered":"Paris\u00a0: l\u2019\u00eele de la Cit\u00e9 touch\u00e9e par une coupure \u00e9lectrique, le Palais de justice et le tribunal de commerce paralys\u00e9s"},"content":{"rendered":"<p class=\"paragraph text_align_left lp-f-body-02\">Les pannes \u00e9lectriques s\u2019encha\u00eenent dans la capitale. Apr\u00e8s <a href=\"https:\/\/www.leparisien.fr\/economie\/gare-de-lest-de-nombreux-trains-retardes-au-depart-et-a-larrivee-en-raison-dune-panne-electrique-22-06-2025-2EHBZNZDEVATFLBBYQSP2FICFE.php\" target=\"_blank\" rel=\"noreferrer nofollow noopener\">une soir\u00e9e de pagaille en gare de l\u2019Est<\/a>, c\u2019est au tour des institutions et des b\u00e2timents de l\u2019\u00cele de la Cit\u00e9 de se r\u00e9veiller dans l\u2019obscurit\u00e9 ce lundi 23 juin au matin, victimes d\u2019une coupure \u00e9lectrique g\u00e9n\u00e9ralis\u00e9e.<\/p>\n<p class=\"paragraph text_align_left lp-f-body-02\">D\u00e8s 9 heures, les avocats de Paris ont alert\u00e9 sur les r\u00e9seaux sociaux de l\u2019impact de cette panne sur l\u2019activit\u00e9 judiciaire : \u00ab Une coupure \u00e9lectrique g\u00e9n\u00e9rale impacte l\u2019\u00eele de la Cit\u00e9. Les acc\u00e8s au Palais de justice et au tribunal de commerce sont ferm\u00e9s jusqu\u2019\u00e0 14 heures minimum. \u00bb<\/p>\n<p>Audiences perturb\u00e9es<\/p>\n<p class=\"paragraph text_align_left lp-f-body-02\">Cons\u00e9quence directe de cette situation, les audiences sont perturb\u00e9es. Les audiences d\u2019urgence, notamment celles relatives \u00e0 l\u2019hospitalisation d\u2019office et au contentieux des \u00e9trangers, ont \u00e9t\u00e9 transf\u00e9r\u00e9es provisoirement au conseil de prud\u2019hommes de Paris. La Cour d\u2019appel s\u2019organise de son c\u00f4t\u00e9 pour maintenir les audiences en assises et en CHINS (chambre de l\u2019instruction).<\/p>\n<p class=\"paragraph text_align_left lp-f-body-02\">Les raisons de cette coupure restent pour l\u2019heure inconnues. La situation devrait revenir \u00e0 la normale dans l\u2019apr\u00e8s-midi, mais cette matin\u00e9e de paralysie pose la question de la s\u00e9curisation de l\u2019alimentation \u00e9lectrique des b\u00e2timents strat\u00e9giques de l\u2019\u00cele de la Cit\u00e9. En d\u00e9cembre dernier, une panne similaire avait d\u00e9j\u00e0 affect\u00e9 plusieurs arrondissements, suscitant l\u2019inqui\u00e9tude des commer\u00e7ants et des habitants.<\/p>\n","protected":false},"excerpt":{"rendered":"Les pannes \u00e9lectriques s\u2019encha\u00eenent dans la capitale. Apr\u00e8s une soir\u00e9e de pagaille en gare de l\u2019Est, c\u2019est au&hellip;\n","protected":false},"author":2,"featured_media":197638,"comment_status":"","ping_status":"","sticky":false,"template":"","format":"standard","meta":{"footnotes":""},"categories":[1888],"tags":[11,1777,674,1011,27,1944,12,626,25],"class_list":{"0":"post-197637","1":"post","2":"type-post","3":"status-publish","4":"format-standard","5":"has-post-thumbnail","7":"category-paris","8":"tag-actualites","9":"tag-eu","10":"tag-europe","11":"tag-fr","12":"tag-france","13":"tag-ma-ville","14":"tag-news","15":"tag-paris","16":"tag-republique-francaise"},"share_on_mastodon":{"url":"https:\/\/pubeurope.com\/@fr\/114731617060084415","error":""},"_links":{"self":[{"href":"https:\/\/www.europesays.com\/fr\/wp-json\/wp\/v2\/posts\/197637","targetHints":{"allow":["GET"]}}],"collection":[{"href":"https:\/\/www.europesays.com\/fr\/wp-json\/wp\/v2\/posts"}],"about":[{"href":"https:\/\/www.europesays.com\/fr\/wp-json\/wp\/v2\/types\/post"}],"author":[{"embeddable":true,"href":"https:\/\/www.europesays.com\/fr\/wp-json\/wp\/v2\/users\/2"}],"replies":[{"embeddable":true,"href":"https:\/\/www.europesays.com\/fr\/wp-json\/wp\/v2\/comments?post=197637"}],"version-history":[{"count":0,"href":"https:\/\/www.europesays.com\/fr\/wp-json\/wp\/v2\/posts\/197637\/revisions"}],"wp:featuredmedia":[{"embeddable":true,"href":"https:\/\/www.europesays.com\/fr\/wp-json\/wp\/v2\/media\/197638"}],"wp:attachment":[{"href":"https:\/\/www.europesays.com\/fr\/wp-json\/wp\/v2\/media?parent=197637"}],"wp:term":[{"taxonomy":"category","embeddable":true,"href":"https:\/\/www.europesays.com\/fr\/wp-json\/wp\/v2\/categories?post=197637"},{"taxonomy":"post_tag","embeddable":true,"href":"https:\/\/www.europesays.com\/fr\/wp-json\/wp\/v2\/tags?post=197637"}],"curies":[{"name":"wp","href":"https:\/\/api.w.org\/{rel}","templated":true}]}}