{"id":197639,"date":"2025-06-23T07:58:10","date_gmt":"2025-06-23T07:58:10","guid":{"rendered":"https:\/\/www.europesays.com\/fr\/197639\/"},"modified":"2025-06-23T07:58:10","modified_gmt":"2025-06-23T07:58:10","slug":"poutine-recoit-le-chef-de-la-diplomatie-iranienne-pour-des-consultations-dune-grande-importance","status":"publish","type":"post","link":"https:\/\/www.europesays.com\/fr\/197639\/","title":{"rendered":"Poutine re\u00e7oit le chef de la diplomatie iranienne pour des consultations \u00abd&rsquo;une grande importance\u00bb"},"content":{"rendered":"<p>Ces discussions porteront sur \u00abla situation r\u00e9gionale et internationale \u00e0 la suite de l\u2019agression militaire des \u00c9tats-Unis et du r\u00e9gime sioniste contre l\u2019Iran\u00bb.<\/p>\n<p class=\"fig-paragraph\"><a href=\"http:\/\/www.lefigaro.fr\/international\/nucleaire-le-chef-de-la-diplomatie-iranienne-a-oman-pour-les-pourparlers-avec-les-etats-unis-20250511\" target=\"_blank\" data-fig-type=\"NewsFlash\" rel=\"noopener\" data-gtm-custom-categorie=\"navigation\" data-gtm-custom-action=\"crossclick\" data-gtm-custom-label=\"Contextuel\" data-gtm-event=\"customEventSPE\" data-fig-domain=\"LEFIGARO\">Le chef de la diplomatie iranienne<\/a>\u00a0a affirm\u00e9 ce lundi s&rsquo;attendre \u00e0 des consultations d&rsquo;\u00abune grande importance\u00bb en\u00a0<a href=\"http:\/\/www.lefigaro.fr\/international\/poutine-affirme-que-le-rearmement-de-l-otan-n-est-pas-une-menace-pour-la-russie-20250618\" target=\"_blank\" data-fig-type=\"NewsFlash\" rel=\"noopener\" data-gtm-custom-categorie=\"navigation\" data-gtm-custom-action=\"crossclick\" data-gtm-custom-label=\"Contextuel\" data-gtm-event=\"customEventSPE\" data-fig-domain=\"LEFIGARO\">Russie\u00a0<\/a>o\u00f9 il doit notamment rencontrer Vladimir Poutine, apr\u00e8s des frappes am\u00e9ricaines sur des sites nucl\u00e9aires de la R\u00e9publique islamique.<\/p>\n<p class=\"fig-paragraph\">\u00abDans cette nouvelle situation dangereuse (&#8230;), nos consultations avec la Russie peuvent \u00eatre certainement d&rsquo;une grande importance\u00bb, a d\u00e9clar\u00e9 depuis Moscou,\u00a0<a href=\"http:\/\/www.lefigaro.fr\/international\/iran-negocier-directement-avec-les-etats-unis-n-aurait-aucun-sens-selon-le-chef-de-la-diplomatie-20250406\" target=\"_blank\" data-fig-type=\"NewsFlash\" rel=\"noopener\" data-gtm-custom-categorie=\"navigation\" data-gtm-custom-action=\"crossclick\" data-gtm-custom-label=\"Contextuel\" data-gtm-event=\"customEventSPE\" data-fig-domain=\"LEFIGARO\">Abbas Araghchi<\/a>, \u00e0 la t\u00e9l\u00e9vision iranienne, cit\u00e9 par les agences de presse russes.<\/p>\n<p class=\"fig-paragraph\">Abbas Araghchi, qui avait lui-m\u00eame annonc\u00e9 depuis Istanbul qu&rsquo;il irait dans la capitale russe pour voir ce lundi le pr\u00e9sident russe, \u00abest arriv\u00e9 \u00e0 Moscou pour des consultations avec le pr\u00e9sident (russe) et d&rsquo;autres responsables officiels\u00bb dimanche soir, selon l&rsquo;agence officielle iranienne Irna. Ces discussions porteront sur \u00abla situation r\u00e9gionale et internationale \u00e0 la suite de l&rsquo;agression militaire des \u00c9tats-Unis et du r\u00e9gime sioniste contre l&rsquo;Iran\u00bb, selon la m\u00eame source.<\/p>\n<p>Les frappes am\u00e9ricaines d\u00e9nonc\u00e9es comme \u00abirresponsables\u00bb<\/p>\n<p class=\"fig-paragraph\">La Russie a fermement condamn\u00e9 dimanche les frappes am\u00e9ricaines contre des sites nucl\u00e9aires en Iran, pays alli\u00e9 de Moscou, d\u00e9non\u00e7ant des bombardements \u00abirresponsables\u00bb contre son principal alli\u00e9 au Moyen-Orient. D\u00e8s le 13 juin, au premier jour des frappes isra\u00e9liennes contre l&rsquo;Iran, Vladimir Poutine s&rsquo;\u00e9tait dit \u00abpr\u00eat\u00bb \u00e0 \u00abjouer un r\u00f4le de m\u00e9diateur afin d&rsquo;\u00e9viter une nouvelle escalade des tensions\u00bb, selon le Kremlin.<\/p>\n<p class=\"fig-paragraph\">Mais sa proposition a \u00e9t\u00e9 fra\u00eechement accueillie par l&rsquo;Union europ\u00e9enne, Bruxelles estimant que la Russie ne pouvait \u00abpas \u00eatre un m\u00e9diateur objectif\u00bb. Vendredi dernier, Vladimir Poutine a cherch\u00e9 lui-m\u00eame \u00e0 temp\u00e9rer sa proposition d&rsquo;\u00eatre m\u00e9diateur dans le conflit entre l&rsquo;Iran et Isra\u00ebl, en assurant ne proposer que des \u00abid\u00e9es\u00bb de r\u00e8glement.<\/p>\n<p class=\"fig-paragraph\">Si la Russie entretient historiquement de bonnes relations avec Isra\u00ebl, ces liens ont \u00e9t\u00e9 affect\u00e9s depuis le d\u00e9but de l&rsquo;offensive russe en Ukraine et de la guerre men\u00e9e par Isra\u00ebl \u00e0 Gaza. \u00c0 l\u2019inverse, Moscou s&rsquo;est largement rapproch\u00e9 de T\u00e9h\u00e9ran ces derni\u00e8res ann\u00e9es. Les deux pays ont sign\u00e9 en janvier un trait\u00e9 de partenariat strat\u00e9gique global, visant \u00e0 renforcer leurs liens, notamment militaires, qui ne comprennent n\u00e9anmoins pas de pacte de d\u00e9fense mutuelle.<\/p>\n","protected":false},"excerpt":{"rendered":"Ces discussions porteront sur \u00abla situation r\u00e9gionale et internationale \u00e0 la suite de l\u2019agression militaire des \u00c9tats-Unis et&hellip;\n","protected":false},"author":2,"featured_media":197640,"comment_status":"","ping_status":"","sticky":false,"template":"","format":"standard","meta":{"footnotes":""},"categories":[1591],"tags":[259,11,260,73,1887,14,3019,261,12,262,1885,1886,132],"class_list":{"0":"post-197639","1":"post","2":"type-post","3":"status-publish","4":"format-standard","5":"has-post-thumbnail","7":"category-russie","8":"tag-actualite-internationale","9":"tag-actualites","10":"tag-affaires-etrangeres","11":"tag-etats-unis","12":"tag-federation-de-russie","13":"tag-international","14":"tag-iran","15":"tag-ministere-des-affaires-etrangeres","16":"tag-news","17":"tag-politique-etrangere","18":"tag-russia","19":"tag-russian-federation","20":"tag-russie"},"share_on_mastodon":{"url":"https:\/\/pubeurope.com\/@fr\/114731620971836490","error":""},"_links":{"self":[{"href":"https:\/\/www.europesays.com\/fr\/wp-json\/wp\/v2\/posts\/197639","targetHints":{"allow":["GET"]}}],"collection":[{"href":"https:\/\/www.europesays.com\/fr\/wp-json\/wp\/v2\/posts"}],"about":[{"href":"https:\/\/www.europesays.com\/fr\/wp-json\/wp\/v2\/types\/post"}],"author":[{"embeddable":true,"href":"https:\/\/www.europesays.com\/fr\/wp-json\/wp\/v2\/users\/2"}],"replies":[{"embeddable":true,"href":"https:\/\/www.europesays.com\/fr\/wp-json\/wp\/v2\/comments?post=197639"}],"version-history":[{"count":0,"href":"https:\/\/www.europesays.com\/fr\/wp-json\/wp\/v2\/posts\/197639\/revisions"}],"wp:featuredmedia":[{"embeddable":true,"href":"https:\/\/www.europesays.com\/fr\/wp-json\/wp\/v2\/media\/197640"}],"wp:attachment":[{"href":"https:\/\/www.europesays.com\/fr\/wp-json\/wp\/v2\/media?parent=197639"}],"wp:term":[{"taxonomy":"category","embeddable":true,"href":"https:\/\/www.europesays.com\/fr\/wp-json\/wp\/v2\/categories?post=197639"},{"taxonomy":"post_tag","embeddable":true,"href":"https:\/\/www.europesays.com\/fr\/wp-json\/wp\/v2\/tags?post=197639"}],"curies":[{"name":"wp","href":"https:\/\/api.w.org\/{rel}","templated":true}]}}