{"id":197641,"date":"2025-06-23T07:59:10","date_gmt":"2025-06-23T07:59:10","guid":{"rendered":"https:\/\/www.europesays.com\/fr\/197641\/"},"modified":"2025-06-23T07:59:10","modified_gmt":"2025-06-23T07:59:10","slug":"des-bombardements-massifs-de-missiles-et-de-drones-sur-kiev-font-au-moins-sept-morts","status":"publish","type":"post","link":"https:\/\/www.europesays.com\/fr\/197641\/","title":{"rendered":"des bombardements \u00abmassifs de missiles et de drones\u00bb sur Kiev font au moins sept morts"},"content":{"rendered":"<p>Lundi 23 juin, les autorit\u00e9s ukrainiennes ont annonc\u00e9 que des bombardements sur la capitale Kiev et sa r\u00e9gion dans la nuit ont fait au moins sept morts. Elles font aussi \u00e9tat de deux morts dans le nord de l&rsquo;Ukraine, dont l&rsquo;arm\u00e9e a promis d&rsquo;intensifier ses frappes sur la Russie. Le pr\u00e9sident Zelensky a \u00e9galement d\u00e9clar\u00e9 qu&rsquo;il se rend au Royaume-Uni ce m\u00eame jour pour discuter avec ses alli\u00e9s de la situation.<\/p>\n<p>Le ministre de l&rsquo;Int\u00e9rieur ukrainien, Igor Klymenko, a \u00e9voqu\u00e9 des \u00ab bombardements massifs de missiles et de drones \u00bb pendant la nuit de dimanche 22 \u00e0 lundi 23 juin sur Kiev et sa r\u00e9gion. Il a d\u00e9plor\u00e9 \u00ab des frappes sur des zones r\u00e9sidentielles, des h\u00f4pitaux, des \u00e9quipements sportifs \u00bb par les forces russes, \u00ab sans respect pour le concept d&rsquo;infrastructures civiles \u00bb.<\/p>\n<p>Sur les r\u00e9seaux sociaux, <strong><a href=\"https:\/\/www.rfi.fr\/fr\/tag\/volodymyr-zelensky\/\" class=\"link \" rel=\"nofollow noopener\" target=\"_blank\" data-ylk=\"slk:Volodymyr Zelensky;elm:context_link;itc:0;sec:content-canvas\">Volodymyr Zelensky<\/a><\/strong> a annonc\u00e9 qu&rsquo;au \u00ab total, il y a eu 352 drones, dont 159 Shaheds \u00bb, des engins explosifs de conception iranienne, \u00ab et 16 missiles \u00bb, dont des projectiles balistiques produits par la Cor\u00e9e du Nord.<\/p>\n<p>\u00c0 lire aussi<a href=\"https:\/\/www.rfi.fr\/fr\/europe\/20250622-ukraine-kiev-annonce-vouloir-intensifier-ses-frappes-en-profondeur-sur-la-russie\" class=\"link \" rel=\"nofollow noopener\" target=\"_blank\" data-ylk=\"slk:Ukraine: Kiev annonce vouloir intensifier ses frappes en profondeur sur la Russie;elm:context_link;itc:0;sec:content-canvas\">Ukraine: Kiev annonce vouloir intensifier ses frappes en profondeur sur la Russie<\/a><\/p>\n<p>\u00ab Les op\u00e9rations de secours sont en cours \u00bb<\/p>\n<p><a href=\"https:\/\/www.rfi.fr\/fr\/europe\/20250623-ukraine-des-bombardements-massifs-de-missiles-et-de-drones-sur-kiev-font-au-moins-sept-morts\" rel=\"nofollow noopener\" target=\"_blank\" data-ylk=\"slk:Lire la suite sur RFI;elm:context_link;itc:0;sec:content-canvas\" class=\"link \">Lire la suite sur RFI<\/a><\/p>\n","protected":false},"excerpt":{"rendered":"Lundi 23 juin, les autorit\u00e9s ukrainiennes ont annonc\u00e9 que des bombardements sur la capitale Kiev et sa r\u00e9gion&hellip;\n","protected":false},"author":2,"featured_media":197642,"comment_status":"","ping_status":"","sticky":false,"template":"","format":"standard","meta":{"footnotes":""},"categories":[1590],"tags":[11,23925,13987,1777,674,31905,11229,7088,12,220],"class_list":{"0":"post-197641","1":"post","2":"type-post","3":"status-publish","4":"format-standard","5":"has-post-thumbnail","7":"category-ukraine","8":"tag-actualites","9":"tag-bombardements","10":"tag-coree-du-nord","11":"tag-eu","12":"tag-europe","13":"tag-igor-klymenko","14":"tag-kiev","15":"tag-ministre-de-linterieur","16":"tag-news","17":"tag-ukraine"},"share_on_mastodon":{"url":"https:\/\/pubeurope.com\/@fr\/114731624940960257","error":""},"_links":{"self":[{"href":"https:\/\/www.europesays.com\/fr\/wp-json\/wp\/v2\/posts\/197641","targetHints":{"allow":["GET"]}}],"collection":[{"href":"https:\/\/www.europesays.com\/fr\/wp-json\/wp\/v2\/posts"}],"about":[{"href":"https:\/\/www.europesays.com\/fr\/wp-json\/wp\/v2\/types\/post"}],"author":[{"embeddable":true,"href":"https:\/\/www.europesays.com\/fr\/wp-json\/wp\/v2\/users\/2"}],"replies":[{"embeddable":true,"href":"https:\/\/www.europesays.com\/fr\/wp-json\/wp\/v2\/comments?post=197641"}],"version-history":[{"count":0,"href":"https:\/\/www.europesays.com\/fr\/wp-json\/wp\/v2\/posts\/197641\/revisions"}],"wp:featuredmedia":[{"embeddable":true,"href":"https:\/\/www.europesays.com\/fr\/wp-json\/wp\/v2\/media\/197642"}],"wp:attachment":[{"href":"https:\/\/www.europesays.com\/fr\/wp-json\/wp\/v2\/media?parent=197641"}],"wp:term":[{"taxonomy":"category","embeddable":true,"href":"https:\/\/www.europesays.com\/fr\/wp-json\/wp\/v2\/categories?post=197641"},{"taxonomy":"post_tag","embeddable":true,"href":"https:\/\/www.europesays.com\/fr\/wp-json\/wp\/v2\/tags?post=197641"}],"curies":[{"name":"wp","href":"https:\/\/api.w.org\/{rel}","templated":true}]}}