{"id":197647,"date":"2025-06-23T08:02:10","date_gmt":"2025-06-23T08:02:10","guid":{"rendered":"https:\/\/www.europesays.com\/fr\/197647\/"},"modified":"2025-06-23T08:02:10","modified_gmt":"2025-06-23T08:02:10","slug":"allemagne-pmi-le-secteur-prive-renoue-avec-la-croissance-en-juin-23-06-2025-a-0950","status":"publish","type":"post","link":"https:\/\/www.europesays.com\/fr\/197647\/","title":{"rendered":"Allemagne\/PMI-Le secteur priv\u00e9 renoue avec la croissance en juin &#8211; 23\/06\/2025 \u00e0 09:50"},"content":{"rendered":"<p>\n L&rsquo;activit\u00e9 dans le secteur<br \/>\npriv\u00e9 en Allemagne a renou\u00e9 de mani\u00e8re inattendue avec la<br \/>\ncroissance en juin, port\u00e9e par la reprise du secteur<br \/>\nmanufacturier qui a profit\u00e9 des hausses des commandes, montre<br \/>\nl&rsquo;enqu\u00eate pr\u00e9liminaire PMI S&amp;P Global et HCOB publi\u00e9e lundi.\n<\/p>\n<p>\n L&rsquo;indice PMI composite, qui comprend \u00e0 la fois le secteur<br \/>\ndes services et le secteur manufacturier, est ressorti \u00e0 50,4 en<br \/>\njuin apr\u00e8s 48,5 en mai. Les \u00e9conomistes interrog\u00e9s par Reuters<br \/>\nl&rsquo;attendaient en moyenne \u00e0 49,0.\n<\/p>\n<p>\n La barre des 50 s\u00e9pare croissance et contraction de<br \/>\nl&rsquo;activit\u00e9.\n<\/p>\n<p>\n Le secteur des services a n\u00e9anmoins continu\u00e9 \u00e0 se contracter<br \/>\nce mois-ci mais \u00e0 un rythme plus lent, avec un PMI flash des<br \/>\nservices \u00e0 49,4 contre 47,1 en mai et 47,5 attendu par les<br \/>\n\u00e9conomistes.\n<\/p>\n<p>\n Le PMI pr\u00e9liminaire pour le secteur manufacturier est quant<br \/>\n\u00e0 lui ressorti \u00e0 49,0, conform\u00e9ment aux attentes et apr\u00e8s 48,3<br \/>\nen mai.\n<\/p>\n<p>\n \u00ab\u00a0Il semble que le secteur manufacturier allemand soit enfin<br \/>\nen train de remonter la pente\u00a0\u00bb, a d\u00e9clar\u00e9 Cyrus de la Rubia,<br \/>\n\u00e9conomiste chez Hamburg Commercial Bank.\n<\/p>\n<p>\n Ces donn\u00e9es renforcent un optimisme prudent en Allemagne<br \/>\nalors que le pays s&rsquo;efforce d&rsquo;\u00e9viter une troisi\u00e8me ann\u00e9e<br \/>\ncons\u00e9cutive de r\u00e9cession en 2025, apr\u00e8s le rel\u00e8vement des<br \/>\npr\u00e9visions de croissance par quatre instituts allemands en d\u00e9but<br \/>\nde mois.\n<\/p>\n<p>\n (r\u00e9dig\u00e9 par Rachel More et Miranda Murray ; version fran\u00e7aise<br \/>\nBertrand De Meyer, \u00e9dit\u00e9 par Bertrand Boucey)<\/p>\n","protected":false},"excerpt":{"rendered":"L&rsquo;activit\u00e9 dans le secteur priv\u00e9 en Allemagne a renou\u00e9 de mani\u00e8re inattendue avec la croissance en juin, port\u00e9e&hellip;\n","protected":false},"author":2,"featured_media":15273,"comment_status":"","ping_status":"","sticky":false,"template":"","format":"standard","meta":{"footnotes":""},"categories":[1587],"tags":[400,11,672,398,408,1804,405,1805,1803,1777,674,1801,403,402,399,404,12,1802,401,406,407],"class_list":{"0":"post-197647","1":"post","2":"type-post","3":"status-publish","4":"format-standard","5":"has-post-thumbnail","7":"category-allemagne","8":"tag-action-cac-40","9":"tag-actualites","10":"tag-allemagne","11":"tag-bourse-de-paris","12":"tag-boursorama","13":"tag-bundesrepublik-deutschland","14":"tag-cotations","15":"tag-de","16":"tag-deutschland","17":"tag-eu","18":"tag-europe","19":"tag-germany","20":"tag-indices-devises","21":"tag-investir","22":"tag-investissement","23":"tag-marche-boursier","24":"tag-news","25":"tag-republique-federale-dallemagne","26":"tag-sicav","27":"tag-trackers","28":"tag-warrants"},"share_on_mastodon":{"url":"https:\/\/pubeurope.com\/@fr\/114731636746575869","error":""},"_links":{"self":[{"href":"https:\/\/www.europesays.com\/fr\/wp-json\/wp\/v2\/posts\/197647","targetHints":{"allow":["GET"]}}],"collection":[{"href":"https:\/\/www.europesays.com\/fr\/wp-json\/wp\/v2\/posts"}],"about":[{"href":"https:\/\/www.europesays.com\/fr\/wp-json\/wp\/v2\/types\/post"}],"author":[{"embeddable":true,"href":"https:\/\/www.europesays.com\/fr\/wp-json\/wp\/v2\/users\/2"}],"replies":[{"embeddable":true,"href":"https:\/\/www.europesays.com\/fr\/wp-json\/wp\/v2\/comments?post=197647"}],"version-history":[{"count":0,"href":"https:\/\/www.europesays.com\/fr\/wp-json\/wp\/v2\/posts\/197647\/revisions"}],"wp:featuredmedia":[{"embeddable":true,"href":"https:\/\/www.europesays.com\/fr\/wp-json\/wp\/v2\/media\/15273"}],"wp:attachment":[{"href":"https:\/\/www.europesays.com\/fr\/wp-json\/wp\/v2\/media?parent=197647"}],"wp:term":[{"taxonomy":"category","embeddable":true,"href":"https:\/\/www.europesays.com\/fr\/wp-json\/wp\/v2\/categories?post=197647"},{"taxonomy":"post_tag","embeddable":true,"href":"https:\/\/www.europesays.com\/fr\/wp-json\/wp\/v2\/tags?post=197647"}],"curies":[{"name":"wp","href":"https:\/\/api.w.org\/{rel}","templated":true}]}}