{"id":197648,"date":"2025-06-23T08:03:10","date_gmt":"2025-06-23T08:03:10","guid":{"rendered":"https:\/\/www.europesays.com\/fr\/197648\/"},"modified":"2025-06-23T08:03:10","modified_gmt":"2025-06-23T08:03:10","slug":"leurope-attendue-dans-le-rouge-avec-le-conflit-au-proche-orient-actualise-23-06-2025-a-0932","status":"publish","type":"post","link":"https:\/\/www.europesays.com\/fr\/197648\/","title":{"rendered":"L&rsquo;Europe attendue dans le rouge avec le conflit au Proche-Orient (actualis\u00e9) &#8211; 23\/06\/2025 \u00e0 09:32"},"content":{"rendered":"<p>        <img fetchpriority=\"high\" decoding=\"async\" src=\"https:\/\/www.europesays.com\/fr\/wp-content\/uploads\/2025\/06\/11ef517b4c2a490b7199954bcb8bbca9-760x507.jpg\" alt=\"La bourse Euronext est photographi\u00e9e dans le quartier d'affaires de La D\u00e9fense \u00e0 Paris\" loading=\"eager\" width=\"760\" height=\"507\" style=\"max-width: 100%!important; height: auto;\"\/><\/p>\n<p class=\"c-image-news__legend\">La bourse Euronext est photographi\u00e9e dans le quartier d&rsquo;affaires de La D\u00e9fense \u00e0 Paris<\/p>\n<p>\n Les principales Bourses europ\u00e9ennes sont attendues en baisse lundi \u00e0 l&rsquo;ouverture apr\u00e8s l&rsquo;implication directe des Etats-Unis dans le conflit entre Isra\u00ebl et l&rsquo;Iran.\n<\/p>\n<p>\n D&rsquo;apr\u00e8s les premi\u00e8res indications disponibles, le CAC 40 parisien pourrait perdre 0,64% \u00e0 l&rsquo;ouverture.\n<\/p>\n<p>\n Les contrats \u00e0 terme signalent une ouverture en baisse de 0,36% pour le FTSE \u00e0 Londres, un d\u00e9clin de 0,57% pour le Dax \u00e0 Francfort, et un repli de 0,61% pour le Stoxx 600.\n<\/p>\n<p>\n Donald Trump avait d\u00e9clar\u00e9 le 19 juin se donner deux semaines pour d\u00e9cider d&rsquo;impliquer ou non les Etats-Unis dans le conflit entre Isra\u00ebl et l&rsquo;Iran, il a finalement rapidement pris sa d\u00e9cision.\n<\/p>\n<p>\n Le pr\u00e9sident am\u00e9ricain a annonc\u00e9 que des bombardiers am\u00e9ricains ont frapp\u00e9 au cours de la nuit de samedi \u00e0 dimanche trois sites nucl\u00e9aires iraniens, marquant l&rsquo;entr\u00e9e directe des Etats-Unis dans le conflit.\n<\/p>\n<p>\n L&rsquo;Iran, qui r\u00e9pond depuis le 13 juin aux frappes isra\u00e9liennes par des tirs de missiles, a d\u00e9nonc\u00e9 une \u00ab\u00a0grave violation du droit international\u00a0\u00bb de la part des Etats-Unis, promettant de se d\u00e9fendre.\n<\/p>\n<p>\n \u00ab\u00a0Comme l&rsquo;on pouvait s&rsquo;y attendre, les march\u00e9s sont en mode aversion au risque ce matin, les investisseurs envisageant la suite des \u00e9v\u00e9nements. Mais compte tenu de la gravit\u00e9 de l&rsquo;\u00e9v\u00e9nement, les mouvements semblent \u00e9tonnamment faibles\u00a0\u00bb, jugent lundi les \u00e9conomistes de Rabobank dans une note.\n<\/p>\n<p>\n Le principal risque \u00e9conomique r\u00e9side du c\u00f4t\u00e9 des prix du p\u00e9trole qui pourraient s&rsquo;envoler si l&rsquo;Iran d\u00e9cide d&rsquo;agir sur le d\u00e9troit d&rsquo;Ormuz qui voit passer environ un quart du commerce mondial du p\u00e9trole et 20% des approvisionnements en gaz naturel liqu\u00e9fi\u00e9.\n<\/p>\n<p>\n En Europe, Les investisseurs scruteront la publication des PMI dans la zone euro et la Grande-Bretagne pour le mois de juin afin d&rsquo;\u00e9valuer les premi\u00e8res cons\u00e9quences des tensions commerciales.\n<\/p>\n<p>\n Christine Lagarde, pr\u00e9sidente de la Banque centrale europ\u00e9enne (BCE), sera par ailleurs auditionn\u00e9e devant le Parlement europ\u00e9en au cours de la s\u00e9ance.\n<\/p>\n<p>\n LES VALEURS A SUIVRE : [USN]\n<\/p>\n<p>\n Carmat a annonc\u00e9 vendredi faire face \u00e0 une situation financi\u00e8re critique avec un risque de cessation des paiements d\u00e8s fin juin. Le concepteur de c\u0153urs artificiels a besoin de s\u00e9curiser environ 3,5 millions d&rsquo;euros imm\u00e9diatement pour \u00e9viter la cessation de paiements d\u00e8s juin 2025.\n<\/p>\n<p>\n A WALL STREET\n<\/p>\n<p>\n Les indices de la Bourse de New York ont termin\u00e9 dans le d\u00e9sordre vendredi, les investisseurs jouant la carte de la prudence devant l&rsquo;escalade des tensions entre l&rsquo;Iran et Isra\u00ebl, alors que les \u00c9tats-Unis disent envisager une \u00e9ventuelle implication dans le conflit.\n<\/p>\n<p>\n L&rsquo;indice Dow Jones a gagn\u00e9 0,08%, ou 35,16 points, \u00e0 42.206,82 points.\n<\/p>\n<p>\n Le Standard &amp; Poor&rsquo;s 500, plus large, a perdu 13,03 points, soit 0,22% \u00e0 5.967,84 points.\n<\/p>\n<p>\n Le Nasdaq Composite a recul\u00e9 de son c\u00f4t\u00e9 de 98,86 points, soit 0,51% \u00e0 19.447,41 points.\n<\/p>\n<p>\n Sur la semaine, le S&amp;P 500 a perdu 0,15%, le Nasdaq a pris 0,21% et le Dow Jones a grignot\u00e9 0,02%.\n<\/p>\n<p>\n Sur le plan sectoriel, les valeurs technologiques \u00e0 forte capitalisation, notamment Nvidia ont pes\u00e9 sur les performances du S&amp;P 500 et du Nasdaq, figurant parmi les principaux freins \u00e0 la progression des indices.\n<\/p>\n<p>\n EN ASIE\n<\/p>\n<p>\n La Bourse de Tokyo perd 0,17%, les investisseurs faisant preuve de prudence avec les tensions au Proche-Orient\n<\/p>\n<p>\n En Chine, le sentiment, impact\u00e9 par les donn\u00e9es g\u00e9opolitiques, subit \u00e9galement les craintes d&rsquo;un resserrement de l&rsquo;approvisionnement en liquidit\u00e9s. Les indices restent toutefois dans le vert.\n<\/p>\n<p>\n L&rsquo;indice hongkongais Hang Seng progresse de 0,47%, le SSE Composite de Shanghai se renforce de 0,48%, le CSI 300 gagne 0,17%.\n<\/p>\n<p>\n TAUX\n<\/p>\n<p>\n Les rendements am\u00e9ricains sont \u00e0 la hausse.\n<\/p>\n<p>\n Le rendement du Treasury \u00e0 dix ans prend 2,4 pb \u00e0 4,3989%, tandis que le rendement du titre \u00e0 deux ans progresse de 1,4 pb \u00e0 3,9225%.\n<\/p>\n<p>\n Le rendement du dix ans allemand se renforce de 2,9 pb \u00e0 2,544%, celui du taux \u00e0 deux ans se hisse de 1,3 pb \u00e0 1,862%.\n<\/p>\n<p>\n CHANGES\n<\/p>\n<p>\n Le dollar est en petite hausse, les investisseurs cherchant des valeurs refuges dans un contexte g\u00e9opolitique incertain.\n<\/p>\n<p>\n Le dollar gagne 0,21% face \u00e0 un panier de devises de r\u00e9f\u00e9rence, l&rsquo;euro s&rsquo;\u00e9rode de 0,12% \u00e0 1,1501 dollar, et la livre sterling perd 0,15% \u00e0 1,3419 dollar.\n<\/p>\n<p>\n En Asie, le yen gagne 0,80% \u00e0 147,08 yens pour un dollar, le dollar australien c\u00e8de 0,57% \u00e0 0,6406 dollar.\n<\/p>\n<p>\n P\u00c9TROLE\n<\/p>\n<p>\n Les prix du p\u00e9trole sont en forte hausse lundi et \u00e9voluent \u00e0 un plus haut de cinq mois apr\u00e8s les bombardements am\u00e9ricains en Iran.\n<\/p>\n<p>\n Le Brent progresse de 1,75% \u00e0 78,36 dollars le baril, le brut l\u00e9ger am\u00e9ricain (West Texas Intermediate, WTI) se rench\u00e9rit de 1,76% \u00e0 75,14 dollars.\n<\/p>\n<p>\n (R\u00e9dig\u00e9 par Bertrand De Meyer, \u00e9dit\u00e9 par Augustin Turpin)<\/p>\n","protected":false},"excerpt":{"rendered":"La bourse Euronext est photographi\u00e9e dans le quartier d&rsquo;affaires de La D\u00e9fense \u00e0 Paris Les principales Bourses europ\u00e9ennes&hellip;\n","protected":false},"author":2,"featured_media":197649,"comment_status":"","ping_status":"","sticky":false,"template":"","format":"standard","meta":{"footnotes":""},"categories":[1586],"tags":[400,11,398,408,405,1777,674,1011,27,403,402,399,404,12,25,401,406,407],"class_list":{"0":"post-197648","1":"post","2":"type-post","3":"status-publish","4":"format-standard","5":"has-post-thumbnail","7":"category-europe","8":"tag-action-cac-40","9":"tag-actualites","10":"tag-bourse-de-paris","11":"tag-boursorama","12":"tag-cotations","13":"tag-eu","14":"tag-europe","15":"tag-fr","16":"tag-france","17":"tag-indices-devises","18":"tag-investir","19":"tag-investissement","20":"tag-marche-boursier","21":"tag-news","22":"tag-republique-francaise","23":"tag-sicav","24":"tag-trackers","25":"tag-warrants"},"share_on_mastodon":{"url":"https:\/\/pubeurope.com\/@fr\/114731640737316280","error":""},"_links":{"self":[{"href":"https:\/\/www.europesays.com\/fr\/wp-json\/wp\/v2\/posts\/197648","targetHints":{"allow":["GET"]}}],"collection":[{"href":"https:\/\/www.europesays.com\/fr\/wp-json\/wp\/v2\/posts"}],"about":[{"href":"https:\/\/www.europesays.com\/fr\/wp-json\/wp\/v2\/types\/post"}],"author":[{"embeddable":true,"href":"https:\/\/www.europesays.com\/fr\/wp-json\/wp\/v2\/users\/2"}],"replies":[{"embeddable":true,"href":"https:\/\/www.europesays.com\/fr\/wp-json\/wp\/v2\/comments?post=197648"}],"version-history":[{"count":0,"href":"https:\/\/www.europesays.com\/fr\/wp-json\/wp\/v2\/posts\/197648\/revisions"}],"wp:featuredmedia":[{"embeddable":true,"href":"https:\/\/www.europesays.com\/fr\/wp-json\/wp\/v2\/media\/197649"}],"wp:attachment":[{"href":"https:\/\/www.europesays.com\/fr\/wp-json\/wp\/v2\/media?parent=197648"}],"wp:term":[{"taxonomy":"category","embeddable":true,"href":"https:\/\/www.europesays.com\/fr\/wp-json\/wp\/v2\/categories?post=197648"},{"taxonomy":"post_tag","embeddable":true,"href":"https:\/\/www.europesays.com\/fr\/wp-json\/wp\/v2\/tags?post=197648"}],"curies":[{"name":"wp","href":"https:\/\/api.w.org\/{rel}","templated":true}]}}