{"id":19766,"date":"2025-04-12T12:14:12","date_gmt":"2025-04-12T12:14:12","guid":{"rendered":"https:\/\/www.europesays.com\/fr\/19766\/"},"modified":"2025-04-12T12:14:12","modified_gmt":"2025-04-12T12:14:12","slug":"nouveau-rebondissement-dans-laffaire-marineland-les-orques-interdits-de-partir-en-espagne-flou-sur-leur-avenir","status":"publish","type":"post","link":"https:\/\/www.europesays.com\/fr\/19766\/","title":{"rendered":"Nouveau rebondissement dans l&rsquo;affaire Marineland: les orques interdits de partir en Espagne, flou sur leur avenir"},"content":{"rendered":"<p>Les orques et dauphins du Marineland d&rsquo;Antibes ne peuvent pas partir en Espagne, \u00e0 la suite d&rsquo;<strong>un avis d\u00e9favorable de l&rsquo;autorit\u00e9 scientifique espagnole<\/strong>, et doivent rester sur place pour l&rsquo;instant, a indiqu\u00e9 \u00e0 l&rsquo;AFP le cabinet de la ministre de la Transition \u00e9cologique Agn\u00e8s Pannier-Runacher.<\/p>\n<p>\u00ab\u00a0La ministre demande \u00e0 Parques Reunidos, le propri\u00e9taire de Marineland, de veiller \u00e0 ce que les soins apport\u00e9s aux animaux soient maintenus dans l&rsquo;attente d&rsquo;une future solution\u00a0\u00bb, a-t-on ajout\u00e9 de m\u00eame source, alors que les contrats des soigneurs des animaux expiraient normalement \u00e0 la mi-avril.<\/p>\n<p>\u00ab\u00a0Extr\u00eame urgence\u00a0\u00bb<\/p>\n<p>Install\u00e9 sur la C\u00f4te d&rsquo;Azur depuis 1970,\u00a0Marineland\u00a0a ferm\u00e9 au public en janvier, min\u00e9 par la d\u00e9saffection du public et la loi de 2021 sur le bien-\u00eatre animal qui interdira \u00e0 partir de d\u00e9cembre 2026 les spectacles et le maintien en captivit\u00e9 d&rsquo;orques et de dauphins en France.<\/p>\n<p>La direction du parc a d\u00e9pos\u00e9 en f\u00e9vrier une demande pour transf\u00e9rer avant la mi-avril ses deux orques &#8211;Wikie, 24 ans, et son fils Keijo, 11 ans&#8211; et ses 12 dauphins dans deux parcs en Espagne.<\/p>\n<p><a href=\"https:\/\/www.nicematin.com\/animaux\/l-avenir-des-orques-et-des-dauphins-de-marineland-toujours-en-suspens-980460\" target=\"_blank\" rel=\"noopener\">Et elle insiste d\u00e9sormais sur \u00ab\u00a0l&rsquo;extr\u00eame urgence\u00a0\u00bb de ces transferts<\/a>, dans la mesure o\u00f9 les contrats de ses salari\u00e9s, et en particulier des soigneurs, expirent \u00e0 la mi-avril, et o\u00f9 des travaux de maintenance seraient n\u00e9cessaires en cas de maintien des bassins.<\/p>\n","protected":false},"excerpt":{"rendered":"Les orques et dauphins du Marineland d&rsquo;Antibes ne peuvent pas partir en Espagne, \u00e0 la suite d&rsquo;un avis&hellip;\n","protected":false},"author":2,"featured_media":19767,"comment_status":"","ping_status":"","sticky":false,"template":"","format":"standard","meta":{"footnotes":""},"categories":[4],"tags":[11,332,1011,27,12,25],"class_list":{"0":"post-19766","1":"post","2":"type-post","3":"status-publish","4":"format-standard","5":"has-post-thumbnail","7":"category-france","8":"tag-actualites","9":"tag-faits-de-societe","10":"tag-fr","11":"tag-france","12":"tag-news","13":"tag-republique-francaise"},"share_on_mastodon":{"url":"https:\/\/pubeurope.com\/@fr\/114324941257745234","error":""},"_links":{"self":[{"href":"https:\/\/www.europesays.com\/fr\/wp-json\/wp\/v2\/posts\/19766","targetHints":{"allow":["GET"]}}],"collection":[{"href":"https:\/\/www.europesays.com\/fr\/wp-json\/wp\/v2\/posts"}],"about":[{"href":"https:\/\/www.europesays.com\/fr\/wp-json\/wp\/v2\/types\/post"}],"author":[{"embeddable":true,"href":"https:\/\/www.europesays.com\/fr\/wp-json\/wp\/v2\/users\/2"}],"replies":[{"embeddable":true,"href":"https:\/\/www.europesays.com\/fr\/wp-json\/wp\/v2\/comments?post=19766"}],"version-history":[{"count":0,"href":"https:\/\/www.europesays.com\/fr\/wp-json\/wp\/v2\/posts\/19766\/revisions"}],"wp:featuredmedia":[{"embeddable":true,"href":"https:\/\/www.europesays.com\/fr\/wp-json\/wp\/v2\/media\/19767"}],"wp:attachment":[{"href":"https:\/\/www.europesays.com\/fr\/wp-json\/wp\/v2\/media?parent=19766"}],"wp:term":[{"taxonomy":"category","embeddable":true,"href":"https:\/\/www.europesays.com\/fr\/wp-json\/wp\/v2\/categories?post=19766"},{"taxonomy":"post_tag","embeddable":true,"href":"https:\/\/www.europesays.com\/fr\/wp-json\/wp\/v2\/tags?post=19766"}],"curies":[{"name":"wp","href":"https:\/\/api.w.org\/{rel}","templated":true}]}}