{"id":197663,"date":"2025-06-23T08:12:24","date_gmt":"2025-06-23T08:12:24","guid":{"rendered":"https:\/\/www.europesays.com\/fr\/197663\/"},"modified":"2025-06-23T08:12:24","modified_gmt":"2025-06-23T08:12:24","slug":"le-calendrier-de-la-phase-2-devoile","status":"publish","type":"post","link":"https:\/\/www.europesays.com\/fr\/197663\/","title":{"rendered":"le calendrier de la phase 2 d\u00e9voil\u00e9"},"content":{"rendered":"<p><b>Vous cherchez quoi ?  <\/b><\/p>\n<p>(deux mots &#8211;  ex \u00ab\u00a0m\u00e9t\u00e9o demain\u00a0\u00bb) <\/p>\n<p><\/p>\n<p><a href=\"#bottom\"><img decoding=\"async\" src=\"https:\/\/www.europesays.com\/fr\/wp-content\/uploads\/2025\/04\/arrow_down.gif\" alt=\"Aller en bas\" loading=\"lazy\" \/><\/a><\/p>\n<dl>\n<dt><img decoding=\"async\" loading=\"lazy\" src=\"https:\/\/www.europesays.com\/fr\/wp-content\/uploads\/2025\/04\/282-28.jpg\" alt=\"LYFtvNews\" style=\"max-width: 20px; max-height: 20px\" \/><\/p>\n<p>LYFtvNews<\/p>\n<\/dt>\n<dd class=\"postprofile-info\">Date d&rsquo;inscription : 24\/08\/2012<\/dd>\n<dd class=\"postprofile-contact\"><a href=\"https:\/\/www.lyftv.com\" title=\"Visiter le site web de l&#039;utilisateur\" target=\"_blank\" rel=\"nofollow noopener\"><img decoding=\"async\" src=\"https:\/\/www.europesays.com\/fr\/wp-content\/uploads\/2025\/04\/icon_contact_www.png\" alt=\"https:\/\/www.lyftv.com\" \/><\/a><\/dd>\n<\/dl>\n<p><strong>La F\u00e9d\u00e9ration Fran\u00e7aise de BasketBall (FFBB) a d\u00e9voil\u00e9 ce samedi 15 f\u00e9vrier 2025 le calendrier de la deuxi\u00e8me phase du championnat de France de Nationale Masculine 1 (NM1). <\/strong>Les 28 \u00e9quipes sont r\u00e9parties dans deux groupes, A et B. Les \u00e9quipes du groupe A joueront pour l\u2019accession en Pro B et la qualification en play-offs tandis que le groupe B jouera pour le maintien dans la division. Les quatre derni\u00e8res \u00e9quipes du groupe B (hors P\u00f4le France Basket-Ball \u2013 Yvan Mainini) seront rel\u00e9gu\u00e9es en Nationale Masculine 2 (NM2).\u00a0<br \/><img decoding=\"async\" src=\"https:\/\/www.europesays.com\/fr\/wp-content\/uploads\/2025\/06\/ffbb_l10.png\" alt=\"F\u00e9d\u00e9ration Fran\u00e7aise de Basket : le calendrier de la phase 2 d\u00e9voil\u00e9 Ffbb_l10\" \/><\/p>\n<p><strong>La formule du championnat de Nationale Masculine 1 (Saison 2024\/2025)<\/strong><\/p>\n<p>Le championnat de NM1 est la plus haute division masculine encadr\u00e9e par la F\u00e9d\u00e9ration Fran\u00e7aise de BasketBall. Compos\u00e9 de 28 \u00e9quipes, celui-ci s\u2019organise en 3 phases distinctes.La formule de comp\u00e9tition \u00e9volue pour la saison 2024-2025.<strong>PHASE N\u00b01 DU CHAMPIONNAT NM1<\/strong>Du 13 septembre 2024 au 14 f\u00e9vrier 2025<\/p>\n<ul>\n<li>\n<p>Les 28 \u00e9quipes sont r\u00e9parties en 2 poules (A et B) de 14 \u00e9quipes, compos\u00e9es selon des crit\u00e8res g\u00e9ographiques, \u00e9conomiques et sportifs ;<\/p>\n<p><\/li>\n<li>\n<p>Les \u00e9quipes de chaque poule disputent un championnat (phase 1) en rencontres aller et retour ;<\/p>\n<p><\/li>\n<\/ul>\n<p><strong>PHASE N\u00b02 DU CHAMPIONNAT NM1<\/strong>Du vendredi 28 f\u00e9vrier 2025 au vendredi 09 mai 2025Les 28 \u00e9quipes sont r\u00e9parties en\u00a0<strong>2 groupes<\/strong>\u00a0:Les \u00e9quipes de chaque poule, class\u00e9es de la 1\u00e8re\u00a0\u00e0 la 7e\u00a0place de la phase 1 acc\u00e8deront au Groupe A pour la phase 2. Les \u00e9quipes qui se seront d\u00e9j\u00e0 affront\u00e9es lors de la phase 1 ne se rencontreront pas \u00e0 nouveau mais conserveront les r\u00e9sultats directs acquis lors de la phase 1.La phase 2 se disputera en rencontres aller et retour \u00e0 l\u2019issue de laquelle un classement est \u00e9tabli.L\u2019\u00e9quipe class\u00e9e 1\u00e8re de la seconde phase\u00a0acc\u00e8dera \u00e0 la deuxi\u00e8me division masculine professionnelle (Pro B) *.Les \u00e9quipes class\u00e9es de la 1\u00e8re\u00a0\u00e0 la 8e\u00a0place se qualifieront pour les play-offs de Nationale Masculine 1 (phase 3) tandis que celles class\u00e9es de la 9e\u00a0\u00e0 la 14e\u00a0place termineront leur saison.*Sous r\u00e9serve de validation par la DNCCG et du respect des conditions autres conditions r\u00e8glementairesLes \u00e9quipes de chaque poule, class\u00e9es de la 8e\u00a0\u00e0 la 14e\u00a0place lors de la phase 1 acc\u00e8deront au Groupe B pour la phase 2. Les \u00e9quipes qui se seront d\u00e9j\u00e0 affront\u00e9es lors de la phase 1 ne se rencontreront pas \u00e0 nouveau mais conserveront les r\u00e9sultats directs acquis lors de la phase 1.La phase 2 se disputera en rencontres aller et retour \u00e0 l\u2019issue de laquelle un classement est \u00e9tabli. Les \u00e9quipes class\u00e9es aux 4 derni\u00e8res places du Groupe B \u00e0 l\u2019issue de la phase 2 seront rel\u00e9gu\u00e9es\u00a0Nationale Masculine 2\u00a0pour la saison suivante\u00a0(hors P\u00f4le France\u00a0Basket-Ball \u2013 Yvan Mainini)\u00a0tandis que celles class\u00e9es de la 1\u00e8re\u00a0\u00e0 la 10e\u00a0place termineront leur saison.<strong>PHASE N\u00b03 DU CHAMPIONNAT NM1<\/strong>Les 8 premi\u00e8res \u00e9quipes du Groupe A acc\u00e8deront \u00e0 la phase 3 (play-offs).Les quarts de finales (16, 23 et 25 mai 2025), les demi-finales (30 mai, 6 et 8 juin 2025) ainsi que les finales (13, 20 et 22 juin 2025)\u00a0se disputeront en deux matchs gagnants (Aller, Retour et Belle \u00e9ventuelle) selon l\u2019ordre suivant :- Match aller chez le moins bien class\u00e9 de la phase 2 ;- Match retour chez le mieux class\u00e9 de la phase 2 ;- Belle \u00e9ventuelle chez le mieux class\u00e9 de la phase 2.L&rsquo;\u00e9quipe vainqueur des play-offs sera sacr\u00e9e Championne de France de NM1 et acc\u00e8dera sportivement \u00e0 la deuxi\u00e8me division masculine professionnelle (Pro B) *.Si l\u2019\u00e9quipe remportant le titre de la division est celle qui a termin\u00e9 1\u00e8re\u00a0du Groupe A en phase 2, l\u2019accession \u00e0 la deuxi\u00e8me division masculine professionnelle (Pro B) reviendra \u00e0 l\u2019autre \u00e9quipe finaliste*.<\/p>\n<p>*\u00a0sous r\u00e9serve de validation par la DNCCG et du respect des conditions autres conditions r\u00e8glementaires<\/p>\n<tr>\n<td class=\"m_-7591122776612873490r13-c m_-7591122776612873490nl2go-default-textstyle\" style=\"margin: 0px; border-collapse: collapse; color: rgb(59, 63, 68); font-family: arial, helvetica, sans-serif; font-size: 16px; line-height: 1.2; word-break: break-word; padding-bottom: 15px; padding-top: 15px;\" align=\"left\">\n<p><strong>Groupe A<\/strong><\/p>\n<\/td>\n<\/tr>\n<tr>\n<td class=\"m_-7591122776612873490r14-c\" style=\"margin: 0px; border-collapse: collapse; font-size: 0px; line-height: 0px; padding-bottom: 15px; padding-top: 15px;\" align=\"center\"><img decoding=\"async\" src=\"https:\/\/www.europesays.com\/fr\/wp-content\/uploads\/2025\/06\/0ib_6LJLfzXs.png\" style=\"width: 560px;height: 296px\" alt=\"F\u00e9d\u00e9ration Fran\u00e7aise de Basket : le calendrier de la phase 2 d\u00e9voil\u00e9 0ib_6LJLfzXs\" \/><\/td>\n<\/tr>\n<tr>\n<td class=\"m_-7591122776612873490r15-c\" style=\"margin: 0px; border-collapse: collapse;\" align=\"left\">\n<p><strong>Groupe B<\/strong><\/p>\n<\/td>\n<\/tr>\n<tr>\n<td class=\"m_-7591122776612873490r14-c\" style=\"margin: 0px; border-collapse: collapse; font-size: 0px; line-height: 0px; padding-bottom: 15px; padding-top: 15px;\" align=\"center\"><img decoding=\"async\" src=\"https:\/\/www.europesays.com\/fr\/wp-content\/uploads\/2025\/06\/ZwsYSbwtroaS.png\" style=\"width: 560px;height: 309px\" alt=\"F\u00e9d\u00e9ration Fran\u00e7aise de Basket : le calendrier de la phase 2 d\u00e9voil\u00e9 ZwsYSbwtroaS\" \/><\/td>\n<\/tr>\n<p><a href=\"https:\/\/nm1.ffbb.com\/calendrier\" target=\"_blank\" rel=\"nofollow noopener\"><strong>D\u00e9couvrez le calendrier de la phase 2 du Championnat<\/strong><\/a>J&rsquo;aime1Je n&rsquo;aime pas<\/p>\n<p class=\"fa_like_list\">Admin aime ce message<\/p>\n<p><a name=\"bottomtitle\" id=\"bottomtitle\"><\/a><a href=\"#top\"><img decoding=\"async\" src=\"https:\/\/www.europesays.com\/fr\/wp-content\/uploads\/2025\/04\/arrow_up.gif\" alt=\"Revenir en haut\" loading=\"lazy\" \/><\/a><a name=\"quickreply\" id=\"quickreply\"><\/a>Sauter vers:S\u00e9lectionner un forum||&#8211;Sommaire|\u00a0\u00a0\u00a0|&#8211;Actualit\u00e9s|\u00a0\u00a0\u00a0|&#8211;Afrique Maghreb actualit\u00e9s|\u00a0\u00a0\u00a0|&#8211;Am\u00e9riques actualit\u00e9s|\u00a0\u00a0\u00a0|&#8211;Animaux|\u00a0\u00a0\u00a0|&#8211;Annonces (applications, sites internet, startups)|\u00a0\u00a0\u00a0|&#8211;Asie, Pacifique, Russie, Moyen Orient|\u00a0\u00a0\u00a0|&#8211;Auto, Moto actualit\u00e9s|\u00a0\u00a0\u00a0|&#8211;Cin\u00e9ma Films Festivals|\u00a0\u00a0\u00a0|&#8211;Communication|\u00a0\u00a0\u00a0|&#8211;Culture &amp; loisirs|\u00a0\u00a0\u00a0|&#8211;Economie, Entreprises, Syndicats|\u00a0\u00a0\u00a0|&#8211;Education, Enfance|\u00a0\u00a0\u00a0|&#8211;Emploi &amp; Formation|\u00a0\u00a0\u00a0|&#8211;Environnement &amp; Nature|\u00a0\u00a0\u00a0|&#8211;Europe actualit\u00e9s|\u00a0\u00a0\u00a0|&#8211;Faits divers|\u00a0\u00a0\u00a0|&#8211;Gastronomie|\u00a0\u00a0\u00a0|&#8211;Humour|\u00a0\u00a0\u00a0|&#8211;Immobilier, Achats &amp; Ventes|\u00a0\u00a0\u00a0|&#8211;Justice, Egalit\u00e9, Droits|\u00a0\u00a0\u00a0|&#8211;Librairie, Edition|\u00a0\u00a0\u00a0|&#8211;Logement, Locations, Aides|\u00a0\u00a0\u00a0|&#8211;LYon en France  actualit\u00e9s|\u00a0\u00a0\u00a0|&#8211;Maison &amp; Jardins|\u00a0\u00a0\u00a0|&#8211;Monde &#8211; Actualit\u00e9 des organisations internationales|\u00a0\u00a0\u00a0|&#8211;Musique (s), concerts &amp; festivals|\u00a0\u00a0\u00a0|&#8211;PAris en France actualit\u00e9s|\u00a0\u00a0\u00a0|&#8211;Politique actualit\u00e9s France|\u00a0\u00a0\u00a0|&#8211;Politique r\u00e9gions et DOM\/TOM|\u00a0\u00a0\u00a0|&#8211;Politique villes d\u00e9partements &amp; m\u00e9tropoles|\u00a0\u00a0\u00a0|&#8211;Sant\u00e9 Soci\u00e9t\u00e9|\u00a0\u00a0\u00a0|&#8211;Sciences &amp; Recherche|\u00a0\u00a0\u00a0|&#8211;Solidarit\u00e9s, Associations|\u00a0\u00a0\u00a0|&#8211;Sports, JO, Handisports|\u00a0\u00a0\u00a0|&#8211;Transports &amp; Mobilit\u00e9s|\u00a0\u00a0\u00a0|&#8211;Universit\u00e9s &amp; Grandes \u00e9coles|\u00a0\u00a0\u00a0|&#8211;Urbanisme|\u00a0\u00a0\u00a0|&#8211;Voyages &amp; Tourisme|\u00a0\u00a0\u00a0|&#8211;LYFtvNews in english|\u00a0\u00a0\u00a0|&#8211;LYFtvNews en espagnol|\u00a0\u00a0\u00a0|&#8211;Archives &#8211;  articles mod\u00e9r\u00e9s ou de + de 90 jours<\/p>\n<p><strong>Permission de ce forum:<\/strong><\/p>\n<p>Vous <strong>pouvez<\/strong> r\u00e9pondre aux sujets dans ce forum<\/p>\n","protected":false},"excerpt":{"rendered":"Vous cherchez quoi ? (deux mots &#8211; ex \u00ab\u00a0m\u00e9t\u00e9o demain\u00a0\u00bb) LYFtvNews Date d&rsquo;inscription : 24\/08\/2012 La F\u00e9d\u00e9ration Fran\u00e7aise&hellip;\n","protected":false},"author":2,"featured_media":197664,"comment_status":"","ping_status":"","sticky":false,"template":"","format":"standard","meta":{"footnotes":""},"categories":[1414],"tags":[1465,1464,1011,27,60],"class_list":{"0":"post-197663","1":"post","2":"type-post","3":"status-publish","4":"format-standard","5":"has-post-thumbnail","7":"category-basket","8":"tag-basket","9":"tag-basketball","10":"tag-fr","11":"tag-france","12":"tag-sports"},"share_on_mastodon":{"url":"https:\/\/pubeurope.com\/@fr\/114731676299902623","error":""},"_links":{"self":[{"href":"https:\/\/www.europesays.com\/fr\/wp-json\/wp\/v2\/posts\/197663","targetHints":{"allow":["GET"]}}],"collection":[{"href":"https:\/\/www.europesays.com\/fr\/wp-json\/wp\/v2\/posts"}],"about":[{"href":"https:\/\/www.europesays.com\/fr\/wp-json\/wp\/v2\/types\/post"}],"author":[{"embeddable":true,"href":"https:\/\/www.europesays.com\/fr\/wp-json\/wp\/v2\/users\/2"}],"replies":[{"embeddable":true,"href":"https:\/\/www.europesays.com\/fr\/wp-json\/wp\/v2\/comments?post=197663"}],"version-history":[{"count":0,"href":"https:\/\/www.europesays.com\/fr\/wp-json\/wp\/v2\/posts\/197663\/revisions"}],"wp:featuredmedia":[{"embeddable":true,"href":"https:\/\/www.europesays.com\/fr\/wp-json\/wp\/v2\/media\/197664"}],"wp:attachment":[{"href":"https:\/\/www.europesays.com\/fr\/wp-json\/wp\/v2\/media?parent=197663"}],"wp:term":[{"taxonomy":"category","embeddable":true,"href":"https:\/\/www.europesays.com\/fr\/wp-json\/wp\/v2\/categories?post=197663"},{"taxonomy":"post_tag","embeddable":true,"href":"https:\/\/www.europesays.com\/fr\/wp-json\/wp\/v2\/tags?post=197663"}],"curies":[{"name":"wp","href":"https:\/\/api.w.org\/{rel}","templated":true}]}}