{"id":197675,"date":"2025-06-23T08:19:09","date_gmt":"2025-06-23T08:19:09","guid":{"rendered":"https:\/\/www.europesays.com\/fr\/197675\/"},"modified":"2025-06-23T08:19:09","modified_gmt":"2025-06-23T08:19:09","slug":"le-top-des-romans-des-6-ans-mes-premieres-lectures","status":"publish","type":"post","link":"https:\/\/www.europesays.com\/fr\/197675\/","title":{"rendered":"Le top des romans d\u00e8s 6 ans : mes premi\u00e8res lectures"},"content":{"rendered":"<p>Le temps des histoires lues par maman et papa est termin\u00e9 (ou presque). Votre enfant n\u2019est plus si petit et il a tr\u00e8s envie de lire tout seul. Il est en CP et il se d\u00e9brouille plut\u00f4t bien. Les \u00e9diteurs ont pens\u00e9 \u00e0 tout, et les collections de premi\u00e8res lectures sont nombreuses. Voici donc une petite s\u00e9lection, afin d\u2019\u00eatre s\u00fbr de ne pas aller trop vite, de ne pas l\u2019effrayer, mais de le stimuler quand m\u00eame. Parce que souvent, quand on lit petit, on lira grand !<\/p>\n<p>Notre premi\u00e8re recommandation est de\u00a0ne pas forcer l\u2019enfant et le laisser aller doucement vers la lecture. Et puis, si votre petit n\u2019aime pas lire des romans, ce n\u2019est pas bien grave ! Il y a des <a href=\"https:\/\/www.fnac.com\/s72\/BD-et-Humour\/BD-Jeunesse\" target=\"_blank\" rel=\"noopener\">BD jeunesse<\/a>, et un peu plus tard, des <a href=\"https:\/\/www.fnac.com\/s632\/Manga\" target=\"_blank\" rel=\"noopener\">mangas<\/a>. Parfois, on retrouve aussi les aventures de leur h\u00e9ros t\u00e9l\u00e9visuels pr\u00e9f\u00e9r\u00e9s en petits romans, ce qui peut ouvrir la voie au plaisir de lire. Enfin, n\u2019oubliez pas l\u2019effet mim\u00e9tisme\u00a0: un enfant qui voit r\u00e9guli\u00e8rement ses parents avec un <a href=\"https:\/\/www.fnac.com\/livre.asp\" target=\"_blank\" rel=\"noopener\">livre<\/a> en main n\u2019aura qu\u2019une envie, faire de m\u00eame\u00a0!<\/p>\n<p><strong>J\u2019apprends \u00e0 lire avec le Petit Nicolas \u2013 Marjorie Demaria (Gallimard Jeunesse)<\/strong><\/p>\n<p>Cr\u00e9\u00e9 en 1956 par <a href=\"https:\/\/www.fnac.com\/Rene-Goscinny\/ia132\" target=\"_blank\" rel=\"noopener\">Ren\u00e9 Goscinny<\/a> et <a href=\"https:\/\/www.fnac.com\/Jean-Jacques-Sempe\/ia4769\" target=\"_blank\" rel=\"noopener\">Jean-Jacques Semp\u00e9<\/a>, <a href=\"https:\/\/www.fnac.com\/Le-Petit-Nicolas\/si2853\" target=\"_blank\" rel=\"noopener\">Le Petit Nicolas<\/a> est un personnage transg\u00e9n\u00e9rationnel, que l\u2019on retrouve en litt\u00e9rature jeunesse, dans des adaptations cin\u00e9matographiques ou en <a href=\"https:\/\/www.fnac.com\/o11435440\/Petit-nicolas-qu-est-ce-qu-on-attend-pour-etre-heureux\/w-4\" target=\"_blank\" rel=\"noopener\">anim\u00e9<\/a>, et d\u00e9sormais aussi dans l\u2019apprentissage de la lecture avec la collection <a href=\"https:\/\/www.fnac.com\/c3155642\/J-apprends-a-lire-avec-Le-Petit-Nicolas\" target=\"_blank\" rel=\"noopener\">J\u2019apprends \u00e0 lire avec Le Petit Nicolas<\/a>. Trois niveaux de difficult\u00e9s sont propos\u00e9s, ils correspondent aux trois trimestres du cours pr\u00e9paratoire et sont rep\u00e9rables sur la couverture selon le nombre d\u2019\u00e9toiles. Chaque histoire permet de retrouver l\u2019univers de l\u2019\u00e9cole, de ses passages oblig\u00e9s comme dans <a href=\"https:\/\/www.fnac.com\/a15722642\/Marjorie-Demaria-La-dictee\" target=\"_blank\" rel=\"noopener\">La dict\u00e9e<\/a> ou <a href=\"https:\/\/www.fnac.com\/a15722639\/Marjorie-Demaria-La-cantine\" target=\"_blank\" rel=\"noopener\">La cantine<\/a>, mais aussi la vie avec les copains, dans <a href=\"https:\/\/www.fnac.com\/a16504315\/Le-Petit-Nicolas-Tome-9-Clotaire-demenage-Marjorie-Demaria\" target=\"_blank\" rel=\"noopener\">Clotaire d\u00e9m\u00e9nage<\/a> ou encore <a href=\"https:\/\/www.fnac.com\/a17125980\/Le-Petit-Nicolas-Le-match-de-foot-Marjorie-Demaria\" target=\"_blank\" rel=\"noopener\">Le match de foot<\/a>.<\/p>\n<p><strong>Chien pourri \u2013 Colas Gutman, Marc Boutavant (L\u2019\u00c9cole des Loisirs)<\/strong><\/p>\n<p>S\u2019il est bien une promesse que nous sommes certains de pouvoir tenir, c\u2019est celle d\u2019un \u00e9clat de rire \u00e0 chaque page avec <a href=\"https:\/\/www.fnac.com\/Chien-Pourri\/si71075\" target=\"_blank\" rel=\"noopener\">Chien pourri<\/a>, le toutou galeux pr\u00e9f\u00e9r\u00e9 des enfants\u2026 et des parents\u00a0! Le anti-h\u00e9ros canin, aussi b\u00eate que laid, a le poil terne, envahi par les puces et cern\u00e9 par les mouches. Il r\u00eave de devenir un animal de compagnie choy\u00e9 mais au lieu de cela, il vit dans une poubelle et se nourrit des restes de vieilles bo\u00eetes de conserves de sardines, ce qui explique aussi son odeur d\u00e9sagr\u00e9able. Son ami de m\u00e9saventures, c\u2019est <a href=\"https:\/\/www.fnac.com\/a16111835\/Chien-Pourri-Chaplapla-peluche-Marc-Boutavant\" target=\"_blank\" rel=\"noopener\">Chaplapla<\/a>, un minou tout plat. Les textes de <a href=\"https:\/\/www.fnac.com\/Colas-Gutman\/ia612350\" target=\"_blank\" rel=\"noopener\">Colas Gutman<\/a> et les illustrations de <a href=\"https:\/\/www.fnac.com\/Marc-Boutavant\/ia376076\" target=\"_blank\" rel=\"noopener\">Marc Boutavant<\/a> sauront s\u00e9duire un jeune lectorat, et pour l\u2019aider dans sa d\u00e9couverte des livres, nous ne pouvons que conseiller les DVD des dessins-anim\u00e9s r\u00e9alis\u00e9s par <a href=\"https:\/\/www.fnac.com\/ia9665319\/Davy-Durant\" target=\"_blank\" rel=\"noopener\">Davy Durant<\/a> en guise de support.\u00a0\u00a0<\/p>\n<p><strong class=\"small\">En stock<\/strong><\/p>\n<p>        Acheter sur Fnac.com<\/p>\n<p><strong>Rendez-moi mes poux \u2013 Pef (Gallimard Jeunesse) <\/strong><\/p>\n<p>Les poux\u00a0? Un cauchemar pour les parents\u00a0! Mais pour Mathieu, un petit gar\u00e7on solitaire, c\u2019est une aubaine. Grace \u00e0 une formule magique, il sait les apprivoiser, s\u2019en faire de fid\u00e8les amis qui viennent ainsi rompre sa solitude. Jusqu\u2019au jour o\u00f9 sa m\u00e8re d\u00e9couvre les intrus\u2026 <a href=\"https:\/\/www.fnac.com\/o8663543\/Rendez-moi-mes-poux\/w-4\" target=\"_blank\" rel=\"noopener\">Rendez-moi mes poux<\/a> de <a href=\"https:\/\/www.fnac.com\/Pef\/ia350236\" target=\"_blank\" rel=\"noopener\">Pef<\/a> est un de ces romans qui abordent des th\u00e8mes chers aux enfants dont les parents sont accapar\u00e9s par le travail. \u00c0 noter, ce titre est recommand\u00e9 par le Minist\u00e8re de l\u2019\u00c9ducation nationale pour le cycle 1 de l\u2019\u00e9cole primaire.<\/p>\n<p><strong class=\"small\">En stock<\/strong><\/p>\n<p>        Acheter sur Fnac.com<\/p>\n<p><strong>D\u00e9tective Prout \u2013 Troll (Nathan)<\/strong><\/p>\n<p>Qui a dit que 7 ans \u00e9tait l\u2019\u00e2ge de raison\u00a0? Il y a des onomatop\u00e9es et m\u00eame des mots qui font pouffer m\u00eame quand on est bien plus vieux\u00a0! Nous savons donc par avance que les enqu\u00eates du <a href=\"https:\/\/www.fnac.com\/se110638\/Detective-Prout\" target=\"_blank\" rel=\"noopener\">D\u00e9tective Prout <\/a>vont d\u00e9clencher des \u00e9clats de rire chez les enfants. Et qui plus est, le h\u00e9ros a une t\u00eate en forme de\u2026 fesses\u00a0! Mais attention, son esprit de d\u00e9duction sans pareil et ses immenses talents de fin limier vont lui permettre de r\u00e9soudre toutes les \u00e9nigmes en compagnie de son assistant Brownie. Cette s\u00e9rie ph\u00e9nom\u00e8ne comporte d\u00e9j\u00e0 trois tomes et s\u2019est vendue \u00e0 plus de 20 millions d\u2019exemplaires dans le monde. Des jeux compl\u00e8tent chaque tome, le tout dans un style manga, kawa\u00ef et <a href=\"https:\/\/www.fnac.com\/s413159\/Manga\/Kodomo-Manga-pour-enfants\" target=\"_blank\" rel=\"noopener\">kodomo<\/a>.<\/p>\n<p><strong>Le chat assassin \u2013 Anne Fine, V\u00e9ronique Deiss (L\u2019\u00c9cole des Loisirs)<\/strong><\/p>\n<p><a href=\"https:\/\/www.fnac.com\/se70377\/Le-Chat-Assassin\" target=\"_blank\" rel=\"noopener\">Le chat assassin<\/a>, c\u2019est Tuffy. Bon, il ne s\u2019agit pas d\u2019un serial killer mais juste d\u2019un f\u00e9lid\u00e9 qui suit son instinct de chasseur. Et justement, c\u2019est \u00e0 sa petite ma\u00eetresse Ellie qu\u2019il rapporte le fruit de sa chasse. Face au d\u00e9sarroi de la petite fille hypersensible, Tuffy tente de r\u00e9sister mais c\u2019est plus fort que lui, m\u00eame le lapin des voisins y passe\u00a0! Dans ce premier tome de la s\u00e9rie, on d\u00e9couvre le journal tenu par Tuffy\u00a0: c\u2019est d\u00e9sopilant. Bien d\u2019autres titres viennent t\u00e9moigner du cynisme de ce personnage, dont le fameux <a href=\"https:\/\/www.fnac.com\/a15053650\/Le-Chat-Assassin-Le-Noel-du-chat-assassin-nouvelle-edition-en-couleur-Anne-Fine\" target=\"_blank\" rel=\"noopener\">No\u00ebl du chat assassin\u00a0<\/a>: qui l\u2019emportera du chat ou du sapin\u00a0? Telle est la question\u00a0! D\u00e9cid\u00e9ment, ce chat de tr\u00e8s mauvaise foi nous fera toujours bien rire.<\/p>\n<p><strong class=\"small\">En stock<\/strong><\/p>\n<p>        Acheter sur Fnac.com<\/p>\n<p><strong>Les Pyjamasques \u2013 Romuald (Gallimard Jeunesse)<\/strong><\/p>\n<p>Les d\u00e9clinaisons des <a href=\"https:\/\/www.fnac.com\/Les-Pyjamasques\/si71094\" target=\"_blank\" rel=\"noopener\">Pyjamasques<\/a> sont nombreuses mais connaissez-vous celle en <a href=\"https:\/\/www.fnac.com\/c273965\/Folio-Cadet-Premiers-Romans\" target=\"_blank\" rel=\"noopener\">Folio Cadet<\/a> destin\u00e9e aux apprentis lecteurs\u00a0? On y retrouve toutes les aventures de Yoyo, Bibou et Gluglu, les trois h\u00e9ros masqu\u00e9s sui surgissent \u00e0 la nuit tomb\u00e9e.<\/p>\n<p><strong>Agent Stitch \u2013 Walt Disney Company (Biblioth\u00e8que Rose)<\/strong><\/p>\n<p>Si vous demandez \u00e0 votre enfant quel est son film pr\u00e9f\u00e9r\u00e9, il y a y a de forte chance que ce soit <a href=\"https:\/\/www.fnac.com\/Lilo-Et-Stitch\/si10250\" target=\"_blank\" rel=\"noopener\">Lilo &amp; Stitch<\/a>, une des derni\u00e8res cr\u00e9ations des studios <a href=\"https:\/\/www.fnac.com\/s130443\/Notre-univers-Disney\" target=\"_blank\" rel=\"noopener\">Disney<\/a>. Il sera donc ais\u00e9 de lui proposer la s\u00e9rie de petits romans <a href=\"https:\/\/www.fnac.com\/se105031\/Agent-Stitch\" target=\"_blank\" rel=\"noopener\">Agent Stitch<\/a> afin de poursuivre l\u2019exp\u00e9rience dans le monde de ce dr\u00f4le d\u2019extraterrestre. Des enqu\u00eates rondement men\u00e9es en compagnie de Lilo, Jumba et Pikly, un suspense insoutenable mais toujours un \u00ab\u00a0happy-end\u00a0\u00bb garanti\u00a0!<\/p>\n<p><strong class=\"small\">En stock<\/strong><\/p>\n<p>        Acheter sur Fnac.com<\/p>\n<p><strong>Suzanne Griotte \u2013 B\u00e9rard Thibault, Cl\u00e9ment Devaux (Gallimard Jeunesse)<\/strong><\/p>\n<p>V\u00e9ritable m\u00e9g\u00e8re qui en plus d\u00e9teste les enfants, <a href=\"https:\/\/www.fnac.com\/se106643\/Suzanne-Griotte\" target=\"_blank\" rel=\"noopener\">Suzanne Griotte<\/a> passe un pacte avec le diable afin de retrouver sa jeunesse. Son objectif\u00a0? Pi\u00e9ger Ad\u00e8le Nectar, la petite fille la plus gentille du quartier dont les meilleures amies sont des limaces apprivois\u00e9es. La s\u00e9rie compte trois romans (pour le moment) qui raviront les enfants \u00e0 partir de 7 ans.<\/p>\n<p><strong class=\"small\">En stock<\/strong><\/p>\n<p>        Acheter sur Fnac.com<\/p>\n<p><strong>Le buveur d\u2019encre \u2013 \u00c9ric Sanvoisin, Martin Matje (Nathan)<\/strong><\/p>\n<p>Dans le genre du <a href=\"https:\/\/www.fnac.com\/n312888\/Livre-Jeunesse\/Romans-et-premieres-lectures-6-9-ans\/Fantastique\" target=\"_blank\" rel=\"noopener\">fantastique<\/a>, <a href=\"https:\/\/www.fnac.com\/se77138\/Le-Buveur-D-Encre\" target=\"_blank\" rel=\"noopener\">Le Buveur d\u2019encre<\/a> r\u00e9jouira les petits fans de vampires. Odilon, le fils d\u2019un libraire, d\u00e9teste les livres. Un jour, il d\u00e9couvre un vampire qui boit l\u2019encre des livres \u00e0 l\u2019aide d\u2019une paille. Fascin\u00e9, Odilon devient lui-m\u00eame un buveur d\u2019encre et commence \u00e0 appr\u00e9cier les livres d\u2019une mani\u00e8re tr\u00e8s particuli\u00e8re. De nombreux tomes compl\u00e8tent la s\u00e9rie avec des histoires toutes rythm\u00e9es et faciles \u00e0 comprendre. Une belle entr\u00e9e en mati\u00e8re dans les <a href=\"https:\/\/www.fnac.com\/s30\/Fantasy-et-Science-Fiction\" target=\"_blank\" rel=\"noopener\">litt\u00e9ratures de l\u2019imaginaire<\/a>.<\/p>\n<p><strong class=\"small\">En stock vendeur partenaire<\/strong><\/p>\n<p>        Voir sur Fnac.com<\/p>\n<p><strong>Le journal des Andouilles \u2013 Agn\u00e8s Desarthe (Gallimard Jeunesse)<\/strong><\/p>\n<p><a href=\"https:\/\/www.fnac.com\/a21515655\/Agnes-Desarthe-Le-journal-des-andouilles\" target=\"_blank\" rel=\"noopener\">Le journal des Andouilles<\/a> est une petite p\u00e9pite qui para\u00eetra en septembre. Mais nous avons eu la chance de pouvoir lire en avant-premi\u00e8re. Quatre jeunes \u00e9l\u00e8ves, Shosha, Suilan, Asmahan et Tulum ont \u00e9t\u00e9 surnomm\u00e9s les Andouilles par la ma\u00eetresse de CP car ils rencontraient des difficult\u00e9s dans l\u2019apprentissage de la lecture. D\u00e9sormais, ce sont eux qui prennent la parole dans leur propre publication et chaque chapitre comporte un \u00e9ditorial, un probl\u00e8me, une solution et une interview. On a ador\u00e9 et nous avons h\u00e2te que vous d\u00e9couvriez \u00e0 votre tour ce grand coup de c\u0153ur\u00a0!<\/p>\n<p>Nous esp\u00e9rons que cette s\u00e9lection, aussi subjective soit-elle, vous inspirera dans vos choix afin de guider vos enfants vers la lecture. Vous pouvez retrouver <a href=\"https:\/\/www.fnac.com\/s336521\/Livre-Jeunesse\/Tout-l-univers-Livre-6-a-9-ans\" target=\"_blank\" rel=\"noopener\">tout l\u2019univers livre pour les 6 \/ 9 ans<\/a> sur fnac.com, avec nos s\u00e9lections de <a href=\"https:\/\/www.fnac.com\/s336736\/Livre-Jeunesse\/Tout-l-univers-Livre-6-a-9-ans\/Romans-et-premieres-lectures-6-9-ans\" target=\"_blank\" rel=\"noopener\">romans<\/a>, d\u2019<a href=\"https:\/\/www.fnac.com\/s339928\/Livre-Jeunesse\/Tout-l-univers-Livre-6-a-9-ans\/Albums-6-9-ans\" target=\"_blank\" rel=\"noopener\">albums<\/a> ou m\u00eame de <a href=\"https:\/\/www.fnac.com\/s340164\/Livre-Jeunesse\/Tout-l-univers-Livre-6-a-9-ans\/Documentaires-6-9-ans\" target=\"_blank\" rel=\"noopener\">documentaires<\/a>.<\/p>\n","protected":false},"excerpt":{"rendered":"Le temps des histoires lues par maman et papa est termin\u00e9 (ou presque). Votre enfant n\u2019est plus si&hellip;\n","protected":false},"author":2,"featured_media":197676,"comment_status":"","ping_status":"","sticky":false,"template":"","format":"standard","meta":{"footnotes":""},"categories":[1357],"tags":[33737,1379,58,59,1011,27,1380,33738,16762,1650],"class_list":{"0":"post-197675","1":"post","2":"type-post","3":"status-publish","4":"format-standard","5":"has-post-thumbnail","7":"category-livres","8":"tag-6-9-ans","9":"tag-books","10":"tag-divertissement","11":"tag-entertainment","12":"tag-fr","13":"tag-france","14":"tag-livres","15":"tag-premieres-lectures","16":"tag-roman-jeunesse","17":"tag-selection"},"share_on_mastodon":{"url":"https:\/\/pubeurope.com\/@fr\/114731703557328428","error":""},"_links":{"self":[{"href":"https:\/\/www.europesays.com\/fr\/wp-json\/wp\/v2\/posts\/197675","targetHints":{"allow":["GET"]}}],"collection":[{"href":"https:\/\/www.europesays.com\/fr\/wp-json\/wp\/v2\/posts"}],"about":[{"href":"https:\/\/www.europesays.com\/fr\/wp-json\/wp\/v2\/types\/post"}],"author":[{"embeddable":true,"href":"https:\/\/www.europesays.com\/fr\/wp-json\/wp\/v2\/users\/2"}],"replies":[{"embeddable":true,"href":"https:\/\/www.europesays.com\/fr\/wp-json\/wp\/v2\/comments?post=197675"}],"version-history":[{"count":0,"href":"https:\/\/www.europesays.com\/fr\/wp-json\/wp\/v2\/posts\/197675\/revisions"}],"wp:featuredmedia":[{"embeddable":true,"href":"https:\/\/www.europesays.com\/fr\/wp-json\/wp\/v2\/media\/197676"}],"wp:attachment":[{"href":"https:\/\/www.europesays.com\/fr\/wp-json\/wp\/v2\/media?parent=197675"}],"wp:term":[{"taxonomy":"category","embeddable":true,"href":"https:\/\/www.europesays.com\/fr\/wp-json\/wp\/v2\/categories?post=197675"},{"taxonomy":"post_tag","embeddable":true,"href":"https:\/\/www.europesays.com\/fr\/wp-json\/wp\/v2\/tags?post=197675"}],"curies":[{"name":"wp","href":"https:\/\/api.w.org\/{rel}","templated":true}]}}