{"id":19770,"date":"2025-04-12T12:19:20","date_gmt":"2025-04-12T12:19:20","guid":{"rendered":"https:\/\/www.europesays.com\/fr\/19770\/"},"modified":"2025-04-12T12:19:20","modified_gmt":"2025-04-12T12:19:20","slug":"strasbourg-un-homme-de-27-ans-condamne-a-trois-ans-de-prison-pour-apologie-du-terrorisme","status":"publish","type":"post","link":"https:\/\/www.europesays.com\/fr\/19770\/","title":{"rendered":"Strasbourg. Un homme de 27 ans condamn\u00e9 \u00e0 trois ans de prison pour apologie du terrorisme"},"content":{"rendered":"<p>Lunettes \u00e0 la fine monture dor\u00e9e sur le nez, barbe fournit et maillot rouge, Adlan Arzhiev s\u2019avance dans le box des pr\u00e9venus, avec un l\u00e9ger sourire aux l\u00e8vres et plusieurs pages manuscrites \u00e0 la main. L\u2019homme de 27 ans compara\u00eet pour apologie publique du terrorisme commis au moyen des r\u00e9seaux sociaux X et Telegram.<\/p>\n<p>De janvier 2024 \u00e0 janvier\u00a02025, il a diffus\u00e9 plusieurs vid\u00e9os de propagande et messages \u00e0 la gloire de l\u2019\u00e9tat islamique et de ses combattants, dont les auteurs des attentats en France.<\/p>\n<p>Des discours \u00ab\u00a0pas des bombes\u00a0\u00bb<\/p>\n<p>Avec beaucoup de d\u00e9f\u00e9rence et une voix pos\u00e9e, le pr\u00e9venu admet la mat\u00e9rialit\u00e9 des faits, mais pas son intentionnalit\u00e9. Il demande d\u00e8s l\u2019entame des d\u00e9bats \u00e0 pouvoir lire le&#8230;<\/p>\n","protected":false},"excerpt":{"rendered":"Lunettes \u00e0 la fine monture dor\u00e9e sur le nez, barbe fournit et maillot rouge, Adlan Arzhiev s\u2019avance dans&hellip;\n","protected":false},"author":2,"featured_media":19771,"comment_status":"","ping_status":"","sticky":false,"template":"","format":"standard","meta":{"footnotes":""},"categories":[2820],"tags":[1111,11,2389,2649,2880,1777,674,274,107,1011,27,775,12,25,640,2879],"class_list":{"0":"post-19770","1":"post","2":"type-post","3":"status-publish","4":"format-standard","5":"has-post-thumbnail","7":"category-strasbourg","8":"tag-actu","9":"tag-actualites","10":"tag-alsace","11":"tag-bas-rhin","12":"tag-edition-strasbourg","13":"tag-eu","14":"tag-europe","15":"tag-faits-divers-justice","16":"tag-fil-info","17":"tag-fr","18":"tag-france","19":"tag-grand-est","20":"tag-news","21":"tag-republique-francaise","22":"tag-strasbourg","23":"tag-strasbourg-ville"},"share_on_mastodon":{"url":"https:\/\/pubeurope.com\/@fr\/114324961452901145","error":""},"_links":{"self":[{"href":"https:\/\/www.europesays.com\/fr\/wp-json\/wp\/v2\/posts\/19770","targetHints":{"allow":["GET"]}}],"collection":[{"href":"https:\/\/www.europesays.com\/fr\/wp-json\/wp\/v2\/posts"}],"about":[{"href":"https:\/\/www.europesays.com\/fr\/wp-json\/wp\/v2\/types\/post"}],"author":[{"embeddable":true,"href":"https:\/\/www.europesays.com\/fr\/wp-json\/wp\/v2\/users\/2"}],"replies":[{"embeddable":true,"href":"https:\/\/www.europesays.com\/fr\/wp-json\/wp\/v2\/comments?post=19770"}],"version-history":[{"count":0,"href":"https:\/\/www.europesays.com\/fr\/wp-json\/wp\/v2\/posts\/19770\/revisions"}],"wp:featuredmedia":[{"embeddable":true,"href":"https:\/\/www.europesays.com\/fr\/wp-json\/wp\/v2\/media\/19771"}],"wp:attachment":[{"href":"https:\/\/www.europesays.com\/fr\/wp-json\/wp\/v2\/media?parent=19770"}],"wp:term":[{"taxonomy":"category","embeddable":true,"href":"https:\/\/www.europesays.com\/fr\/wp-json\/wp\/v2\/categories?post=19770"},{"taxonomy":"post_tag","embeddable":true,"href":"https:\/\/www.europesays.com\/fr\/wp-json\/wp\/v2\/tags?post=19770"}],"curies":[{"name":"wp","href":"https:\/\/api.w.org\/{rel}","templated":true}]}}