{"id":197701,"date":"2025-06-23T08:33:09","date_gmt":"2025-06-23T08:33:09","guid":{"rendered":"https:\/\/www.europesays.com\/fr\/197701\/"},"modified":"2025-06-23T08:33:09","modified_gmt":"2025-06-23T08:33:09","slug":"voici-tout-ce-quil-faut-savoir","status":"publish","type":"post","link":"https:\/\/www.europesays.com\/fr\/197701\/","title":{"rendered":"voici tout ce qu&rsquo;il faut savoir"},"content":{"rendered":"<p>            Par<br \/>\n        <strong><br \/>\n            <a href=\"https:\/\/actu.fr\/auteur\/amandine-mehl\" title=\"Consulter tous les articles de Amandine Mehl\" rel=\"nofollow noopener\" target=\"_blank\">Amandine Mehl<\/a><br \/>\n        <\/strong><\/p>\n<p>        Publi\u00e9 le<\/p>\n<p>            23 juin 2025 \u00e0 9h22        <\/p>\n<p>Dans le <a href=\"https:\/\/actu.fr\/tag\/grand-nancy\" rel=\"nofollow noopener\" target=\"_blank\">Grand Nancy<\/a>, les prix des tickets pour emprunter le <a href=\"https:\/\/actu.fr\/tag\/grand-nancy\" rel=\"nofollow noopener\" target=\"_blank\">r\u00e9seau Stan<\/a> <a href=\"https:\/\/actu.fr\/grand-est\/nancy_54395\/reseau-stan-les-prix-des-tickets-de-bus-vont-augmenter-au-1er-aout-2025-dans-le-grand-nancy_62800464.html\" rel=\"nofollow noopener\" target=\"_blank\">vont augmenter au 1\u1d49\u02b3 ao\u00fbt 2025<\/a>. Mais cela <strong>ne va pas concerner tous les habitants<\/strong>. Et pour cause\u2009: \u00e0 cette m\u00eame date, <a href=\"https:\/\/actu.fr\/grand-est\/nancy_54395\/gratuite-du-reseau-stan-pour-les-plus-de-65-ans-dans-le-grand-nancy-on-connait-la-date_62553152.html\" rel=\"nofollow noopener\" target=\"_blank\">les plus de 65\u00a0ans<\/a> pourront emprunter les transports en commun <strong>gratuitement<\/strong>.<\/p>\n<p>Qui pourra b\u00e9n\u00e9ficier de la gratuit\u00e9 du r\u00e9seau Stan\u2009?<\/p>\n<p class=\" wall-content\">La <strong>gratuit\u00e9<\/strong> du r\u00e9seau Stan, et pas seulement puisqu\u2019elle <strong>s\u2019applique aussi aux r\u00e9seaux Sub et TER \u00e0 l\u2019int\u00e9rieur du p\u00e9rim\u00e8tre du Grand Nancy<\/strong>, concerne les <strong>personnes \u00e2g\u00e9es <\/strong>de <a href=\"https:\/\/actu.fr\/grand-est\/nancy_54395\/prevue-pour-2025-la-gratuite-du-reseau-stan-pour-les-plus-de-65-ans-pourrait-ne-pas-se-faire-voici-pourquoi_62084155.html\" rel=\"nofollow noopener\" target=\"_blank\">65\u00a0ans et plus<\/a>.<\/p>\n<p class=\" wall-content\">Elles <strong>doivent imp\u00e9rativement habiter l\u2019une des 20\u00a0communes de la m\u00e9tropole<\/strong>, soit\u2009: Art-sur-Meurthe, Dommartemont, Essey-l\u00e8s-Nancy, Fl\u00e9ville-devant-Nancy, Heillecourt, Houdemont, Jarville-la-Malgrange, Laneuveville-devant-Nancy, Laxou, Ludres, Malz\u00e9ville, Max\u00e9ville, Nancy, Pulnoy, Saint-Max, Saulxures-l\u00e8s-Nancy, Seichamps, Tomblaine, Vand\u0153uvre-l\u00e8s-Nancy, Villers-l\u00e8s-Nancy.<\/p>\n<p>Comment obtenir le pass senior<\/p>\n<p class=\" wall-content\">Pour voyager gratuitement, les usagers devront \u00eatre munis d\u2019un <strong>pass senior d\u00e9livr\u00e9 par le r\u00e9seau Stan<\/strong> et le valider \u00e0 chaque mont\u00e9e. En cas de <strong>non-validation<\/strong>, ils <strong>pourront \u00eatre verbalis\u00e9s<\/strong>.<\/p>\n<p class=\" wall-content\">Pour obtenir ce pass, il est possible de faire la demande <strong>en ligne<\/strong> ou de remplir un <strong>formulaire papier<\/strong>. Formulaire qui pourra \u00eatre r\u00e9cup\u00e9r\u00e9 par l\u2019<strong>agence mobile<\/strong> qui se d\u00e9placera dans les communes du Grand Nancy, mais aussi dans les foyers et r\u00e9sidences autonomie. Le pass sera ensuite envoy\u00e9 par courrier au domicile des usagers.<\/p>\n<p>Vid\u00e9os : en ce moment sur ActuUne mesure estim\u00e9e \u00e0 pr\u00e8s d\u20191,3\u00a0million d\u2019euros<\/p>\n<p class=\" wall-content\">Comme le pr\u00e9cise la M\u00e9tropole du Grand Nancy, les personnes qui souhaitent d\u00e9tenir un pass devront fournir <strong>une pi\u00e8ce d\u2019identit\u00e9, une photo d\u2019identit\u00e9 ou une carte SimpliCit\u00e9s Stan<\/strong> si elles en ont d\u00e9j\u00e0 une, ainsi qu\u2019un <strong>justificatif de domicile<\/strong> de moins de trois mois. Elle ajoute que l\u2019abonnement devra \u00eatre <strong>renouvel\u00e9 tous les cinq ans<\/strong>.<\/p>\n<p class=\" wall-content\">Toujours selon le Grand Nancy, le co\u00fbt de cette mesure est <strong>estim\u00e9 \u00e0 pr\u00e8s de 1,3\u00a0million d\u2019euros<\/strong>.<\/p>\n<p class=\" wall-content\">Suivez toute l\u2019actualit\u00e9 de vos villes et m\u00e9dias favoris en vous inscrivant \u00e0 <a href=\"https:\/\/moncompte.actu.fr\" title=\"D\u00e9couvez Mon Actu\" rel=\"nofollow noopener\" data-trk=\"{&quot;cta&quot;:{&quot;action&quot;:&quot;https:\\\/\\\/moncompte.actu.fr&quot;,&quot;category&quot;:&quot;mon compte&quot;,&quot;from&quot;:&quot;article footer&quot;,&quot;name&quot;:&quot;Mon actu&quot;,&quot;type&quot;:&quot;cta&quot;}}\" target=\"_blank\">Mon Actu<\/a>.<\/p>\n","protected":false},"excerpt":{"rendered":"Par Amandine Mehl Publi\u00e9 le 23 juin 2025 \u00e0 9h22 Dans le Grand Nancy, les prix des tickets&hellip;\n","protected":false},"author":2,"featured_media":51226,"comment_status":"","ping_status":"","sticky":false,"template":"","format":"standard","meta":{"footnotes":""},"categories":[9635],"tags":[1111,11,1777,674,1011,27,775,1702,12,25,9849,3552,104,2803],"class_list":{"0":"post-197701","1":"post","2":"type-post","3":"status-publish","4":"format-standard","5":"has-post-thumbnail","7":"category-nancy","8":"tag-actu","9":"tag-actualites","10":"tag-eu","11":"tag-europe","12":"tag-fr","13":"tag-france","14":"tag-grand-est","15":"tag-nancy","16":"tag-news","17":"tag-republique-francaise","18":"tag-reseau-stan","19":"tag-seniors","20":"tag-societe","21":"tag-transport"},"share_on_mastodon":{"url":"https:\/\/pubeurope.com\/@fr\/114731758593980636","error":""},"_links":{"self":[{"href":"https:\/\/www.europesays.com\/fr\/wp-json\/wp\/v2\/posts\/197701","targetHints":{"allow":["GET"]}}],"collection":[{"href":"https:\/\/www.europesays.com\/fr\/wp-json\/wp\/v2\/posts"}],"about":[{"href":"https:\/\/www.europesays.com\/fr\/wp-json\/wp\/v2\/types\/post"}],"author":[{"embeddable":true,"href":"https:\/\/www.europesays.com\/fr\/wp-json\/wp\/v2\/users\/2"}],"replies":[{"embeddable":true,"href":"https:\/\/www.europesays.com\/fr\/wp-json\/wp\/v2\/comments?post=197701"}],"version-history":[{"count":0,"href":"https:\/\/www.europesays.com\/fr\/wp-json\/wp\/v2\/posts\/197701\/revisions"}],"wp:featuredmedia":[{"embeddable":true,"href":"https:\/\/www.europesays.com\/fr\/wp-json\/wp\/v2\/media\/51226"}],"wp:attachment":[{"href":"https:\/\/www.europesays.com\/fr\/wp-json\/wp\/v2\/media?parent=197701"}],"wp:term":[{"taxonomy":"category","embeddable":true,"href":"https:\/\/www.europesays.com\/fr\/wp-json\/wp\/v2\/categories?post=197701"},{"taxonomy":"post_tag","embeddable":true,"href":"https:\/\/www.europesays.com\/fr\/wp-json\/wp\/v2\/tags?post=197701"}],"curies":[{"name":"wp","href":"https:\/\/api.w.org\/{rel}","templated":true}]}}