{"id":197709,"date":"2025-06-23T08:39:08","date_gmt":"2025-06-23T08:39:08","guid":{"rendered":"https:\/\/www.europesays.com\/fr\/197709\/"},"modified":"2025-06-23T08:39:08","modified_gmt":"2025-06-23T08:39:08","slug":"une-boutique-soufflee-par-une-explosion-enorme","status":"publish","type":"post","link":"https:\/\/www.europesays.com\/fr\/197709\/","title":{"rendered":"une boutique souffl\u00e9e par \u00ab\u2009une explosion \u00e9norme\u2009\u00bb"},"content":{"rendered":"<p>            Par<br \/>\n        <strong><br \/>\n            <a href=\"https:\/\/actu.fr\/auteur\/thomas-rideau\" title=\"Consulter tous les articles de Thomas Rideau\" target=\"_blank\" rel=\"noopener\">Thomas Rideau<\/a><br \/>\n        <\/strong><\/p>\n<p>        Publi\u00e9 le<\/p>\n<p>            23 juin 2025 \u00e0 10h26        <\/p>\n<p><strong>\u00ab\u2009Une explosion \u00e9norme.\u2009\u00bb<\/strong> Dans la nuit du samedi au dimanche 22\u00a0juin 2025, \u00e0 <a href=\"https:\/\/actu.fr\/normandie\/rouen_76540\" target=\"_blank\" rel=\"noopener\">Rouen (Seine-Maritime)<\/a>, la f\u00eate de la musique battait son plein. Dans ce contexte de f\u00eate \u00e0 l\u2019\u00e9chelle de ville, une violente explosion a souffl\u00e9 les vitres d\u2019un commerce, rue du P\u00e8re-Adam.<\/p>\n<p class=\" wall-content\">Il est 1h30, environ, estime <strong>Isabelle Pasquier<\/strong>, l\u2019une des g\u00e9rantes de l\u2019atelier Galerie \u00catre, quand elle entend une \u00ab\u2009explosion \u00e9norme\u2009\u00bb. \u00ab\u2009On s\u2019est rendu compte que c\u2019\u00e9tait en bas de chez nous et que la fum\u00e9e montait\u2009\u00bb, raconte-t-elle \u00e0 76actu.<strong> La d\u00e9tonation<\/strong> a eu lieu dans le bo\u00eetier de c\u00e2bles, au pied de sa maison.<\/p>\n<p>Des \u00e9clats de verre dans la rue<\/p>\n<p class=\" wall-content\">Et l\u2019explosion est si forte, que les vitrines de son atelier partent en morceaux. \u00ab\u2009On est choqu\u00e9\u2009\u00bb, r\u00e9p\u00e8te l\u2019habitante. \u00ab\u2009On a <strong>essay\u00e9 de faire face<\/strong> jusqu\u2019\u00e0 4h du matin. On a appel\u00e9 les pompiers et les policiers.\u2009\u00bb Le coffret est parti en morceau tandis que des bouts de verre et de m\u00e9tal ont \u00e9t\u00e9 projet\u00e9s dans la rue. D\u2019apr\u00e8s elle, une \u00ab\u2009esp\u00e8ce de p\u00e9tard\u2009\u00bb a \u00e9t\u00e9 positionn\u00e9e dans une bo\u00eete de conserve dans le transformateur.<\/p>\n<p class=\" wall-content\">Isabelle Pasquier affirme qu\u2019elle va porter plainte dans la journ\u00e9e du 23\u00a0juin 2025. Les cours \u00e0 l\u2019atelier sont <strong>annul\u00e9s<\/strong> durant toute la semaine. Contact\u00e9e, la police confirme qu\u2019une enqu\u00eate est en cours.<\/p>\n<p class=\" wall-content\">Suivez toute l\u2019actualit\u00e9 de vos villes et m\u00e9dias favoris en vous inscrivant \u00e0 <a href=\"https:\/\/moncompte.actu.fr\" title=\"D\u00e9couvez Mon Actu\" rel=\"nofollow noopener\" data-trk=\"{&quot;cta&quot;:{&quot;action&quot;:&quot;https:\\\/\\\/moncompte.actu.fr&quot;,&quot;category&quot;:&quot;mon compte&quot;,&quot;from&quot;:&quot;article footer&quot;,&quot;name&quot;:&quot;Mon actu&quot;,&quot;type&quot;:&quot;cta&quot;}}\" target=\"_blank\">Mon Actu<\/a>.<\/p>\n","protected":false},"excerpt":{"rendered":"Par Thomas Rideau Publi\u00e9 le 23 juin 2025 \u00e0 10h26 \u00ab\u2009Une explosion \u00e9norme.\u2009\u00bb Dans la nuit du samedi&hellip;\n","protected":false},"author":2,"featured_media":197710,"comment_status":"","ping_status":"","sticky":false,"template":"","format":"standard","meta":{"footnotes":""},"categories":[9587],"tags":[1111,11,1777,674,118,25885,1011,27,12,5161,25,9590],"class_list":{"0":"post-197709","1":"post","2":"type-post","3":"status-publish","4":"format-standard","5":"has-post-thumbnail","7":"category-rouen","8":"tag-actu","9":"tag-actualites","10":"tag-eu","11":"tag-europe","12":"tag-faits-divers","13":"tag-fete-de-la-musique","14":"tag-fr","15":"tag-france","16":"tag-news","17":"tag-normandie","18":"tag-republique-francaise","19":"tag-rouen"},"share_on_mastodon":{"url":"https:\/\/pubeurope.com\/@fr\/114731782366329594","error":""},"_links":{"self":[{"href":"https:\/\/www.europesays.com\/fr\/wp-json\/wp\/v2\/posts\/197709","targetHints":{"allow":["GET"]}}],"collection":[{"href":"https:\/\/www.europesays.com\/fr\/wp-json\/wp\/v2\/posts"}],"about":[{"href":"https:\/\/www.europesays.com\/fr\/wp-json\/wp\/v2\/types\/post"}],"author":[{"embeddable":true,"href":"https:\/\/www.europesays.com\/fr\/wp-json\/wp\/v2\/users\/2"}],"replies":[{"embeddable":true,"href":"https:\/\/www.europesays.com\/fr\/wp-json\/wp\/v2\/comments?post=197709"}],"version-history":[{"count":0,"href":"https:\/\/www.europesays.com\/fr\/wp-json\/wp\/v2\/posts\/197709\/revisions"}],"wp:featuredmedia":[{"embeddable":true,"href":"https:\/\/www.europesays.com\/fr\/wp-json\/wp\/v2\/media\/197710"}],"wp:attachment":[{"href":"https:\/\/www.europesays.com\/fr\/wp-json\/wp\/v2\/media?parent=197709"}],"wp:term":[{"taxonomy":"category","embeddable":true,"href":"https:\/\/www.europesays.com\/fr\/wp-json\/wp\/v2\/categories?post=197709"},{"taxonomy":"post_tag","embeddable":true,"href":"https:\/\/www.europesays.com\/fr\/wp-json\/wp\/v2\/tags?post=197709"}],"curies":[{"name":"wp","href":"https:\/\/api.w.org\/{rel}","templated":true}]}}