{"id":197712,"date":"2025-06-23T08:41:08","date_gmt":"2025-06-23T08:41:08","guid":{"rendered":"https:\/\/www.europesays.com\/fr\/197712\/"},"modified":"2025-06-23T08:41:08","modified_gmt":"2025-06-23T08:41:08","slug":"ou-la-foudre-pourrait-tomber","status":"publish","type":"post","link":"https:\/\/www.europesays.com\/fr\/197712\/","title":{"rendered":"o\u00f9 la foudre pourrait tomber"},"content":{"rendered":"<p>            Par<br \/>\n        <strong><br \/>\n            <a href=\"https:\/\/actu.fr\/auteur\/redaction-grenoble\" title=\"Consulter tous les articles de R\u00e9daction Grenoble\" rel=\"nofollow noopener\" target=\"_blank\">R\u00e9daction Grenoble<\/a><br \/>\n        <\/strong><\/p>\n<p>        Publi\u00e9 le<\/p>\n<p>            23 juin 2025 \u00e0 10h10        <\/p>\n<p>Le mercure pourrait (un peu) baisser dans les heures \u00e0 venir.<\/p>\n<p class=\" wall-content\">Apr\u00e8s ce week-end caniculaire et ensoleill\u00e9 de juin, les pr\u00e9visions de M\u00e9t\u00e9o France pour l\u2019<a href=\"https:\/\/actu.fr\/auvergne-rhone-alpes\/isere_38\" rel=\"nofollow noopener\" target=\"_blank\">Is\u00e8re<\/a> en ce lundi 23 juin sont plus gris\u00e2tres. Des <strong>orages<\/strong> sont en effet annonc\u00e9s sur le d\u00e9partement en fin de journ\u00e9e.<\/p>\n<p class=\" wall-content\">Une <strong>vigilance jaune<\/strong> orages est \u00e9galement en vigueur d\u00e8s le d\u00e9but d\u2019apr\u00e8s-midi.<\/p>\n<p>Le nord du d\u00e9partement particuli\u00e8rement concern\u00e9<\/p>\n<p class=\" wall-content\">Si lundi matin, les orages devraient \u00eatre <strong>contenus sur la partie nord<\/strong> du d\u00e9partement vers le bassin lyonnais, ceux-ci devraient se d\u00e9caler sur une large partie de l\u2019Is\u00e8re dans la journ\u00e9e, selon <a href=\"https:\/\/actu.fr\/meteo\" rel=\"nofollow noopener\" target=\"_blank\">M\u00e9t\u00e9o France<\/a>.<\/p>\n<p class=\" wall-content\">Les coups de tonnerre les plus bruyants sont annonc\u00e9s en plaine \u2013 Bourgoin-Jallieu, Voiron ou Saint-Marcellin -, ainsi que le long de la vall\u00e9e du Rh\u00f4ne. \u00c0 <a href=\"https:\/\/actu.fr\/auvergne-rhone-alpes\/grenoble_38185\" rel=\"nofollow noopener\" target=\"_blank\">Grenoble<\/a>, quelques \u00e9clairs et des pr\u00e9cipitations moins violentes pourraient aussi survenir, tout comme sur une partie des massifs alpins.<\/p>\n<p>Vid\u00e9os : en ce moment sur Actu<\/p>\n<p class=\" wall-content\">Quant aux temp\u00e9ratures, elles resteront \u00e9lev\u00e9es, avec le <strong>maximum \u00e0 32\u00b0C<\/strong> pour la capitale des Alpes. Comptez entre 29\u00b0C et 31\u00b0C sur la partie nord de l\u2019Is\u00e8re, et <strong>25\u00b0C au plus frais<\/strong> \u00e0 <a href=\"https:\/\/actu.fr\/auvergne-rhone-alpes\/villard-de-lans_38548\" rel=\"nofollow noopener\" target=\"_blank\">Villard-de-Lans<\/a>.<\/p>\n<p>Vigilance canicule toujours active<\/p>\n<p class=\" wall-content\">Les orages devraient rapidement se calmer dans la soir\u00e9e, ainsi que pour la nuit de lundi \u00e0 mardi. Le soleil devrait \u00eatre de retour jusqu\u2019\u00e0 mercredi \u2013 qui pourrait \u00eatre la journ\u00e9e la plus chaude de la semaine \u2013 o\u00f9 le ciel pourrait \u00e0 nouveau se couvrir dans la nuit.<\/p>\n<p class=\" wall-content\">La <strong>vigilance orange canicule<\/strong>, elle, reste en vigueur sur l\u2019Is\u00e8re, comme sur le <a href=\"https:\/\/actu.fr\/auvergne-rhone-alpes\/rhone_69\" rel=\"nofollow noopener\" target=\"_blank\">Rh\u00f4ne<\/a>, au moins jusqu\u2019\u00e0 mardi matin.<\/p>\n<p class=\" wall-content\">Suivez toute l\u2019actualit\u00e9 de vos villes et m\u00e9dias favoris en vous inscrivant \u00e0 <a href=\"https:\/\/moncompte.actu.fr\" title=\"D\u00e9couvez Mon Actu\" rel=\"nofollow noopener\" data-trk=\"{&quot;cta&quot;:{&quot;action&quot;:&quot;https:\\\/\\\/moncompte.actu.fr&quot;,&quot;category&quot;:&quot;mon compte&quot;,&quot;from&quot;:&quot;article footer&quot;,&quot;name&quot;:&quot;Mon actu&quot;,&quot;type&quot;:&quot;cta&quot;}}\" target=\"_blank\">Mon Actu<\/a>.<\/p>\n","protected":false},"excerpt":{"rendered":"Par R\u00e9daction Grenoble Publi\u00e9 le 23 juin 2025 \u00e0 10h10 Le mercure pourrait (un peu) baisser dans les&hellip;\n","protected":false},"author":2,"featured_media":197713,"comment_status":"","ping_status":"","sticky":false,"template":"","format":"standard","meta":{"footnotes":""},"categories":[9566],"tags":[1111,11,2430,6698,1777,674,1011,27,2731,2487,2357,12,4594,25],"class_list":{"0":"post-197712","1":"post","2":"type-post","3":"status-publish","4":"format-standard","5":"has-post-thumbnail","7":"category-grenoble","8":"tag-actu","9":"tag-actualites","10":"tag-auvergne-rhone-alpes","11":"tag-canicule","12":"tag-eu","13":"tag-europe","14":"tag-fr","15":"tag-france","16":"tag-grenoble","17":"tag-meteo","18":"tag-meteo-france","19":"tag-news","20":"tag-orages","21":"tag-republique-francaise"},"share_on_mastodon":{"url":"https:\/\/pubeurope.com\/@fr\/114731790366135597","error":""},"_links":{"self":[{"href":"https:\/\/www.europesays.com\/fr\/wp-json\/wp\/v2\/posts\/197712","targetHints":{"allow":["GET"]}}],"collection":[{"href":"https:\/\/www.europesays.com\/fr\/wp-json\/wp\/v2\/posts"}],"about":[{"href":"https:\/\/www.europesays.com\/fr\/wp-json\/wp\/v2\/types\/post"}],"author":[{"embeddable":true,"href":"https:\/\/www.europesays.com\/fr\/wp-json\/wp\/v2\/users\/2"}],"replies":[{"embeddable":true,"href":"https:\/\/www.europesays.com\/fr\/wp-json\/wp\/v2\/comments?post=197712"}],"version-history":[{"count":0,"href":"https:\/\/www.europesays.com\/fr\/wp-json\/wp\/v2\/posts\/197712\/revisions"}],"wp:featuredmedia":[{"embeddable":true,"href":"https:\/\/www.europesays.com\/fr\/wp-json\/wp\/v2\/media\/197713"}],"wp:attachment":[{"href":"https:\/\/www.europesays.com\/fr\/wp-json\/wp\/v2\/media?parent=197712"}],"wp:term":[{"taxonomy":"category","embeddable":true,"href":"https:\/\/www.europesays.com\/fr\/wp-json\/wp\/v2\/categories?post=197712"},{"taxonomy":"post_tag","embeddable":true,"href":"https:\/\/www.europesays.com\/fr\/wp-json\/wp\/v2\/tags?post=197712"}],"curies":[{"name":"wp","href":"https:\/\/api.w.org\/{rel}","templated":true}]}}