{"id":197714,"date":"2025-06-23T08:42:10","date_gmt":"2025-06-23T08:42:10","guid":{"rendered":"https:\/\/www.europesays.com\/fr\/197714\/"},"modified":"2025-06-23T08:42:10","modified_gmt":"2025-06-23T08:42:10","slug":"la-piscine-jean-bron-fermee-plus-tot-apres-une-bagarre","status":"publish","type":"post","link":"https:\/\/www.europesays.com\/fr\/197714\/","title":{"rendered":"la piscine Jean-Bron ferm\u00e9e plus t\u00f4t apr\u00e8s une bagarre"},"content":{"rendered":"<p>\t\t\t\t\t\t\t\t\t\t\t<img loading=\"lazy\" decoding=\"async\" width=\"1110\" title=\"Grenoble : la piscine Jean-Bron ferm\u00e9e plus t\u00f4t apr\u00e8s une bagarre\" class=\"img-fluid not_lzld mb-3\" src=\"https:\/\/grandgrenoble.alpes1.com\/media\/news\/thumb\/1110x624_grenoble-la-piscine-jean-bron-fermee-plus-tot-apres-une-bagarre_6859070f53a88.webp\" alt=\"Grenoble : la piscine Jean-Bron ferm\u00e9e plus t\u00f4t apr\u00e8s une bagarre\" itemprop=\"image\" height=\"624\"\/>\t\t\t\t\t\t\t\t\t\t\t\t<\/p>\n<p>Grenoble : la piscine Jean-Bron ferm\u00e9e plus t\u00f4t apr\u00e8s une bagarre &#8211; DR<\/p>\n<p itemprop=\"description\"><strong>Une bagarre \u00e0 la piscine Jean-Bron \u00e0 Grenoble a contraint la direction \u00e0 fermer ses portes 3 heures plus t\u00f4t ce dimanche 22 juin.<\/strong><\/p>\n<p>Une fermeture \u00e0 17 heures au lieu de 19 heures. La piscine Jean-Bron a pass\u00e9 un dimanche apr\u00e8s-midi mouvement\u00e9. Alors qu\u2019une bagarre est survenue au sein de l\u2019\u00e9tablissement, la direction de la piscine a \u00e9t\u00e9 contrainte de baisser le rideau plus t\u00f4t que pr\u00e9vu.<\/p>\n<p>Un jeune homme aurait \u00e9t\u00e9 surpris en train de d\u00e9rober de la nourriture au pr\u00e9judice du snack install\u00e9 sur la terrasse. C\u2019est \u00e0 partir de ce moment que la tension serait mont\u00e9e entre le personnel et le groupe de jeunes accompagnant le voleur. Une bagarre aurait ensuite \u00e9clat\u00e9 entre ce groupe et un autre groupe qui n\u2019\u00e9tait pas concern\u00e9.<\/p>\n<p>Suite \u00e0 cet affrontement, un agent de s\u00e9curit\u00e9 aurait \u00e9t\u00e9 l\u00e9g\u00e8rement bless\u00e9. Les deux groupes auraient pr\u00e9cipitamment quitt\u00e9 les lieux. La direction a donc pris la d\u00e9cision de fermer les portes vers 17 heures. N\u00e9anmoins, les baigneurs pr\u00e9sents dans et autour des bassins ont pu rester et poursuivre leur baignade.<\/p>\n","protected":false},"excerpt":{"rendered":"Grenoble : la piscine Jean-Bron ferm\u00e9e plus t\u00f4t apr\u00e8s une bagarre &#8211; DR Une bagarre \u00e0 la piscine&hellip;\n","protected":false},"author":2,"featured_media":197715,"comment_status":"","ping_status":"","sticky":false,"template":"","format":"standard","meta":{"footnotes":""},"categories":[9566],"tags":[1111,11,7733,8279,2430,7736,650,7734,2889,2263,1777,674,1011,27,2731,8280,6417,1114,108,4662,12,3725,1825,25,7737],"class_list":{"0":"post-197714","1":"post","2":"type-post","3":"status-publish","4":"format-standard","5":"has-post-thumbnail","7":"category-grenoble","8":"tag-actu","9":"tag-actualites","10":"tag-alpes","11":"tag-alpes1","12":"tag-auvergne-rhone-alpes","13":"tag-cds","14":"tag-cinema","15":"tag-ecoute","16":"tag-emission","17":"tag-equipe","18":"tag-eu","19":"tag-europe","20":"tag-fr","21":"tag-france","22":"tag-grenoble","23":"tag-haute","24":"tag-information","25":"tag-infos","26":"tag-isere","27":"tag-journal","28":"tag-news","29":"tag-podcast","30":"tag-radio","31":"tag-republique-francaise","32":"tag-winamp"},"share_on_mastodon":{"url":"https:\/\/pubeurope.com\/@fr\/114731794112821209","error":""},"_links":{"self":[{"href":"https:\/\/www.europesays.com\/fr\/wp-json\/wp\/v2\/posts\/197714","targetHints":{"allow":["GET"]}}],"collection":[{"href":"https:\/\/www.europesays.com\/fr\/wp-json\/wp\/v2\/posts"}],"about":[{"href":"https:\/\/www.europesays.com\/fr\/wp-json\/wp\/v2\/types\/post"}],"author":[{"embeddable":true,"href":"https:\/\/www.europesays.com\/fr\/wp-json\/wp\/v2\/users\/2"}],"replies":[{"embeddable":true,"href":"https:\/\/www.europesays.com\/fr\/wp-json\/wp\/v2\/comments?post=197714"}],"version-history":[{"count":0,"href":"https:\/\/www.europesays.com\/fr\/wp-json\/wp\/v2\/posts\/197714\/revisions"}],"wp:featuredmedia":[{"embeddable":true,"href":"https:\/\/www.europesays.com\/fr\/wp-json\/wp\/v2\/media\/197715"}],"wp:attachment":[{"href":"https:\/\/www.europesays.com\/fr\/wp-json\/wp\/v2\/media?parent=197714"}],"wp:term":[{"taxonomy":"category","embeddable":true,"href":"https:\/\/www.europesays.com\/fr\/wp-json\/wp\/v2\/categories?post=197714"},{"taxonomy":"post_tag","embeddable":true,"href":"https:\/\/www.europesays.com\/fr\/wp-json\/wp\/v2\/tags?post=197714"}],"curies":[{"name":"wp","href":"https:\/\/api.w.org\/{rel}","templated":true}]}}