{"id":197740,"date":"2025-06-23T08:56:10","date_gmt":"2025-06-23T08:56:10","guid":{"rendered":"https:\/\/www.europesays.com\/fr\/197740\/"},"modified":"2025-06-23T08:56:10","modified_gmt":"2025-06-23T08:56:10","slug":"job-dete-en-reciprocite-lille-grenoble-actualites","status":"publish","type":"post","link":"https:\/\/www.europesays.com\/fr\/197740\/","title":{"rendered":"Job d&rsquo;\u00e9t\u00e9 en r\u00e9ciprocit\u00e9 Lille-Grenoble \/ Actualit\u00e9s"},"content":{"rendered":"<p>Cette action lanc\u00e9e en 2024 et renouvel\u00e9e du 2 au 21 juillet 2025 consiste \u00e0 organiser un \u00e9change de jeunes avec une autre ville en France au pr\u00e9texte d\u2019un job d\u2019\u00e9t\u00e9.<\/p>\n<p>            <img loading=\"lazy\" decoding=\"async\" src=\"\/var\/www\/storage\/images\/mediatheque\/mairie-de-lille\/actualites\/images\/2024\/avril-2024\/jobs-d-ete\/3472652-1-fre-FR\/Jobs-d-ete_news_image_top.jpg\" width=\"779\" height=\"519\" alt=\"\"\/><br \/>\n    \tJob d&rsquo;\u00e9t\u00e9 \u00e0 Lille Aventure Nature.<\/p>\n<p>La Ville de Lille porte une politique jeunesse ambitieuse avec la volont\u00e9 de proposer de nouveaux projets tout au long du mandat, conform\u00e9ment aux orientations de la Strat\u00e9gie Jeunesse 2021-2026.<\/p>\n<p><strong>Au rang de ces projets figure \u00ab\u00a0Job d\u2019\u00e9t\u00e9 en r\u00e9ciprocit\u00e9\u00a0\u00bb<\/strong>. Initi\u00e9 \u00e0 titre exp\u00e9rimental l\u2019\u00e9t\u00e9 2024, cette action consiste \u00e0 organiser un <strong>\u00e9change de jeunes avec une autre ville en France au pr\u00e9texte d\u2019un job d\u2019\u00e9t\u00e9.<\/strong><\/p>\n<p>Ce projet rel\u00e8ve d\u2019une double d\u00e9marche\u00a0en ce sens qu\u2019il vise non seulement \u00e0 <strong>favoriser la mobilit\u00e9 et l\u2019autonomie des jeunes<\/strong>, mais \u00e9galement \u00e0 leur offrir une <strong>v\u00e9ritable exp\u00e9rience professionnelle<\/strong>, parfois la premi\u00e8re, gr\u00e2ce \u00e0 l\u2019exercice d\u2019un <strong>emploi saisonnier<\/strong> pendant 10 jours minimum.<\/p>\n<p>Fort du succ\u00e8s rencontr\u00e9 en 2024, <strong>Lille Avenirs<\/strong> et la Mission Locale de Grenoble ont renouvel\u00e9 leur partenariat afin de faire b\u00e9n\u00e9ficier <strong>8 jeunes Lillois et 8 jeunes Grenoblois<\/strong> de l\u2019exp\u00e9rience d\u2019une mobilit\u00e9 structur\u00e9e autour de l\u2019acc\u00e8s \u00e0 l\u2019emploi.<\/p>\n<p>Les jeunes Grenoblois sont mobilis\u00e9s sur le dispositif \u00ab\u00a0Job d\u2019\u00e9t\u00e9\u00a0\u00bb, port\u00e9 par la Ville de Lille, tandis que les jeunes Lillois occuperont des emplois aupr\u00e8s d\u2019entreprises partenaires du r\u00e9seau de la Mission Locale de Grenoble.<\/p>\n<p><strong>L&rsquo;\u00e9change des groupes se r\u00e9alisera sur la p\u00e9riode du 2 au 21 juillet 2025<\/strong>. Lors des premiers jours, les jeunes Grenoblois seront pris en charge par la Direction Jeunesse de la Ville autour d\u2019un programme d\u2019activit\u00e9s leur permettant de d\u00e9couvrir la ville et ses \u00e9quipements et de prendre leurs rep\u00e8res. Ensuite, chaque jeune sera positionn\u00e9 sur un emploi au sein des services municipaux, pendant 10 jours.\u00a0<\/p>\n<p>Les jeunes Lillois qui ont particip\u00e9 \u00e0 l&rsquo;exp\u00e9rience de l&rsquo;an dernier, sont tous aujourd&rsquo;hui engag\u00e9s dans un parcours professionnel soit en situation de travail ou en reprise de formation. Tous les jeunes ont appr\u00e9ci\u00e9 ce projet et recommande cette exp\u00e9rience qui leur a permis de gagner en autonomie et en confiance en eux et pour certain de trouver leur voie professionnelle.<\/p>\n","protected":false},"excerpt":{"rendered":"Cette action lanc\u00e9e en 2024 et renouvel\u00e9e du 2 au 21 juillet 2025 consiste \u00e0 organiser un \u00e9change&hellip;\n","protected":false},"author":2,"featured_media":197741,"comment_status":"","ping_status":"","sticky":false,"template":"","format":"standard","meta":{"footnotes":""},"categories":[2815],"tags":[1111,11,4763,1777,674,1011,27,811,1307,5415,12,25],"class_list":{"0":"post-197740","1":"post","2":"type-post","3":"status-publish","4":"format-standard","5":"has-post-thumbnail","7":"category-lille","8":"tag-actu","9":"tag-actualites","10":"tag-agenda","11":"tag-eu","12":"tag-europe","13":"tag-fr","14":"tag-france","15":"tag-hauts-de-france","16":"tag-lille","17":"tag-mairie","18":"tag-news","19":"tag-republique-francaise"},"share_on_mastodon":{"url":"https:\/\/pubeurope.com\/@fr\/114731849136687443","error":""},"_links":{"self":[{"href":"https:\/\/www.europesays.com\/fr\/wp-json\/wp\/v2\/posts\/197740","targetHints":{"allow":["GET"]}}],"collection":[{"href":"https:\/\/www.europesays.com\/fr\/wp-json\/wp\/v2\/posts"}],"about":[{"href":"https:\/\/www.europesays.com\/fr\/wp-json\/wp\/v2\/types\/post"}],"author":[{"embeddable":true,"href":"https:\/\/www.europesays.com\/fr\/wp-json\/wp\/v2\/users\/2"}],"replies":[{"embeddable":true,"href":"https:\/\/www.europesays.com\/fr\/wp-json\/wp\/v2\/comments?post=197740"}],"version-history":[{"count":0,"href":"https:\/\/www.europesays.com\/fr\/wp-json\/wp\/v2\/posts\/197740\/revisions"}],"wp:featuredmedia":[{"embeddable":true,"href":"https:\/\/www.europesays.com\/fr\/wp-json\/wp\/v2\/media\/197741"}],"wp:attachment":[{"href":"https:\/\/www.europesays.com\/fr\/wp-json\/wp\/v2\/media?parent=197740"}],"wp:term":[{"taxonomy":"category","embeddable":true,"href":"https:\/\/www.europesays.com\/fr\/wp-json\/wp\/v2\/categories?post=197740"},{"taxonomy":"post_tag","embeddable":true,"href":"https:\/\/www.europesays.com\/fr\/wp-json\/wp\/v2\/tags?post=197740"}],"curies":[{"name":"wp","href":"https:\/\/api.w.org\/{rel}","templated":true}]}}