{"id":197742,"date":"2025-06-23T08:57:10","date_gmt":"2025-06-23T08:57:10","guid":{"rendered":"https:\/\/www.europesays.com\/fr\/197742\/"},"modified":"2025-06-23T08:57:10","modified_gmt":"2025-06-23T08:57:10","slug":"atlasea-une-aventure-scientifique-denvergure-pour-cartographier-la-vie","status":"publish","type":"post","link":"https:\/\/www.europesays.com\/fr\/197742\/","title":{"rendered":"ATLASea, une aventure scientifique d\u2019envergure pour cartographier la vie (\u2026)"},"content":{"rendered":"<p>                    <img loading=\"lazy\" decoding=\"async\" src=\"https:\/\/www.europesays.com\/fr\/wp-content\/uploads\/2025\/06\/8af2fe7519fa51e24130f200f92e35.jpg\" class=\"img-responsive post-image\" width=\"680\" height=\"510\" alt=\"ATLASea, une aventure (\u2026)\" title=\"ATLASea, une aventure scientifique d'envergure pour cartographier la vie marine, \u00e0 Marseille\"\/><\/p>\n<p class=\"chapo\">Du 16 au 27 juin 2025, la Station Marine d\u2019Endoume (Aix-Marseille Universit\u00e9) accueille une nouvelle \u00e9tape du projet DIVE-SEA, dans le cadre du programme de recherche ATLASea.<\/p>\n<p><strong>Objectif\u00a0: <\/strong> collecter des esp\u00e8ces marines sur le littoral m\u00e9diterran\u00e9en en vue de leur s\u00e9quen\u00e7age g\u00e9nomique. Ce programme exploratoire, pilot\u00e9 par le CNRS et le CEA, vise, d\u2019ici 2031, le s\u00e9quen\u00e7age de 4 500 esp\u00e8ces issues des mers m\u00e9tropolitaines et ultramarines.<\/p>\n<p>Une aventure scientifique d\u2019envergure pour cartographier la vie marine<\/p>\n<p>Lanc\u00e9 en 2023 dans le cadre du plan d\u2019investissement d\u2019avenir France 2030, le programme ATLASea \u2013 Atlas des g\u00e9nomes marins est un PEPR (Programme et \u00c9quipement Prioritaire de Recherche) visant \u00e0 combler les lacunes majeures en mati\u00e8re de connaissances sur le g\u00e9nome des esp\u00e8ces marines. Co-pilot\u00e9 par le CNRS et le CEA, et soutenu par l\u2019Agence Nationale de la Recherche (ANR), le programme s\u2019appuie sur un consortium scientifique compos\u00e9 notamment du Mus\u00e9um national d\u2019Histoire naturelle (MNHN), d\u2019Ifremer, d\u2019Aix-Marseille Universit\u00e9 (AMU), de l\u2019Universit\u00e9 Paris Sciences &amp; Lettres (PSL) et de Sorbonne Universit\u00e9. Le projet DIVE-SEA en constitue le bras op\u00e9rationnel, charg\u00e9 des campagnes de terrain, du pr\u00e9l\u00e8vement des esp\u00e8ces jusqu\u2019\u00e0 leur transfert en laboratoire.<\/p>\n<p>Une mission 2025 tourn\u00e9e vers la M\u00e9diterran\u00e9e<\/p>\n<p>Pour cette deuxi\u00e8me ann\u00e9e de campagne, les \u00e9quipes de DIVE-SEA se d\u00e9ploient le long des c\u00f4tes m\u00e9diterran\u00e9ennes, depuis la C\u00f4te Bleue jusqu\u2019au Parc national des Calanques, en passant par l\u2019\u00e9tang de Berre, afin d\u2019explorer la plus large diversit\u00e9 possible de milieux et de substrats. La Station Marine d\u2019Endoume (13007) sera durant cette p\u00e9riode le centre logistique et scientifique de la mission.<\/p>\n<p><strong>\u00c0 ce jour, plus de 1 000 esp\u00e8ces ont \u00e9t\u00e9 collect\u00e9es dans le cadre du programme, et plus de 60 g\u00e9nomes de r\u00e9f\u00e9rence sont d\u00e9j\u00e0 disponibles pour la communaut\u00e9 scientifique.<\/strong> Des esp\u00e8ces remarquables ont int\u00e9gr\u00e9 le programme, telles que le crabe terrestre Cardisoma guanhumi, embl\u00e9matique des Antilles, le Nautilus macromphalus de Nouvelle-Cal\u00e9donie, ou encore la rascasse volante (Pterois volitans), esp\u00e8ce invasive des Cara\u00efbes.<\/p>\n<p>Des retomb\u00e9es scientifiques et \u00e9cologiques majeures<\/p>\n<p>Le programme ATLASea joue <strong>un r\u00f4le cl\u00e9 dans la connaissance et la pr\u00e9servation de la biodiversit\u00e9 marine<\/strong>. En s\u00e9quen\u00e7ant 4 500 esp\u00e8ces issues des zones maritimes fran\u00e7aises, il documente de mani\u00e8re in\u00e9dite la diversit\u00e9 g\u00e9n\u00e9tique des organismes marins. Cette cartographie du vivant permettra de mieux comprendre l\u2019\u00e9volution, l\u2019adaptation et les interactions des esp\u00e8ces dans des milieux menac\u00e9s. <strong>Les donn\u00e9es seront mises \u00e0 disposition en open data, selon les principes FAIR, afin de favoriser la recherche collaborative.<\/strong> ATLASea mobilise une communaut\u00e9 scientifique nationale autour d\u2019un objectif commun\u00a0: anticiper les grands bouleversements \u00e0 venir et accompagner les politiques de conservation.<\/p>\n<p>En rendant accessibles des donn\u00e9es g\u00e9nomiques in\u00e9dites, <a href=\"https:\/\/www.atlasea.fr\/\" class=\"spip_out\" rel=\"external nofollow noopener\" target=\"_blank\">ATLASea<\/a> constitue un outil de r\u00e9f\u00e9rence pour la recherche, la gestion durable des ressources et la conservation des \u00e9cosyst\u00e8mes marins, dans un contexte de bouleversements environnementaux globaux.<\/p>\n","protected":false},"excerpt":{"rendered":"Du 16 au 27 juin 2025, la Station Marine d\u2019Endoume (Aix-Marseille Universit\u00e9) accueille une nouvelle \u00e9tape du projet&hellip;\n","protected":false},"author":2,"featured_media":197743,"comment_status":"","ping_status":"","sticky":false,"template":"","format":"standard","meta":{"footnotes":""},"categories":[2814],"tags":[1111,11,2408,1777,674,1011,27,884,12,882,25],"class_list":{"0":"post-197742","1":"post","2":"type-post","3":"status-publish","4":"format-standard","5":"has-post-thumbnail","7":"category-marseille","8":"tag-actu","9":"tag-actualites","10":"tag-appels-d","11":"tag-eu","12":"tag-europe","13":"tag-fr","14":"tag-france","15":"tag-marseille","16":"tag-news","17":"tag-provence-alpes-cote-dazur","18":"tag-republique-francaise"},"share_on_mastodon":{"url":"https:\/\/pubeurope.com\/@fr\/114731853040784007","error":""},"_links":{"self":[{"href":"https:\/\/www.europesays.com\/fr\/wp-json\/wp\/v2\/posts\/197742","targetHints":{"allow":["GET"]}}],"collection":[{"href":"https:\/\/www.europesays.com\/fr\/wp-json\/wp\/v2\/posts"}],"about":[{"href":"https:\/\/www.europesays.com\/fr\/wp-json\/wp\/v2\/types\/post"}],"author":[{"embeddable":true,"href":"https:\/\/www.europesays.com\/fr\/wp-json\/wp\/v2\/users\/2"}],"replies":[{"embeddable":true,"href":"https:\/\/www.europesays.com\/fr\/wp-json\/wp\/v2\/comments?post=197742"}],"version-history":[{"count":0,"href":"https:\/\/www.europesays.com\/fr\/wp-json\/wp\/v2\/posts\/197742\/revisions"}],"wp:featuredmedia":[{"embeddable":true,"href":"https:\/\/www.europesays.com\/fr\/wp-json\/wp\/v2\/media\/197743"}],"wp:attachment":[{"href":"https:\/\/www.europesays.com\/fr\/wp-json\/wp\/v2\/media?parent=197742"}],"wp:term":[{"taxonomy":"category","embeddable":true,"href":"https:\/\/www.europesays.com\/fr\/wp-json\/wp\/v2\/categories?post=197742"},{"taxonomy":"post_tag","embeddable":true,"href":"https:\/\/www.europesays.com\/fr\/wp-json\/wp\/v2\/tags?post=197742"}],"curies":[{"name":"wp","href":"https:\/\/api.w.org\/{rel}","templated":true}]}}