{"id":197748,"date":"2025-06-23T09:00:21","date_gmt":"2025-06-23T09:00:21","guid":{"rendered":"https:\/\/www.europesays.com\/fr\/197748\/"},"modified":"2025-06-23T09:00:21","modified_gmt":"2025-06-23T09:00:21","slug":"metropole-de-lyon-un-jeune-de-25-ans-meurt-noye-dans-le-lac-du-grand-parc-de-miribel-jonage","status":"publish","type":"post","link":"https:\/\/www.europesays.com\/fr\/197748\/","title":{"rendered":"M\u00e9tropole de Lyon. Un jeune de 25 ans meurt noy\u00e9 dans le lac du grand parc de Miribel-Jonage"},"content":{"rendered":"<p>Journ\u00e9e noire ce dimanche. Un jeune homme de 25 ans a \u00e9t\u00e9 retrouv\u00e9 mort noy\u00e9 dans le lac du grand parc de Miribel-Jonage, en fin d&rsquo;apr\u00e8s-midi, a appris Le Progr\u00e8s, confirmant une information de <a href=\"https:\/\/www.bfmtv.com\/lyon\/un-homme-de-25-ans-retrouve-mort-noye-au-parc-de-miribel-jonage_AN-202506230187.html\" target=\"_blank\" rel=\"noopener\">BFM Lyon<\/a>.<\/p>\n<p>  Un massage cardiaque en vain<\/p>\n<p>La victime se baignait au large de la plage du Morlet, l&rsquo;une des trois plages gratuites du parc.\u00a0<\/p>\n<p>Arriv\u00e9s sur place, les secours ont tent\u00e9 de le r\u00e9animer en lui prodiguant un massage cardiaque, en vain.\u00a0Les circonstances de la noyade ne sont pour l&rsquo;heure pas connues.\u00a0<\/p>\n","protected":false},"excerpt":{"rendered":"Journ\u00e9e noire ce dimanche. Un jeune homme de 25 ans a \u00e9t\u00e9 retrouv\u00e9 mort noy\u00e9 dans le lac&hellip;\n","protected":false},"author":2,"featured_media":197749,"comment_status":"","ping_status":"","sticky":false,"template":"","format":"standard","meta":{"footnotes":""},"categories":[1889],"tags":[1111,11,2738,2430,3152,1777,674,274,107,1011,27,2428,12,25,2429,5070],"class_list":{"0":"post-197748","1":"post","2":"type-post","3":"status-publish","4":"format-standard","5":"has-post-thumbnail","7":"category-lyon","8":"tag-actu","9":"tag-actualites","10":"tag-ain","11":"tag-auvergne-rhone-alpes","12":"tag-edition-est-lyonnais","13":"tag-eu","14":"tag-europe","15":"tag-faits-divers-justice","16":"tag-fil-info","17":"tag-fr","18":"tag-france","19":"tag-lyon","20":"tag-news","21":"tag-republique-francaise","22":"tag-rhone","23":"tag-vaulx-en-velin"},"share_on_mastodon":{"url":"https:\/\/pubeurope.com\/@fr\/114731864908291661","error":""},"_links":{"self":[{"href":"https:\/\/www.europesays.com\/fr\/wp-json\/wp\/v2\/posts\/197748","targetHints":{"allow":["GET"]}}],"collection":[{"href":"https:\/\/www.europesays.com\/fr\/wp-json\/wp\/v2\/posts"}],"about":[{"href":"https:\/\/www.europesays.com\/fr\/wp-json\/wp\/v2\/types\/post"}],"author":[{"embeddable":true,"href":"https:\/\/www.europesays.com\/fr\/wp-json\/wp\/v2\/users\/2"}],"replies":[{"embeddable":true,"href":"https:\/\/www.europesays.com\/fr\/wp-json\/wp\/v2\/comments?post=197748"}],"version-history":[{"count":0,"href":"https:\/\/www.europesays.com\/fr\/wp-json\/wp\/v2\/posts\/197748\/revisions"}],"wp:featuredmedia":[{"embeddable":true,"href":"https:\/\/www.europesays.com\/fr\/wp-json\/wp\/v2\/media\/197749"}],"wp:attachment":[{"href":"https:\/\/www.europesays.com\/fr\/wp-json\/wp\/v2\/media?parent=197748"}],"wp:term":[{"taxonomy":"category","embeddable":true,"href":"https:\/\/www.europesays.com\/fr\/wp-json\/wp\/v2\/categories?post=197748"},{"taxonomy":"post_tag","embeddable":true,"href":"https:\/\/www.europesays.com\/fr\/wp-json\/wp\/v2\/tags?post=197748"}],"curies":[{"name":"wp","href":"https:\/\/api.w.org\/{rel}","templated":true}]}}