{"id":197762,"date":"2025-06-23T09:07:13","date_gmt":"2025-06-23T09:07:13","guid":{"rendered":"https:\/\/www.europesays.com\/fr\/197762\/"},"modified":"2025-06-23T09:07:13","modified_gmt":"2025-06-23T09:07:13","slug":"au-moins-sept-morts-dans-la-region-de-kiev-apres-une-nouvelle-nuit-de-bombardements-russes-rts-ch","status":"publish","type":"post","link":"https:\/\/www.europesays.com\/fr\/197762\/","title":{"rendered":"Au moins sept morts dans la r\u00e9gion de Kiev apr\u00e8s une nouvelle nuit de bombardements russes &#8211; rts.ch"},"content":{"rendered":"<p>La Russie a tir\u00e9 dans la nuit sur l&rsquo;Ukraine 352 drones et 16 missiles, de nouvelles frappes qui ont fait au moins sept morts \u00e0 Kiev et sa r\u00e9gion, a annonc\u00e9 lundi le pr\u00e9sident ukrainien Volodymyr Zelensky.<\/p>\n<p>\u00ab\u00a0Au total, il y a eu 352 drones, dont 159 Shaheds\u00a0\u00bb, des engins explosifs de conception iranienne, \u00ab\u00a0et 16 missiles\u00a0\u00bb dont des projectiles balistiques produits par la Cor\u00e9e du Nord, a d\u00e9nonc\u00e9 Volodymyr Zelensky sur les r\u00e9seaux sociaux.<\/p>\n<p>Le ministre de l&rsquo;Int\u00e9rieur ukrainien, Igor Klymenko, a \u00e9voqu\u00e9 des \u00ab\u00a0bombardements massifs de missiles et de drones\u00a0\u00bb pendant la nuit sur la capitale et sa r\u00e9gion. Il a d\u00e9plor\u00e9 \u00ab\u00a0des frappes sur des zones r\u00e9sidentielles, des h\u00f4pitaux, des \u00e9quipements sportifs\u00a0\u00bb par les forces russes \u00ab\u00a0sans respect pour le concept d&rsquo;infrastructures civiles\u00a0\u00bb.<\/p>\n<p>Dans le district de Chevchenkivski, dans l&rsquo;ouest de la capitale, \u00ab\u00a0toute une section d&rsquo;un immeuble r\u00e9sidentiel de plusieurs \u00e9tages a \u00e9t\u00e9 d\u00e9truite\u00a0\u00bb, a d\u00e9clar\u00e9 le ministre sur Telegram.<\/p>\n<p>Le maire de Kiev Vitali Klitschko a donn\u00e9 un nouveau bilan de six morts pour cet immeuble effondr\u00e9, pr\u00e9cisant que \u00ab\u00a0les op\u00e9rations de secours sont en cours\u00a0\u00bb.<\/p>\n<p>Une autre personne est morte dans des frappes \u00e0 Bela Tserkva, une agglom\u00e9ration situ\u00e9e dans le sud de Kiev, qui ont fait une dizaine de bless\u00e9s, selon le ministre de l&rsquo;Int\u00e9rieur.<\/p>\n<p>Des frappes quotidiennes<\/p>\n<p>Dans le nord du pays, \u00e0 Tcherniguiv, deux personnes ont trouv\u00e9 la mort apr\u00e8s des frappes de drones, qui ont fait aussi dix bless\u00e9s dimanche soir, a indiqu\u00e9 sur Telegram Viatcheslav Tchaus, chef de l&rsquo;administration r\u00e9gionale.<\/p>\n<p>Des journalistes de l&rsquo;AFP dans la capitale ont entendu des vrombissements de drones en vol et une s\u00e9rie de d\u00e9tonations.<\/p>\n<p>Les villes ukrainiennes sont cibl\u00e9es chaque nuit par des frappes russes, tandis que les pourparlers en vue d&rsquo;un cessez-le-feu sont dans l&rsquo;impasse.<\/p>\n<p>Au moins 28 personnes avaient \u00e9t\u00e9 tu\u00e9es et plus de 130 bless\u00e9es \u00e0 Kiev dans la nuit du 16 au 17 juin lors d&rsquo;une attaque russe men\u00e9e \u00e0 l&rsquo;aide de plus de 440 drones et 32 missiles, selon les autorit\u00e9s ukrainiennes.<\/p>\n<p><strong class=\"inline-title\">&gt;&gt; Lire aussi\u00a0: <\/strong><a href=\"https:\/\/www.rts.ch\/info\/monde\/2025\/article\/frappes-russes-sur-kiev-de-nombreux-morts-dans-une-nuit-sanglante-28916690.html\" data-item-id=\"richtext_link\" rel=\"nofollow noopener\" target=\"_blank\">\u00ab\u00a0L&rsquo;une des pires attaques\u00a0\u00bb russes sur Kiev fait au moins 14 morts, d\u00e9nonce Volodymyr Zelensky<\/a><\/p>\n<p>Le commandant en chef des arm\u00e9es ukrainiennes, Oleksandr Syrsky, a assur\u00e9 samedi que l&rsquo;Ukraine allait intensifier ses frappes contre des cibles militaires russes en profondeur en Russie, trois semaines apr\u00e8s une attaque spectaculaire contre des bases a\u00e9riennes recul\u00e9es dans ce pays.<\/p>\n<p><strong class=\"inline-title\">&gt;&gt; Lire aussi\u00a0: <\/strong><a href=\"https:\/\/www.rts.ch\/info\/monde\/2025\/article\/ukraine-promet-d-intensifier-ses-frappes-en-profondeur-sur-des-cibles-russes-28921643.html\" data-item-id=\"richtext_link\" rel=\"nofollow noopener\" target=\"_blank\">L&rsquo;Ukraine veut intensifier ses frappes en profondeur en Russie<\/a><\/p>\n<p class=\"sources\">afp\/ebz<\/p>\n","protected":false},"excerpt":{"rendered":"La Russie a tir\u00e9 dans la nuit sur l&rsquo;Ukraine 352 drones et 16 missiles, de nouvelles frappes qui&hellip;\n","protected":false},"author":2,"featured_media":197763,"comment_status":"","ping_status":"","sticky":false,"template":"","format":"standard","meta":{"footnotes":""},"categories":[1591],"tags":[33740,11,834,4755,5873,2120,3576,3983,564,1887,131,3577,5874,11229,3343,74,12,1885,1886,132,71,220,7137],"class_list":{"0":"post-197762","1":"post","2":"type-post","3":"status-publish","4":"format-standard","5":"has-post-thumbnail","7":"category-russie","8":"tag-acte-de-terrorisme","9":"tag-actualites","10":"tag-attaque","11":"tag-bombardement","12":"tag-centre-de-soins","13":"tag-conflit","14":"tag-conflit-arme","15":"tag-deces","16":"tag-drone","17":"tag-federation-de-russie","18":"tag-guerre-en-ukraine","19":"tag-guerre-et-paix","20":"tag-hopitaux-et-cliniques","21":"tag-kiev","22":"tag-missile","23":"tag-monde","24":"tag-news","25":"tag-russia","26":"tag-russian-federation","27":"tag-russie","28":"tag-sante","29":"tag-ukraine","30":"tag-volodymyr-zelenskyy"},"share_on_mastodon":{"url":"https:\/\/pubeurope.com\/@fr\/114731892392108076","error":""},"_links":{"self":[{"href":"https:\/\/www.europesays.com\/fr\/wp-json\/wp\/v2\/posts\/197762","targetHints":{"allow":["GET"]}}],"collection":[{"href":"https:\/\/www.europesays.com\/fr\/wp-json\/wp\/v2\/posts"}],"about":[{"href":"https:\/\/www.europesays.com\/fr\/wp-json\/wp\/v2\/types\/post"}],"author":[{"embeddable":true,"href":"https:\/\/www.europesays.com\/fr\/wp-json\/wp\/v2\/users\/2"}],"replies":[{"embeddable":true,"href":"https:\/\/www.europesays.com\/fr\/wp-json\/wp\/v2\/comments?post=197762"}],"version-history":[{"count":0,"href":"https:\/\/www.europesays.com\/fr\/wp-json\/wp\/v2\/posts\/197762\/revisions"}],"wp:featuredmedia":[{"embeddable":true,"href":"https:\/\/www.europesays.com\/fr\/wp-json\/wp\/v2\/media\/197763"}],"wp:attachment":[{"href":"https:\/\/www.europesays.com\/fr\/wp-json\/wp\/v2\/media?parent=197762"}],"wp:term":[{"taxonomy":"category","embeddable":true,"href":"https:\/\/www.europesays.com\/fr\/wp-json\/wp\/v2\/categories?post=197762"},{"taxonomy":"post_tag","embeddable":true,"href":"https:\/\/www.europesays.com\/fr\/wp-json\/wp\/v2\/tags?post=197762"}],"curies":[{"name":"wp","href":"https:\/\/api.w.org\/{rel}","templated":true}]}}