{"id":197770,"date":"2025-06-23T09:11:26","date_gmt":"2025-06-23T09:11:26","guid":{"rendered":"https:\/\/www.europesays.com\/fr\/197770\/"},"modified":"2025-06-23T09:11:26","modified_gmt":"2025-06-23T09:11:26","slug":"la-croissance-allemande-dopee-par-lanticipation-des-droits-de-douane-americains","status":"publish","type":"post","link":"https:\/\/www.europesays.com\/fr\/197770\/","title":{"rendered":"La croissance allemande dop\u00e9e par l&rsquo;anticipation des droits de douane am\u00e9ricains"},"content":{"rendered":"<p>&#13;<br \/>\n                        La croissance allemande dop\u00e9e par l&rsquo;anticipation des droits de douane am\u00e9ricains&#13;\n                    <\/p>\n<p style=\"text-align:\">L&rsquo;Allemagne a connu un rebond plus important qu&rsquo;initialement annonc\u00e9 de sa croissance au premier trimestre 2025, selon des chiffres d\u00e9finitifs publi\u00e9s vendredi 23 mai, en raison d&rsquo;un effet d&rsquo;anticipation des droits de douane am\u00e9ricains.<\/p>\n<p><a href=\"https:\/\/lecourrier.vn\/general-motors-abaisse-ses-previsions-2025-a-cause-des-droits-de-douane\/1282283.html\" title=\"General Motors abaisse ses pr\u00e9visions 2025 \u00e0 cause des droits de douane\" target=\"_blank\" rel=\"noopener\">&gt;&gt; General Motors abaisse ses pr\u00e9visions 2025 \u00e0 cause des droits de douane<\/a><\/p>\n<p><a href=\"https:\/\/lecourrier.vn\/jd-vance-et-von-der-leyen-discutent-des-droits-de-douane-a-rome\/1283265.html\" title=\"JD Vance et von der Leyen discutent des droits de douane \u00e0 Rome\" target=\"_blank\" rel=\"noopener\">&gt;&gt; JD Vance et von der Leyen discutent des droits de douane \u00e0 Rome<\/a><\/p>\n<tr>\n<td class=\"pic\"><img decoding=\"async\" class=\"lazyload\" src=\"https:\/\/www.europesays.com\/fr\/wp-content\/uploads\/2025\/06\/144641-vna_potal_kinh_te_duc_truoc_nguy_co_roi_vao_suy_thoai_nam_thu_ba_lien_tiep_8030758.jpg\" alt=\"\"\/><\/td>\n<\/tr>\n<tr>\n<td class=\"caption\">Une vue du port de Duisburg (Allemagne).\u00a0<\/td>\n<\/tr>\n<tr align=\"right\">\n<td class=\"author\">Photo : Xinhua\/VNA\/CVN<\/td>\n<\/tr>\n<p style=\"text-align:left\">Entre janvier et mars, le PIB allemand a progress\u00e9 de 0,4% par rapport au dernier trimestre 2024, contre une premi\u00e8re estimation \u00e0 0,2%, selon l&rsquo;office national des statistiques, une bonne nouvelle pour la premi\u00e8re \u00e9conomie europ\u00e9enne toujours fragilis\u00e9e par une crise industrielle.<\/p>\n<p style=\"text-align:left\">Cette r\u00e9vision \u00e0 la hausse s&rsquo;explique par une \u00e9volution conjoncturelle \u00ab\u00a0\u00e9tonnamment bonne pendant le mois de mars\u00a0\u00bb, explique Ruth Brand, la pr\u00e9sidente de Destatis.<\/p>\n<p style=\"text-align:left\">La production industrielle et les exportations, piliers de l&rsquo;\u00e9conomie allemande, ont mieux \u00e9volu\u00e9 que pr\u00e9vu initialement, ajout-elle.<\/p>\n<p style=\"text-align:left\">Cette bonne performance, apr\u00e8s deux ann\u00e9es de r\u00e9cession, est li\u00e9 aux \u00ab\u00a0effets d&rsquo;entra\u00eenement du conflit commercial avec les \u00c9tats-Unis\u00a0\u00bb, d&rsquo;apr\u00e8s le communiqu\u00e9, le monde \u00e9conomique ayant anticip\u00e9 une future augmentation des prix li\u00e9e \u00e0 la guerre commerciale initi\u00e9e par Donald Trump.<\/p>\n<p style=\"text-align:left\">Le pr\u00e9sident am\u00e9ricain a impos\u00e9 des droits de douane suppl\u00e9mentaires sur l&rsquo;acier et l&rsquo;aluminium \u00e0 partir du 12 mars, puis sur les voitures le 3 avril, mena\u00e7ant d&rsquo;affecter l&rsquo;industrie allemande, d\u00e9j\u00e0 en proie \u00e0 une grave crise de comp\u00e9titivit\u00e9.<\/p>\n<p style=\"text-align:left\">Les perspectives de croissance pour le reste de l&rsquo;ann\u00e9e sont cependant moroses, selon les experts.<\/p>\n<p style=\"text-align:left\">Donald Trump a \u00e9galement annonc\u00e9 une hausse de 10% des droits de douane sur toutes les importations mais a suspendu les droits suppl\u00e9mentaires plus \u00e9lev\u00e9s pour certains pays.<\/p>\n<p style=\"text-align:left\">Cette guerre commerciale devrait co\u00fbter cher \u00e0 l&rsquo;Allemagne, tr\u00e8s d\u00e9pendante des exportations vers son premier partenaire commercial.<\/p>\n<p style=\"text-align:left\">Selon l&rsquo;institut \u00e9conomique Ifo, celle-ci entra\u00eenera une contraction du PIB pendant l&rsquo;\u00e9t\u00e9.<\/p>\n<p style=\"text-align:left\">Sur l&rsquo;ensemble de l&rsquo;ann\u00e9e 2025, l&rsquo;\u00e9conomie allemande devrait conna\u00eetre une stagnation selon le gouvernement allemand, qui a r\u00e9cemment abaiss\u00e9 ses pr\u00e9visions.<\/p>\n<p style=\"text-align:left\">La crise de l&rsquo;industrie allemande, entre prix de l&rsquo;\u00e9nergie \u00e9lev\u00e9 et perte de terrain face aux concurrents chinois est un d\u00e9fi majeur pour le nouveau gouvernement du conservateur Friedrich Merz, entr\u00e9 en fonction au d\u00e9but du mois.<\/p>\n<p style=\"text-align:left\">Pour la ministre de l&rsquo;\u00c9conomie, Katherina Reich, \u00ab\u00a0c&rsquo;est la crise \u00e9conomique la plus grave que la R\u00e9publique f\u00e9d\u00e9rale d&rsquo;Allemagne ait connue dans l&rsquo;histoire\u00a0\u00bb, a-t-elle d\u00e9clar\u00e9 au quotidien d&rsquo;affaires Handelsblatt la semaine derni\u00e8re.<\/p>\n<p style=\"text-align:left\">Friedrich Merz compte sur un effort budg\u00e9taire cons\u00e9quent avec une enveloppe de plusieurs centaines de milliards d&rsquo;euros programm\u00e9e pour relancer la croissance, moderniser la d\u00e9fense et les infrastructures du pays.<\/p>\n<p style=\"text-align:left\">Il a pour cela bris\u00e9 un tabou en assouplissant les r\u00e8gles nationales strictes encadrant les d\u00e9ficits publics.<\/p>\n<p style=\"text-align:right\"><b>AFP\/VNA\/CVN<\/b><\/p>\n","protected":false},"excerpt":{"rendered":"&#13; La croissance allemande dop\u00e9e par l&rsquo;anticipation des droits de douane am\u00e9ricains&#13; L&rsquo;Allemagne a connu un rebond plus&hellip;\n","protected":false},"author":2,"featured_media":197771,"comment_status":"","ping_status":"","sticky":false,"template":"","format":"standard","meta":{"footnotes":""},"categories":[1587],"tags":[11,672,33733,1804,33741,1805,1803,33742,1777,674,1801,12,1802],"class_list":{"0":"post-197770","1":"post","2":"type-post","3":"status-publish","4":"format-standard","5":"has-post-thumbnail","7":"category-allemagne","8":"tag-actualites","9":"tag-allemagne","10":"tag-anticipation","11":"tag-bundesrepublik-deutschland","12":"tag-croissance-allemande","13":"tag-de","14":"tag-deutschland","15":"tag-droits-de-douane-americains","16":"tag-eu","17":"tag-europe","18":"tag-germany","19":"tag-news","20":"tag-republique-federale-dallemagne"},"share_on_mastodon":{"url":"https:\/\/pubeurope.com\/@fr\/114731908240608505","error":""},"_links":{"self":[{"href":"https:\/\/www.europesays.com\/fr\/wp-json\/wp\/v2\/posts\/197770","targetHints":{"allow":["GET"]}}],"collection":[{"href":"https:\/\/www.europesays.com\/fr\/wp-json\/wp\/v2\/posts"}],"about":[{"href":"https:\/\/www.europesays.com\/fr\/wp-json\/wp\/v2\/types\/post"}],"author":[{"embeddable":true,"href":"https:\/\/www.europesays.com\/fr\/wp-json\/wp\/v2\/users\/2"}],"replies":[{"embeddable":true,"href":"https:\/\/www.europesays.com\/fr\/wp-json\/wp\/v2\/comments?post=197770"}],"version-history":[{"count":0,"href":"https:\/\/www.europesays.com\/fr\/wp-json\/wp\/v2\/posts\/197770\/revisions"}],"wp:featuredmedia":[{"embeddable":true,"href":"https:\/\/www.europesays.com\/fr\/wp-json\/wp\/v2\/media\/197771"}],"wp:attachment":[{"href":"https:\/\/www.europesays.com\/fr\/wp-json\/wp\/v2\/media?parent=197770"}],"wp:term":[{"taxonomy":"category","embeddable":true,"href":"https:\/\/www.europesays.com\/fr\/wp-json\/wp\/v2\/categories?post=197770"},{"taxonomy":"post_tag","embeddable":true,"href":"https:\/\/www.europesays.com\/fr\/wp-json\/wp\/v2\/tags?post=197770"}],"curies":[{"name":"wp","href":"https:\/\/api.w.org\/{rel}","templated":true}]}}