{"id":197772,"date":"2025-06-23T09:12:11","date_gmt":"2025-06-23T09:12:11","guid":{"rendered":"https:\/\/www.europesays.com\/fr\/197772\/"},"modified":"2025-06-23T09:12:11","modified_gmt":"2025-06-23T09:12:11","slug":"leurope-de-lenergie-doit-reagir-vite","status":"publish","type":"post","link":"https:\/\/www.europesays.com\/fr\/197772\/","title":{"rendered":"l\u2019Europe de l\u2019\u00e9nergie doit r\u00e9agir vite"},"content":{"rendered":"<p><a href=\"https:\/\/www.ledauphine.com\/economie\/2025\/04\/28\/une-coupure-de-courant-massive-touche-l-espagne-le-portugal-et-une-partie-de-la-france\" target=\"_blank\" rel=\"nofollow noopener\">Le 28 avril dernier, une grande partie de l\u2019Espagne et du Portugal s\u2019est retrouv\u00e9e plong\u00e9e dans le noir<\/a>. En cause : un effondrement soudain de la fr\u00e9quence \u00e9lectrique, survenu en \u00e0 peine trois secondes. Elle refl\u00e8te une transformation profonde de nos syst\u00e8mes \u00e9lectriques.<\/p>\n<p>En renouvelant le parc vieillissant de centrales conventionnelles (charbon, gaz) par des technologies renouvelables (\u00e9olien, solaire), nous permettons une r\u00e9duction des \u00e9missions de CO2, ce qui est une n\u00e9cessit\u00e9 absolue et indiscutable en 2025. Le syst\u00e8me \u00e9lectrique \u00e9volue, et comme toute \u00e9volution, des changements peuvent venir renforcer ou fragiliser un syst\u00e8me. R\u00e9sultat : le syst\u00e8me est plus sensible aux al\u00e9as et ne permet pas \u00e0 nos m\u00e9canismes de d\u00e9fense actuel de r\u00e9agir pour \u00e9viter les catastrophes. Pour r\u00e9ussir cette transition, il est donc indispensable de l\u2019accompagner d\u2019outils techniques.<\/p>\n<p>En Espagne, tout s\u2019est jou\u00e9 en 3 secondes. Or, les dispositifs europ\u00e9ens les plus rapides sont con\u00e7us pour intervenir en 30 secondes. Le d\u00e9calage est clair. Pourtant, des solutions existent. Des pays comme la Su\u00e8de ou l\u2019Australie ont mis en place des m\u00e9canismes de r\u00e9serve ultra-rapide. Ils s\u2019appuient entre autres sur des technologies modernes : batteries, \u00e9lectrolyseurs, ou industries capables d\u2019adapter leur consommation en quelques secondes (0,5 \u00e0 5 s).<\/p>\n<p>Dans le contexte de transformation du syst\u00e8me \u00e9lectrique espagnol, qui vise \u00e0 int\u00e9grer plus de 80\u202f% d\u2019\u00e9nergies renouvelables dans son mix d\u2019ici 2030, il est n\u00e9cessaire de garantir une int\u00e9gration efficace de ces technologies au r\u00e9seau. <a href=\"https:\/\/www.ledauphine.com\/economie\/2025\/06\/17\/la-panne-geante-d-electricite-causee-par-un-phenomene-de-surtensions\" target=\"_blank\" rel=\"nofollow noopener\">D\u2019apr\u00e8s l\u2019op\u00e9rateur, le blackout du 28 avril dernier a \u00e9t\u00e9 provoqu\u00e9e par un probl\u00e8me de tension<\/a>, en partie li\u00e9 au fait que la production conventionnelle n\u2019a pas assur\u00e9 le service en temps r\u00e9el comme elle aurait d\u00fb.<\/p>\n<p class=\"txt\">Le 28 avril doit servir d\u2019\u00e9lectrochoc<\/p>\n<p>Un autre enseignement de cette panne est la limite des interconnexions de l\u2019Espagne avec le reste de l\u2019Europe, transitant n\u00e9cessairement par la France. La position p\u00e9ninsulaire des pays ib\u00e9riques ne leur permet pas de b\u00e9n\u00e9ficier de l\u2019inertie de l\u2019ensemble du r\u00e9seau europ\u00e9en. Ainsi, lors de crise aigu\u00eb, les connexions entre pays peuvent \u00eatre coup\u00e9es, comme cela a \u00e9t\u00e9 le cas entre l\u2019Espagne et la France notamment, afin de prot\u00e9ger l\u2019int\u00e9grit\u00e9 du r\u00e9seau europ\u00e9en. Chaque pays doit donc \u0153uvrer \u00e0 la fois \u00e0 son int\u00e9gration europ\u00e9enne pour, d\u2019une part, pouvoir compter sur les imports\/exports en cas de besoins, mais aussi renforcer sa souverainet\u00e9 pour agir en cas de crise.<\/p>\n<p>Parmi les outils \u00e0 notre disposition, un reste trop souvent ignor\u00e9 : la flexibilit\u00e9 de la demande. Il ne s\u2019agit pas de couper arbitrairement le courant, mais d\u2019ajuster temporairement la consommation de certains appareils ou usines. Cette modulation, permet de soulager le r\u00e9seau et de le stabiliser. Elle est locale, rapide \u00e0 d\u00e9ployer, sans impact sur le confort, la comp\u00e9titivit\u00e9 ou les ambitions climatiques. Elle permet de r\u00e9duire le recourt \u00e0 des centrales polluantes.<\/p>\n<p>Face \u00e0 cette r\u00e9alit\u00e9, le gouvernement espagnol s\u2019appr\u00eate \u00e0 adopter des mesures d\u2019urgence pour renforcer la s\u00e9curit\u00e9 du syst\u00e8me \u00e9lectrique. Ce plan met l\u2019accent sur plusieurs axes dont l\u2019augmentation de la flexibilit\u00e9 de la demande, notamment dans le secteur industriel. Il souligne \u00e9galement l\u2019importance d\u2019accro\u00eetre les capacit\u00e9s de stockage, de revoir les r\u00e8gles encadrant l\u2019\u00e9quilibrage du r\u00e9seau, et de faire progresser les interconnexions avec les pays voisins. Cette r\u00e9ponse structur\u00e9e t\u00e9moigne d\u2019une prise de conscience : l\u2019int\u00e9gration des \u00e9nergies renouvelables ne peut se faire sans une modernisation globale du syst\u00e8me \u00e9lectrique, incluant sa gouvernance, sa r\u00e9silience technique et sa s\u00e9curit\u00e9 num\u00e9rique. L\u2019Espagne montre ainsi la voie d\u2019une adaptation pragmatique et urgente que l\u2019Europe dans son ensemble doit d\u00e9sormais embrasser. Ce qui s\u2019est produit le 28 avril doit donc servir d\u2019\u00e9lectrochoc. Il ne s\u2019agit pas d\u2019un sc\u00e9nario catastrophe lointain, mais d\u2019un d\u00e9fi imm\u00e9diat.<\/p>\n","protected":false},"excerpt":{"rendered":"Le 28 avril dernier, une grande partie de l\u2019Espagne et du Portugal s\u2019est retrouv\u00e9e plong\u00e9e dans le noir.&hellip;\n","protected":false},"author":2,"featured_media":197773,"comment_status":"","ping_status":"","sticky":false,"template":"","format":"standard","meta":{"footnotes":""},"categories":[1586],"tags":[11,893,1777,674,1011,27,329,12,25,20932],"class_list":{"0":"post-197772","1":"post","2":"type-post","3":"status-publish","4":"format-standard","5":"has-post-thumbnail","7":"category-europe","8":"tag-actualites","9":"tag-energie","10":"tag-eu","11":"tag-europe","12":"tag-fr","13":"tag-france","14":"tag-france-monde","15":"tag-news","16":"tag-republique-francaise","17":"tag-tech-and-fest"},"share_on_mastodon":{"url":"https:\/\/pubeurope.com\/@fr\/114731912159222298","error":""},"_links":{"self":[{"href":"https:\/\/www.europesays.com\/fr\/wp-json\/wp\/v2\/posts\/197772","targetHints":{"allow":["GET"]}}],"collection":[{"href":"https:\/\/www.europesays.com\/fr\/wp-json\/wp\/v2\/posts"}],"about":[{"href":"https:\/\/www.europesays.com\/fr\/wp-json\/wp\/v2\/types\/post"}],"author":[{"embeddable":true,"href":"https:\/\/www.europesays.com\/fr\/wp-json\/wp\/v2\/users\/2"}],"replies":[{"embeddable":true,"href":"https:\/\/www.europesays.com\/fr\/wp-json\/wp\/v2\/comments?post=197772"}],"version-history":[{"count":0,"href":"https:\/\/www.europesays.com\/fr\/wp-json\/wp\/v2\/posts\/197772\/revisions"}],"wp:featuredmedia":[{"embeddable":true,"href":"https:\/\/www.europesays.com\/fr\/wp-json\/wp\/v2\/media\/197773"}],"wp:attachment":[{"href":"https:\/\/www.europesays.com\/fr\/wp-json\/wp\/v2\/media?parent=197772"}],"wp:term":[{"taxonomy":"category","embeddable":true,"href":"https:\/\/www.europesays.com\/fr\/wp-json\/wp\/v2\/categories?post=197772"},{"taxonomy":"post_tag","embeddable":true,"href":"https:\/\/www.europesays.com\/fr\/wp-json\/wp\/v2\/tags?post=197772"}],"curies":[{"name":"wp","href":"https:\/\/api.w.org\/{rel}","templated":true}]}}