{"id":197774,"date":"2025-06-23T09:13:09","date_gmt":"2025-06-23T09:13:09","guid":{"rendered":"https:\/\/www.europesays.com\/fr\/197774\/"},"modified":"2025-06-23T09:13:09","modified_gmt":"2025-06-23T09:13:09","slug":"anthony-delon-revele-avoir-eu-quatre-parents","status":"publish","type":"post","link":"https:\/\/www.europesays.com\/fr\/197774\/","title":{"rendered":"Anthony Delon r\u00e9v\u00e8le avoir eu \u00ab\u00a0quatre parents\u00a0\u00bb"},"content":{"rendered":"<p>      R\u00e9sum\u00e9<\/p>\n<p>Pour la premi\u00e8re fois depuis le d\u00e9c\u00e8s de son p\u00e8re, Anthony Delon brise le silence sur sa famille de sang, mais aussi de c\u0153ur.<\/p>\n<p>        Sommaire<\/p>\n<p>Depuis le d\u00e9c\u00e8s de son p\u00e8re, Anthony Delon se fait rare sur les plateaux de t\u00e9l\u00e9vision. Du reste, sur son compte Instagram, le fils d&rsquo;Alain Delon<strong> donne de ses nouvelles au compte-goutte. <\/strong><\/p>\n<p>Actuellement, il semble se concentrer sur <a href=\"https:\/\/www.public.fr\/anthony-delon-isole-a-douchy-voici-ce-quil-prepare-en-cachette\" rel=\"nofollow noopener\" target=\"_blank\">ses projets artistiques<\/a> tels que l&rsquo;\u00e9criture ou encore le cin\u00e9ma.  Certes, le <strong>conflit avec sa s\u0153ur Anouchka <\/strong>d\u00e9fraie r\u00e9guli\u00e8rement la chronique. <\/p>\n<p>Or, aupr\u00e8s de la journaliste Alexandra Roost, Anthony Delon a dress\u00e9 un constat sans appel. C&rsquo;est l&rsquo;\u00e9vidence, malgr\u00e9 leur disparition, il a soulign\u00e9 <strong>l&rsquo;influence de ses quatre personnalit\u00e9s<\/strong> sur son quotidien. <\/p>\n<p>La double peine d&rsquo;Anthony Delon<\/p>\n<p>Lorsqu&rsquo;il parle de sentiments, Anthony Delon ne m\u00e2che pas ses mots. \u00ab\u00a0<strong>L\u2019amour est pr\u00e9sent ou il ne l\u2019est pas<\/strong>, on ne choisit pas. Mais tout \u00e7a se construit.\u00a0\u00bb Avec le recul, il est fier d&rsquo;avoir r\u00e9ussi \u00e0 relever ce d\u00e9fi \u00ab\u00a0\u00e0 sa mani\u00e8re\u00a0\u00bb avec ses filles.  <\/p>\n<p>Passionn\u00e9 jusqu&rsquo;au bout des ongles, Anthony Delon pr\u00e9cise qu&rsquo;il a eu \u00ab\u00a0la chance\u00a0\u00bb de conna\u00eetre \u00ab l&rsquo;amour ind\u00e9fectible et inconditionnel \u00bb de ses proches. Aussi, \u00e0 la naissance de ses enfants, malgr\u00e9 les difficult\u00e9s, il a eu <strong>\u00ab\u00a0tout de suite eu envie de (le) transmettre\u00a0\u00bb.<\/strong><\/p>\n<p>Bris\u00e9 par<strong> l&rsquo;immense perte de ses \u00ab\u00a0quatre\u00a0\u00bb parents<\/strong>, Anthony Delon a pour objectif de diffuser les valeurs transmises par ces derniers. D&rsquo;abord, sur le podium, il y a Alain et Nathalie. Malgr\u00e9 la douleur li\u00e9e au divorce, ses \u00ab\u00a0parents biologiques\u00a0\u00bb ont laiss\u00e9 une empreinte ind\u00e9l\u00e9bile. <\/p>\n<p>De fait, son parrain Georges et sa marraine Loulou ont \u00e9galement eu une importance capitale sur l&rsquo;homme qu&rsquo;il est aujourd&rsquo;hui. Malgr\u00e9 la diff\u00e9rence de \u00ab\u00a0monde et d&rsquo;\u00e9poque\u00a0\u00bb, <strong>ce duo \u00a0\u00bb l\u2019a \u00e9lev\u00e9 et a \u00e9t\u00e9 extraordinaire.\u00a0\u00bb<\/strong><\/p>\n<p>\u00ab\u00a0Un trou b\u00e9ant\u00a0\u00bb<\/p>\n<p>Dire que ce quatuor lui manque est un euph\u00e9misme. Preuve \u00e9tant, il compare leur absence physique<strong> \u00e0 un \u00ab\u00a0trou b\u00e9ant\u00a0\u00bb.<\/strong> Encore aujourd&rsquo;hui, Anthony Delon tente de retrouver des<strong> traits de caract\u00e8re communs<\/strong> chez d&rsquo;autres personnes. Malgr\u00e9 tous ses efforts, il n&rsquo;y parvient pas et le d\u00e9plore.<\/p>\n<p>Qu&rsquo;\u00e0 cela ne tienne, Anthony Delon peut compter sur le soutien de tous ses admirateurs. De plus, avec la <strong><a href=\"https:\/\/vsd.fr\/75414-alain-fabien-delon-bientot-papa-ce-que-son-grand-frere-anthony-en-pense-vraiment\/\" rel=\"nofollow noopener\" target=\"_blank\">naissance de sa ni\u00e8ce Romy<\/a><\/strong>, il va devoir enfiler le costume du tonton id\u00e9al. On lui souhaite beaucoup de courage pour affronter les \u00e9preuves. <\/p>\n<\/p>\n<p>      Mentionn\u00e9s dans cet article<\/p>\n<p>Lire aussi<\/p>\n","protected":false},"excerpt":{"rendered":"R\u00e9sum\u00e9 Pour la premi\u00e8re fois depuis le d\u00e9c\u00e8s de son p\u00e8re, Anthony Delon brise le silence sur sa&hellip;\n","protected":false},"author":2,"featured_media":197775,"comment_status":"","ping_status":"","sticky":false,"template":"","format":"standard","meta":{"footnotes":""},"categories":[1586],"tags":[11,22608,1777,674,1779,1011,27,12,25,1778,364],"class_list":{"0":"post-197774","1":"post","2":"type-post","3":"status-publish","4":"format-standard","5":"has-post-thumbnail","7":"category-europe","8":"tag-actualites","9":"tag-anthony-delon","10":"tag-eu","11":"tag-europe","12":"tag-european-union","13":"tag-fr","14":"tag-france","15":"tag-news","16":"tag-republique-francaise","17":"tag-ue","18":"tag-union-europeenne"},"share_on_mastodon":{"url":"https:\/\/pubeurope.com\/@fr\/114731916019200247","error":""},"_links":{"self":[{"href":"https:\/\/www.europesays.com\/fr\/wp-json\/wp\/v2\/posts\/197774","targetHints":{"allow":["GET"]}}],"collection":[{"href":"https:\/\/www.europesays.com\/fr\/wp-json\/wp\/v2\/posts"}],"about":[{"href":"https:\/\/www.europesays.com\/fr\/wp-json\/wp\/v2\/types\/post"}],"author":[{"embeddable":true,"href":"https:\/\/www.europesays.com\/fr\/wp-json\/wp\/v2\/users\/2"}],"replies":[{"embeddable":true,"href":"https:\/\/www.europesays.com\/fr\/wp-json\/wp\/v2\/comments?post=197774"}],"version-history":[{"count":0,"href":"https:\/\/www.europesays.com\/fr\/wp-json\/wp\/v2\/posts\/197774\/revisions"}],"wp:featuredmedia":[{"embeddable":true,"href":"https:\/\/www.europesays.com\/fr\/wp-json\/wp\/v2\/media\/197775"}],"wp:attachment":[{"href":"https:\/\/www.europesays.com\/fr\/wp-json\/wp\/v2\/media?parent=197774"}],"wp:term":[{"taxonomy":"category","embeddable":true,"href":"https:\/\/www.europesays.com\/fr\/wp-json\/wp\/v2\/categories?post=197774"},{"taxonomy":"post_tag","embeddable":true,"href":"https:\/\/www.europesays.com\/fr\/wp-json\/wp\/v2\/tags?post=197774"}],"curies":[{"name":"wp","href":"https:\/\/api.w.org\/{rel}","templated":true}]}}