{"id":197786,"date":"2025-06-23T09:20:09","date_gmt":"2025-06-23T09:20:09","guid":{"rendered":"https:\/\/www.europesays.com\/fr\/197786\/"},"modified":"2025-06-23T09:20:09","modified_gmt":"2025-06-23T09:20:09","slug":"wimbledon-djokovic-prend-deja-ses-marques","status":"publish","type":"post","link":"https:\/\/www.europesays.com\/fr\/197786\/","title":{"rendered":"Wimbledon > Djokovic prend d\u00e9j\u00e0 ses marques"},"content":{"rendered":"<p>Le Serbe est d\u00e9j\u00e0 \u00e0 Londres, ce qui signifie qu\u2019il va proba\u00adble\u00adment \u00ab\u202fjouer\u202f\u00bb une exhi\u00adbi\u00adtion avant le grand d\u00e9part.\u00a0<\/p>\n<blockquote class=\"twitter-tweet\">\n<p lang=\"en\" dir=\"ltr\">Seven days before Wimbledon, the most deco\u00adrated man of all time, Novak Djokovic, has arrived in London \ud83c\udf3f<\/p>\n<p>(\ud83c\udfa5 <a href=\"https:\/\/twitter.com\/DjokerNole?ref_src=twsrc%5Etfw\" data-wpel-link=\"external\" target=\"_blank\" rel=\"nofollow external noopener\">@djokernole<\/a>) <a href=\"https:\/\/t.co\/f7h8Z0qnhj\" data-wpel-link=\"external\" target=\"_blank\" rel=\"nofollow external noopener\">pic.twitter.com\/f7h8Z0qnhj<\/a><\/p>\n<p>\u2014 We Are Tennis (@WeAreTennis) <a href=\"https:\/\/twitter.com\/WeAreTennis\/status\/1937067333639704799?ref_src=twsrc%5Etfw\" data-wpel-link=\"external\" target=\"_blank\" rel=\"nofollow external noopener\">June 23,\u00a02025<\/a><\/p><\/blockquote>\n<p>Cela est possible car on voit mal les orga\u00adni\u00adsa\u00adteurs du \u00ab\u202fBoodles\u202f\u00bb ou du \u00ab\u202fGiorgio Armani Classic\u202f\u00bb refuser la venue du Serbe sur leur \u00ab\u202fpelouse\u202f\u00bb m\u00eame si cela se passe \u00e0 la derni\u00e8re minute.<\/p>\n<blockquote class=\"twitter-tweet\">\n<p lang=\"en\" dir=\"ltr\">Hello Wimbledon. <a href=\"https:\/\/t.co\/B3Jcy9xh3P\" data-wpel-link=\"external\" target=\"_blank\" rel=\"nofollow external noopener\">pic.twitter.com\/B3Jcy9xh3P<\/a><\/p>\n<p>\u2014 Novak Djokovic (@DjokerNole) <a href=\"https:\/\/twitter.com\/DjokerNole\/status\/1936850759175541021?ref_src=twsrc%5Etfw\" data-wpel-link=\"external\" target=\"_blank\" rel=\"nofollow external noopener\">June 22,\u00a02025<\/a><\/p><\/blockquote>\n<p>On le sait Novak qui a gagn\u00e9 7 fois \u00e0 Wimbledon n\u2019est pas tr\u00e8s friand des pr\u00e9pa\u00adra\u00adtions sur herbe en tournoi.\u00a0<\/p>\n<p>Lors de ces 7 victoires (2022, 2021, 2019, 2018, 2015, 2014, 2011), une seule fois il s\u2019\u00e9tait align\u00e9 dans un tournoi de pr\u00e9pa\u00adra\u00adtion. C\u2019\u00e9tait en 2018 o\u00f9 il \u00e9tait parvenu en finale du Queen\u2019s, battu par\u00a0Cilic.<\/p>\n<p class=\"post-published-date\" style=\"color: silver; font-size: 75%; text-align: left;\">Publi\u00e9 le lundi 23 juin 2025 \u00e0 10:15<\/p>\n<p><script async src=\"https:\/\/platform.twitter.com\/widgets.js\" charset=\"utf-8\"><\/script><\/p>\n","protected":false},"excerpt":{"rendered":"Le Serbe est d\u00e9j\u00e0 \u00e0 Londres, ce qui signifie qu\u2019il va proba\u00adble\u00adment \u00ab\u202fjouer\u202f\u00bb une exhi\u00adbi\u00adtion avant le grand&hellip;\n","protected":false},"author":2,"featured_media":197787,"comment_status":"","ping_status":"","sticky":false,"template":"","format":"standard","meta":{"footnotes":""},"categories":[1415],"tags":[105,1011,27,60,1467],"class_list":{"0":"post-197786","1":"post","2":"type-post","3":"status-publish","4":"format-standard","5":"has-post-thumbnail","7":"category-tennis","8":"tag-djokovic","9":"tag-fr","10":"tag-france","11":"tag-sports","12":"tag-tennis"},"share_on_mastodon":{"url":"https:\/\/pubeurope.com\/@fr\/114731943383495442","error":""},"_links":{"self":[{"href":"https:\/\/www.europesays.com\/fr\/wp-json\/wp\/v2\/posts\/197786","targetHints":{"allow":["GET"]}}],"collection":[{"href":"https:\/\/www.europesays.com\/fr\/wp-json\/wp\/v2\/posts"}],"about":[{"href":"https:\/\/www.europesays.com\/fr\/wp-json\/wp\/v2\/types\/post"}],"author":[{"embeddable":true,"href":"https:\/\/www.europesays.com\/fr\/wp-json\/wp\/v2\/users\/2"}],"replies":[{"embeddable":true,"href":"https:\/\/www.europesays.com\/fr\/wp-json\/wp\/v2\/comments?post=197786"}],"version-history":[{"count":0,"href":"https:\/\/www.europesays.com\/fr\/wp-json\/wp\/v2\/posts\/197786\/revisions"}],"wp:featuredmedia":[{"embeddable":true,"href":"https:\/\/www.europesays.com\/fr\/wp-json\/wp\/v2\/media\/197787"}],"wp:attachment":[{"href":"https:\/\/www.europesays.com\/fr\/wp-json\/wp\/v2\/media?parent=197786"}],"wp:term":[{"taxonomy":"category","embeddable":true,"href":"https:\/\/www.europesays.com\/fr\/wp-json\/wp\/v2\/categories?post=197786"},{"taxonomy":"post_tag","embeddable":true,"href":"https:\/\/www.europesays.com\/fr\/wp-json\/wp\/v2\/tags?post=197786"}],"curies":[{"name":"wp","href":"https:\/\/api.w.org\/{rel}","templated":true}]}}