{"id":197794,"date":"2025-06-23T09:25:10","date_gmt":"2025-06-23T09:25:10","guid":{"rendered":"https:\/\/www.europesays.com\/fr\/197794\/"},"modified":"2025-06-23T09:25:10","modified_gmt":"2025-06-23T09:25:10","slug":"quand-la-federation-suisse-tente-de-cacher-le-resultat-de-la-selection-feminine-face-a-des-u15-suisse","status":"publish","type":"post","link":"https:\/\/www.europesays.com\/fr\/197794\/","title":{"rendered":"Quand la f\u00e9d\u00e9ration suisse tente de cacher le r\u00e9sultat de la s\u00e9lection f\u00e9minine face \u00e0 des U15 &#8211; Suisse"},"content":{"rendered":"<p>Le secret le moins bien gard\u00e9 de Suisse.<\/p>\n<p>Alors que nos voisins suisses s\u2019appr\u00eatent \u00e0 accueillir l\u2019Euro f\u00e9minin (du 2 au 27 juillet), la Nati traverse une p\u00e9riode compliqu\u00e9e. D\u00e9j\u00e0 <a target=\"_blank\" href=\"https:\/\/www.sofoot.com\/articles\/ligue-des-nations-les-bleues-font-fondre-la-suisse-en-simposant-4-0#:~:text=France%204%2D0%20Suisse&amp;text=D%C3%A9j%C3%A0%20qualifi%C3%A9e%20pour%20le%20Final,faste%20(4%2D0).\" rel=\"nofollow noopener\">balay\u00e9es par les Bleues fin mai (4-0)<\/a>, les Suissesses ont encha\u00een\u00e9 avec une nouvelle claque\u2026 qui aurait d\u00fb rester secr\u00e8te. Selon les informations de <a target=\"_blank\" href=\"https:\/\/www.blick.ch\/fr\/sport\/football\/euro-2025\/match-amical-joue-en-secret-la-boulette-dun-junior-lucernois-met-lasf-dans-lembarras-id20984030.html\" rel=\"nofollow noopener\">Blick<\/a>, la s\u00e9lection a disput\u00e9 jeudi dernier un match amical \u00e0 Nottwil face aux U15 masculins du FC Lucerne, et s\u2019est lourdement inclin\u00e9e 7-1. Il convient de pr\u00e9ciser que la partie \u00e9tait d\u00e9coup\u00e9e en trois tiers-temps de 30 minutes, et qu\u2019on ne conna\u00eet pas la composition des \u00e9quipes.<\/p>\n<p>Cependant, sans doute pour \u00e9viter les commentaires critiquant le foot f\u00e9minin, la f\u00e9d\u00e9ration avait pass\u00e9 un accord tacite avec le FC Lucerne pour ne pas d\u00e9voiler la tenue de cette rencontre, et encore moins le r\u00e9sultat. Probl\u00e8me : un des jeunes joueurs lucernois n\u2019aurait pas \u00e9t\u00e9 bien inform\u00e9 de la situation et a r\u00e9v\u00e9l\u00e9 l\u2019existence de ce match sur les r\u00e9seaux sociaux, avant d\u2019en pr\u00e9ciser le score. Une nouvelle d\u00e9convenue pour la Nati, qui doit encore affronter la Tch\u00e9quie jeudi en guise d\u2019ultime pr\u00e9paration.<\/p>\n<p>Les Suissesses d\u00e9fieront la Norv\u00e8ge pour ouvrir leur Euro.<\/p>\n<p>\t\t\t\t\t\t\t\t\t\t<a class=\"lien-connexe\" href=\"https:\/\/www.sofoot.com\/breves\/le-nouveau-coach-du-cska-moscou-fabio-celestini-est-dans-une-situation-bien-delicate\" rel=\"nofollow noopener\" target=\"_blank\">Le nouveau coach du CSKA Moscou est dans une situation bien d\u00e9licate<\/a>\t\t\t\t\t<\/p>\n","protected":false},"excerpt":{"rendered":"Le secret le moins bien gard\u00e9 de Suisse. Alors que nos voisins suisses s\u2019appr\u00eatent \u00e0 accueillir l\u2019Euro f\u00e9minin&hellip;\n","protected":false},"author":2,"featured_media":197795,"comment_status":"","ping_status":"","sticky":false,"template":"","format":"standard","meta":{"footnotes":""},"categories":[1410],"tags":[47,61,69,65,64,63,1011,27,68,66,62,70,67,60],"class_list":{"0":"post-197794","1":"post","2":"type-post","3":"status-publish","4":"format-standard","5":"has-post-thumbnail","7":"category-football","8":"tag-actualite","9":"tag-actus-football","10":"tag-bundesliga","11":"tag-championnats-europeens","12":"tag-equipe-de-france","13":"tag-football","14":"tag-fr","15":"tag-france","16":"tag-ligua","17":"tag-ligue-1","18":"tag-news-foot","19":"tag-premier-league","20":"tag-serie-a","21":"tag-sports"},"share_on_mastodon":{"url":"https:\/\/pubeurope.com\/@fr\/114731963261293690","error":""},"_links":{"self":[{"href":"https:\/\/www.europesays.com\/fr\/wp-json\/wp\/v2\/posts\/197794","targetHints":{"allow":["GET"]}}],"collection":[{"href":"https:\/\/www.europesays.com\/fr\/wp-json\/wp\/v2\/posts"}],"about":[{"href":"https:\/\/www.europesays.com\/fr\/wp-json\/wp\/v2\/types\/post"}],"author":[{"embeddable":true,"href":"https:\/\/www.europesays.com\/fr\/wp-json\/wp\/v2\/users\/2"}],"replies":[{"embeddable":true,"href":"https:\/\/www.europesays.com\/fr\/wp-json\/wp\/v2\/comments?post=197794"}],"version-history":[{"count":0,"href":"https:\/\/www.europesays.com\/fr\/wp-json\/wp\/v2\/posts\/197794\/revisions"}],"wp:featuredmedia":[{"embeddable":true,"href":"https:\/\/www.europesays.com\/fr\/wp-json\/wp\/v2\/media\/197795"}],"wp:attachment":[{"href":"https:\/\/www.europesays.com\/fr\/wp-json\/wp\/v2\/media?parent=197794"}],"wp:term":[{"taxonomy":"category","embeddable":true,"href":"https:\/\/www.europesays.com\/fr\/wp-json\/wp\/v2\/categories?post=197794"},{"taxonomy":"post_tag","embeddable":true,"href":"https:\/\/www.europesays.com\/fr\/wp-json\/wp\/v2\/tags?post=197794"}],"curies":[{"name":"wp","href":"https:\/\/api.w.org\/{rel}","templated":true}]}}