{"id":197796,"date":"2025-06-23T09:26:31","date_gmt":"2025-06-23T09:26:31","guid":{"rendered":"https:\/\/www.europesays.com\/fr\/197796\/"},"modified":"2025-06-23T09:26:31","modified_gmt":"2025-06-23T09:26:31","slug":"tiffanie-esposito-familles-nombreuses-fait-un-triste-constat-avant-un-rendez-vous-tres-important-pour-ses-enfants","status":"publish","type":"post","link":"https:\/\/www.europesays.com\/fr\/197796\/","title":{"rendered":"Tiffanie Esposito (Familles nombreuses) fait un triste constat avant un rendez-vous tr\u00e8s important pour ses enfants"},"content":{"rendered":"<p class=\"articleContent-meta\">\n        Aujourd&rsquo;hui \u00e0 08:00 &#8211; par             Sorelle Spet<\/p>\n<p>                    Tweeter<\/p>\n<p>                    Partager sur Facebook<\/p>\n<p>                        <img decoding=\"async\" src=\"https:\/\/www.europesays.com\/fr\/wp-content\/uploads\/2025\/06\/1750670791_342_tlq-familles-nombreuses-tf1-les-participants-sont-ils-remuneres.jpg\" alt=\"Player Video\" class=\"player-applyRatio poster exclude-seedtag\"\/><\/p>\n<p>\u00c0 l\u2019approche d\u2019un \u00e9v\u00e9nement tr\u00e8s important pour ses enfants, Tiffanie Esposito a commis une grosse erreur.<\/p>\n<p>De retour dans la neuvi\u00e8me saison de Familles nombreuses : la vie en XXL, la tribu Esposito a souhait\u00e9 partager <a href=\"https:\/\/www.programme.tv\/news\/actu\/262617-tiffanie-esposito-familles-nombreuses-devoile-son-montant-a-quatre-chiffres-pour-un-mois-de-courses-avec-six-enfants\/\" target=\"_blank\" rel=\"noopener\">un \u00e9v\u00e9nement tr\u00e8s important <\/a>avec les t\u00e9l\u00e9spectateurs de TF1. En effet, pour cette nouvelle \u00e9dition du docu-r\u00e9alit\u00e9, Tiffanie et Olivier ont d\u00e9voil\u00e9 les coulisses des pr\u00e9paratifs du <a href=\"https:\/\/www.programme.tv\/news\/actu\/261971-j-aurais-du-y-aller-seule-tiffanie-esposito-familles-nombreuses-organise-le-bapteme-de-ses-six-enfants-et-fait-face-a-une-galere\/\" target=\"_blank\" rel=\"noopener\">bapt\u00eame de leurs six enfants<\/a>. Pour l\u2019occasion, plusieurs d\u00e9fis attendent les chefs de famille. Le premier ne concerne que le patriarche, qui, avec le soutien de son \u00e9pouse, s\u2019est fix\u00e9 <a href=\"https:\/\/www.programme.tv\/news\/actu\/262442-il-a-perdu-7-kilos-en-un-temps-record-tiffanie-esposito-familles-nombreuses-bluffee-par-la-perte-de-poids-de-son-mari-olivier\/\" target=\"_blank\" rel=\"noopener\">l\u2019objectif de perdre une dizaine de kilos<\/a> avant le jour J. Ensuite, Tiffanie et Olivier se sont attel\u00e9s aux diff\u00e9rents achats qu\u2019ils devaient r\u00e9aliser pour que cette c\u00e9r\u00e9monie soit inoubliable. Si les jeunes parents sont parvenus \u00e0 <a href=\"https:\/\/www.programme.tv\/news\/actu\/262750-on-a-depense-moins-que-prevu-les-esposito-familles-nombreuses-se-rejouissent-davoir-investi-seulement-13995-euros-pour-preparer-une-grande-occasion\/\" target=\"_blank\" rel=\"noopener\">anticiper et \u00e9chelonner chacune de leurs d\u00e9penses<\/a>, dans l\u2019\u00e9pisode du 19 juin dernier, Tiffanie a commis une erreur qui pourrait bien compromettre toute son organisation.<\/p>\n<p>Tiffanie Esposito (Familles nombreuses) dans une impasse \u00e0 quelques jours du bapt\u00eame de ses enfants<\/p>\n<p>L\u2019heure est grave pour Tiffanie Esposito. Alors que le grand jour approche et que la m\u00e8re de famille s\u2019attelait aux derniers pr\u00e9paratifs de la c\u00e9r\u00e9monie, celle-ci s\u2019est aper\u00e7ue qu\u2019elle manquait de drag\u00e9es. Ni une, ni deux, l\u2019\u00e9pouse d\u2019Olivier s\u2019est mise en route pour se rendre au magasin, esp\u00e9rant ainsi trouver ce dont elle avait besoin. \u00ab\u00a0Il est 18 heures. Les magasins ferment \u00e0 19 heures, je dois courir au magasin de d\u00e9coration. Il me manque des drag\u00e9es donc j\u2019esp\u00e8re en trouver dans ce m\u00eame magasin. Enfin, je dois r\u00e9cup\u00e9rer les pizzas\u2026 En Italie, je pr\u00e9cise\u00a0\u00bb, a-t-elle expliqu\u00e9. Avant de contacter, une fois sur la route, la boutique de d\u00e9coration pour s\u2019assurer que celle-ci vendait bien des drag\u00e9es. Malheureusement, la r\u00e9ponse ne fut pas celle que Tiffanie esp\u00e9rait\u2026 Ce qui a davantage compliqu\u00e9 la situation. Se sentant coupable, la jeune femme a avou\u00e9 devant les cam\u00e9ras : \u00ab\u00a0<b>Il y a une part de moi qui est d\u00e9\u00e7ue parce que je me dis que je foire tout ce que je fais\u2026 Et d\u2019un autre c\u00f4t\u00e9, je n\u2019ai pas envie de l\u00e2cher.<\/b>\u00a0\u00bb On reconna\u00eet bien l\u00e0 l\u2019esprit comp\u00e9titeur de la m\u00e8re de famille !<\/p>\n<p>                                Tiffanie Esposito (Familles nombreuses) va-t-elle sauver le bapt\u00eame de ses enfants ?<\/p>\n<p>Tiffanie a bien fait d\u2019y croire jusqu\u2019au bout. En d\u00e9cidant de se rendre directement en Italie pour r\u00e9cup\u00e9rer les fameuses pizzas, la m\u00e8re de famille a contact\u00e9 une boutique se situant dans le m\u00eame coin qui lui a bien confirm\u00e9 qu\u2019elle y trouverait son bonheur. \u00ab\u00a0La pression retombe. [&#8230;] J\u2019ai pu trouver des drag\u00e9es qui se marient tr\u00e8s bien \u00e0 ceux que j\u2019avais command\u00e9. Je suis hyper contente !\u00a0\u00bb, a-t-elle d\u00e9clar\u00e9. Et apr\u00e8s avoir d\u00e9bours\u00e9 la somme de \u00ab\u00a044 euros\u00a0\u00bb, la m\u00e8re de famille a ajout\u00e9 : \u00ab\u00a0<b>C\u2019\u00e9tait une d\u00e9pense impr\u00e9vue, mais n\u00e9cessaire. \u00c0 ce moment-l\u00e0, je m\u2019en fiche d\u2019avoir d\u00e9pens\u00e9 ces 44 euros. Je me sens compl\u00e8tement soulag\u00e9e.<\/b>\u00a0\u00bb Apr\u00e8s un tel marathon, on ne peut que la comprendre !<\/p>\n<p>Article \u00e9crit avec la collaboration de 6Medias. <\/p>\n<p>Rejoignez-nous sur Google News !<\/p>\n<p class=\"articleContent-pushTagline\">Abonnez-vous \u00e0 <a href=\"https:\/\/news.google.com\/publications\/CAAiEJwr-IZFXDFoZD1ePbkC_VcqFAgKIhCcK_iGRVwxaGQ9Xj25Av1X\" target=\"_blank\" rel=\"noopener\">T\u00e9l\u00e9 2 semaines sur Google News<\/a> pour ne manquer aucune info !<\/p>\n","protected":false},"excerpt":{"rendered":"Aujourd&rsquo;hui \u00e0 08:00 &#8211; par Sorelle Spet Tweeter Partager sur Facebook \u00c0 l\u2019approche d\u2019un \u00e9v\u00e9nement tr\u00e8s important pour&hellip;\n","protected":false},"author":2,"featured_media":197797,"comment_status":"","ping_status":"","sticky":false,"template":"","format":"standard","meta":{"footnotes":""},"categories":[1359],"tags":[17756,58,59,17755,17752,17754,17753,4980,1011,27,17757,973,682,199,3604],"class_list":{"0":"post-197796","1":"post","2":"type-post","3":"status-publish","4":"format-standard","5":"has-post-thumbnail","7":"category-people","8":"tag-amandine-pellissard","9":"tag-divertissement","10":"tag-entertainment","11":"tag-famille-cordule","12":"tag-famille-gayat","13":"tag-famille-pellissard","14":"tag-famille-santoro","15":"tag-familles-nombreuses-la-vie-en-xxl","16":"tag-fr","17":"tag-france","18":"tag-justine-cordule","19":"tag-people","20":"tag-tele-realite","21":"tag-tf1","22":"tag-tu00e9lu00e9-ru00e9alitu00e9"},"share_on_mastodon":{"url":"https:\/\/pubeurope.com\/@fr\/114731967009571411","error":""},"_links":{"self":[{"href":"https:\/\/www.europesays.com\/fr\/wp-json\/wp\/v2\/posts\/197796","targetHints":{"allow":["GET"]}}],"collection":[{"href":"https:\/\/www.europesays.com\/fr\/wp-json\/wp\/v2\/posts"}],"about":[{"href":"https:\/\/www.europesays.com\/fr\/wp-json\/wp\/v2\/types\/post"}],"author":[{"embeddable":true,"href":"https:\/\/www.europesays.com\/fr\/wp-json\/wp\/v2\/users\/2"}],"replies":[{"embeddable":true,"href":"https:\/\/www.europesays.com\/fr\/wp-json\/wp\/v2\/comments?post=197796"}],"version-history":[{"count":0,"href":"https:\/\/www.europesays.com\/fr\/wp-json\/wp\/v2\/posts\/197796\/revisions"}],"wp:featuredmedia":[{"embeddable":true,"href":"https:\/\/www.europesays.com\/fr\/wp-json\/wp\/v2\/media\/197797"}],"wp:attachment":[{"href":"https:\/\/www.europesays.com\/fr\/wp-json\/wp\/v2\/media?parent=197796"}],"wp:term":[{"taxonomy":"category","embeddable":true,"href":"https:\/\/www.europesays.com\/fr\/wp-json\/wp\/v2\/categories?post=197796"},{"taxonomy":"post_tag","embeddable":true,"href":"https:\/\/www.europesays.com\/fr\/wp-json\/wp\/v2\/tags?post=197796"}],"curies":[{"name":"wp","href":"https:\/\/api.w.org\/{rel}","templated":true}]}}