{"id":197806,"date":"2025-06-23T09:32:11","date_gmt":"2025-06-23T09:32:11","guid":{"rendered":"https:\/\/www.europesays.com\/fr\/197806\/"},"modified":"2025-06-23T09:32:11","modified_gmt":"2025-06-23T09:32:11","slug":"cest-comme-un-groupe-de-parole-mais-sur-internet","status":"publish","type":"post","link":"https:\/\/www.europesays.com\/fr\/197806\/","title":{"rendered":"\u00ab\u00a0C\u2019est comme un groupe de parole, mais sur Internet\u00a0\u00bb"},"content":{"rendered":"<p>                          <img loading=\"lazy\" decoding=\"async\" src=\"https:\/\/www.europesays.com\/fr\/wp-content\/uploads\/2025\/06\/929cc2f_ftp-import-images-1-wp344ecnravp-2025-06-03t185418z-302788496-rc25veaqvhcu-rtrmadp-3-reddit-.jpeg\" alt=\"L\u2019application Reddit, sur un smartphone, le 13\u00a0juillet\u00a02021.\"  width=\"664\" height=\"443\"\/>    L\u2019application Reddit, sur un smartphone, le 13\u00a0juillet\u00a02021.  DADO RUVIC \/ REUTERS                <\/p>\n<p class=\"article__paragraph  \">Marie \u00e9tait une petite fille \u00ab\u00a0tr\u00e8s dans la lune\u00a0\u00bb. Mais ce n\u2019est qu\u2019\u00e0 24\u00a0ans que l\u2019\u00e9tudiante en droit, originaire du sud de la France et qui n\u2019a pas souhait\u00e9 donner son vrai pr\u00e9nom, d\u00e9couvre qu\u2019elle est atteinte d\u2019un trouble du d\u00e9ficit de l\u2019attention avec hyperactivit\u00e9 (TDAH). Apr\u00e8s le diagnostic tardif de sa m\u00e8re, elle consulte un m\u00e9decin pour <a href=\"https:\/\/www.lemonde.fr\/sciences\/article\/2019\/07\/01\/troubles-de-l-attention-en-finir-avec-les-idees-recues_5483943_1650684.html\" rel=\"nofollow noopener\" target=\"_blank\">ce trouble neurod\u00e9veloppemental, en partie h\u00e9r\u00e9ditaire<\/a> et sous-diagnostiqu\u00e9 chez les femmes. Cependant, si le traitement que lui prescrit son psychiatre lui permet, enfin, de \u00ab\u00a0ressentir le calme\u00a0\u00bb, elle \u00e9prouve aussi le besoin de trouver des gens \u00ab\u00a0comme elle\u00a0\u00bb.<\/p>\n<p class=\"article__paragraph  \">Ce groupe de soutien, c\u2019est sur Reddit qu\u2019elle l\u2019a d\u00e9nich\u00e9. La plateforme, qui f\u00eate ses 20\u00a0ans, lundi 23\u00a0juin, compte, en effet, d\u2019innombrables forums d\u00e9volus \u00e0 la sant\u00e9 mentale, avec parfois de vastes communaut\u00e9s\u00a0: les forums anglophones r\/ADHD [pour Attention Deficit Hyperactivity Disorder, TDAH en anglais] et r\/autism, tous deux cr\u00e9\u00e9s en\u00a02008, comptent ainsi respectivement 2\u00a0millions et 469\u00a0000\u00a0membres. Marie, elle, a rejoint le forum r\/TDAHFrance et ses 4\u00a0700\u00a0internautes en\u00a02025, o\u00f9 elle a trouv\u00e9 une \u00ab\u00a0grande bienveillance\u00a0\u00bb et de nombreux conseils.<\/p>\n<p class=\"reading-mode-only \"><strong>Il vous reste 81.41% de cet article \u00e0 lire. La suite est r\u00e9serv\u00e9e aux abonn\u00e9s.<\/strong><\/p>\n","protected":false},"excerpt":{"rendered":"L\u2019application Reddit, sur un smartphone, le 13\u00a0juillet\u00a02021. DADO RUVIC \/ REUTERS Marie \u00e9tait une petite fille \u00ab\u00a0tr\u00e8s dans&hellip;\n","protected":false},"author":2,"featured_media":197807,"comment_status":"","ping_status":"","sticky":false,"template":"","format":"standard","meta":{"footnotes":""},"categories":[10],"tags":[1011,27,72,71],"class_list":{"0":"post-197806","1":"post","2":"type-post","3":"status-publish","4":"format-standard","5":"has-post-thumbnail","7":"category-sante","8":"tag-fr","9":"tag-france","10":"tag-health","11":"tag-sante"},"share_on_mastodon":{"url":"https:\/\/pubeurope.com\/@fr\/114731990632356169","error":""},"_links":{"self":[{"href":"https:\/\/www.europesays.com\/fr\/wp-json\/wp\/v2\/posts\/197806","targetHints":{"allow":["GET"]}}],"collection":[{"href":"https:\/\/www.europesays.com\/fr\/wp-json\/wp\/v2\/posts"}],"about":[{"href":"https:\/\/www.europesays.com\/fr\/wp-json\/wp\/v2\/types\/post"}],"author":[{"embeddable":true,"href":"https:\/\/www.europesays.com\/fr\/wp-json\/wp\/v2\/users\/2"}],"replies":[{"embeddable":true,"href":"https:\/\/www.europesays.com\/fr\/wp-json\/wp\/v2\/comments?post=197806"}],"version-history":[{"count":0,"href":"https:\/\/www.europesays.com\/fr\/wp-json\/wp\/v2\/posts\/197806\/revisions"}],"wp:featuredmedia":[{"embeddable":true,"href":"https:\/\/www.europesays.com\/fr\/wp-json\/wp\/v2\/media\/197807"}],"wp:attachment":[{"href":"https:\/\/www.europesays.com\/fr\/wp-json\/wp\/v2\/media?parent=197806"}],"wp:term":[{"taxonomy":"category","embeddable":true,"href":"https:\/\/www.europesays.com\/fr\/wp-json\/wp\/v2\/categories?post=197806"},{"taxonomy":"post_tag","embeddable":true,"href":"https:\/\/www.europesays.com\/fr\/wp-json\/wp\/v2\/tags?post=197806"}],"curies":[{"name":"wp","href":"https:\/\/api.w.org\/{rel}","templated":true}]}}