{"id":197811,"date":"2025-06-23T09:35:10","date_gmt":"2025-06-23T09:35:10","guid":{"rendered":"https:\/\/www.europesays.com\/fr\/197811\/"},"modified":"2025-06-23T09:35:10","modified_gmt":"2025-06-23T09:35:10","slug":"des-2026-elle-ne-sera-plus-integree","status":"publish","type":"post","link":"https:\/\/www.europesays.com\/fr\/197811\/","title":{"rendered":"d\u00e8s 2026, elle ne sera plus int\u00e9gr\u00e9e"},"content":{"rendered":"<p>Et si on osait enfin se d\u00e9barrasser des cuisines toutes faites ? Une tendance <a class=\"wpil_keyword_link\" href=\"https:\/\/www.airzen.fr\/sujets\/decoration-inspirations-conseils-sublimer-votre-interieur\/\" title=\"D\u00e9coration : inspirations et conseils pour sublimer votre int\u00e9rieur\" data-wpil-keyword-link=\"linked\" data-wpil-monitor-id=\"12612\" rel=\"nofollow noopener\" target=\"_blank\">d\u00e9co<\/a> audacieuse et chaleureuse prend le pouvoir.<\/p>\n<p><strong>Qu\u2019est\u2011ce qu\u2019une \u201ccuisine non int\u00e9gr\u00e9e\u201d ? Plus qu\u2019une cuisine, un salon \u00e9quip\u00e9 !<\/strong><\/p>\n<p>La cuisine non int\u00e9gr\u00e9e, ou unfitted kitchen, mise sur des <strong>meubles ind\u00e9pendants<\/strong> plut\u00f4t que des rangements muraux int\u00e9gr\u00e9s. On y trouve d\u00e9sormais des <strong>buffets<\/strong>, <strong>armoires<\/strong>, <strong>\u00e9tag\u00e8res ouvertes<\/strong> et <strong>tables massives<\/strong>, chacune <strong>non fix\u00e9e au mur<\/strong>, comme le souligne <a href=\"https:\/\/www.devolkitchens.co.uk\/blog\/author\/helen-parker\" target=\"_blank\" rel=\"noreferrer noopener nofollow\">Helen Parker<\/a> du studio deVOL.<\/p>\n<p><img fetchpriority=\"high\" decoding=\"async\" width=\"1024\" height=\"559\" src=\"https:\/\/www.europesays.com\/fr\/wp-content\/uploads\/2025\/06\/untitled-20250623-082848-1024x559.jpg\" alt=\"Source : Buff Strickland for Country Living \/ Nick Johnson\" class=\"wp-image-254499\"  \/><\/p>\n<p>C\u2019est moins une cuisine fonctionnelle, plus un <strong>espace vivant<\/strong>, pens\u00e9 <strong>avec \u00e2me<\/strong>, b\u00e2ti <strong>au fil du temps<\/strong>, o\u00f9 chaque meuble raconte une <a class=\"wpil_keyword_link\" href=\"https:\/\/www.airzen.fr\/culture-loisirs\/histoire-patrimoine\/\" title=\"Histoire &amp; Patrimoine\" data-wpil-keyword-link=\"linked\" data-wpil-monitor-id=\"12611\" rel=\"nofollow noopener\" target=\"_blank\">histoire<\/a>.<\/p>\n<p><strong>Pourquoi cette libert\u00e9 d\u00e9co explose en 2025\u20132026 ? Facile, modulable, expressive !<\/strong><\/p>\n<p>L\u2019<strong>unfitted kitchen<\/strong> s\u00e9duit aujourd\u2019hui pour sa <strong>flexibilit\u00e9<\/strong>, son <strong>installation facile<\/strong> et sa capacit\u00e9 \u00e0 casser l\u2019uniformit\u00e9.<\/p>\n<p>Designer Tanya Smith\u2011Shiflet explique que cette approche s\u00e9duit autant les <strong>renovateurs<\/strong> que les <strong>nouveaux acheteurs<\/strong> gr\u00e2ce \u00e0 son esprit <strong>personnalis\u00e9<\/strong> (maximalisme, cluttercore), loin de la froideur des <a class=\"wpil_keyword_link\" href=\"https:\/\/www.airzen.fr\/vie-quotidienne\/cuisine-style-vie\/\" title=\"Cuisine\" data-wpil-keyword-link=\"linked\" data-wpil-monitor-id=\"12610\" rel=\"nofollow noopener\" target=\"_blank\">cuisines<\/a> lisses.<\/p>\n<p><strong>Les essentiels pour r\u00e9ussir votre cuisine non int\u00e9gr\u00e9e<\/strong><\/p>\n<p>Le c\u0153ur d\u2019une cuisine non int\u00e9gr\u00e9e r\u00e9side dans l\u2019harmonie entre mobilier choisi, praticit\u00e9 et personnalit\u00e9. Les <strong>meubles autoportants<\/strong> donnent du caract\u00e8re tout en permettant une grande souplesse d\u2019organisation. On remplace l\u2019\u00eelot classique par une <strong>table multifonction<\/strong>, souvent en bois brut ou patin\u00e9, qui devient aussi bien un espace de pr\u00e9paration qu\u2019un lieu de rassemblement familial.<\/p>\n<p>L\u2019<strong>\u00e9clairage<\/strong>, lui aussi, devient un geste d\u00e9coratif\u202f: lampes d\u2019appoint, suspensions chin\u00e9es, appliques asym\u00e9triques remplacent les plafonniers impersonnels. Enfin, ce sont les <strong>objets anciens<\/strong>, les poteries, tableaux ou ustensiles vintage qui donnent vie \u00e0 l\u2019ensemble, cr\u00e9ant cette atmosph\u00e8re unique qu\u2019aucune cuisine standardis\u00e9e ne peut reproduire.<\/p>\n<p><strong>Plus qu\u2019un choix esth\u00e9tique : \u00e9conomique, durable et nomade<\/strong><\/p>\n<p>Adopter une cuisine non int\u00e9gr\u00e9e, c\u2019est aussi faire un geste concret pour son budget et la plan\u00e8te. Les meubles chin\u00e9s co\u00fbtent bien moins qu\u2019un am\u00e9nagement sur-mesure. En valorisant l\u2019existant, on agit dans une logique <strong>\u00e9coresponsable<\/strong>. Et surtout, chaque \u00e9l\u00e9ment \u00e9tant mobile, la cuisine peut \u00e9voluer, d\u00e9m\u00e9nager, se transformer. Steven Rodel le r\u00e9sume parfaitement : \u00ab\u202fChoisir des \u00e9l\u00e9ments qui durent et bougent avec vous\u202f\u00bb.<\/p>\n<p><strong>Et si l\u2019avenir de la cuisine ressemblait \u00e0 \u00e7a ? Une pi\u00e8ce qui \u00e9volue avec vous<\/strong><\/p>\n<p>Dans un monde o\u00f9 tout se ressemble \u2014 Airbnb, Pinterest, cuisines standardis\u00e9es \u2014 la tendance unfitted offre une <strong>alternative vivante<\/strong>, un <strong><a class=\"wpil_keyword_link\" href=\"https:\/\/www.airzen.fr\/sujets\/compost-recyclage-initiatives-epluchures-dechets-engrais\/\" title=\"Avec le compost, transformez vos d\u00e9chets en engrais\" data-wpil-keyword-link=\"linked\" data-wpil-monitor-id=\"12609\" rel=\"nofollow noopener\" target=\"_blank\">compost<\/a> d\u2019histoires visuelles<\/strong> qui parle de vous.<\/p>\n<p>2026 marquera-t-elle la fin de la cuisine int\u00e9gr\u00e9e ? \u00c0 en croire les observateurs, c\u2019est surtout une <strong>\u00e9volution logique<\/strong> vers un <strong>espace multi-usage<\/strong>, modulable et <strong>personnel<\/strong>.<\/p>\n","protected":false},"excerpt":{"rendered":"Et si on osait enfin se d\u00e9barrasser des cuisines toutes faites ? Une tendance d\u00e9co audacieuse et chaleureuse&hellip;\n","protected":false},"author":2,"featured_media":197812,"comment_status":"","ping_status":"","sticky":false,"template":"","format":"standard","meta":{"footnotes":""},"categories":[7],"tags":[1011,27,43,40,41,39,42,44],"class_list":{"0":"post-197811","1":"post","2":"type-post","3":"status-publish","4":"format-standard","5":"has-post-thumbnail","7":"category-sciences-et-technologies","8":"tag-fr","9":"tag-france","10":"tag-science","11":"tag-science-and-technology","12":"tag-sciences","13":"tag-sciences-et-technologies","14":"tag-technologies","15":"tag-technology"},"share_on_mastodon":{"url":"https:\/\/pubeurope.com\/@fr\/114732002575222964","error":""},"_links":{"self":[{"href":"https:\/\/www.europesays.com\/fr\/wp-json\/wp\/v2\/posts\/197811","targetHints":{"allow":["GET"]}}],"collection":[{"href":"https:\/\/www.europesays.com\/fr\/wp-json\/wp\/v2\/posts"}],"about":[{"href":"https:\/\/www.europesays.com\/fr\/wp-json\/wp\/v2\/types\/post"}],"author":[{"embeddable":true,"href":"https:\/\/www.europesays.com\/fr\/wp-json\/wp\/v2\/users\/2"}],"replies":[{"embeddable":true,"href":"https:\/\/www.europesays.com\/fr\/wp-json\/wp\/v2\/comments?post=197811"}],"version-history":[{"count":0,"href":"https:\/\/www.europesays.com\/fr\/wp-json\/wp\/v2\/posts\/197811\/revisions"}],"wp:featuredmedia":[{"embeddable":true,"href":"https:\/\/www.europesays.com\/fr\/wp-json\/wp\/v2\/media\/197812"}],"wp:attachment":[{"href":"https:\/\/www.europesays.com\/fr\/wp-json\/wp\/v2\/media?parent=197811"}],"wp:term":[{"taxonomy":"category","embeddable":true,"href":"https:\/\/www.europesays.com\/fr\/wp-json\/wp\/v2\/categories?post=197811"},{"taxonomy":"post_tag","embeddable":true,"href":"https:\/\/www.europesays.com\/fr\/wp-json\/wp\/v2\/tags?post=197811"}],"curies":[{"name":"wp","href":"https:\/\/api.w.org\/{rel}","templated":true}]}}