{"id":19788,"date":"2025-04-12T12:32:09","date_gmt":"2025-04-12T12:32:09","guid":{"rendered":"https:\/\/www.europesays.com\/fr\/19788\/"},"modified":"2025-04-12T12:32:09","modified_gmt":"2025-04-12T12:32:09","slug":"rhone-la-foire-de-lyon-toujours-une-machine-a-bons-plans-on-vient-ici-pour-trouver-des-astuces","status":"publish","type":"post","link":"https:\/\/www.europesays.com\/fr\/19788\/","title":{"rendered":"Rh\u00f4ne. La Foire de Lyon, toujours une machine \u00e0 bons plans\u00a0? \u00ab\u00a0On vient ici pour trouver des astuces\u00a0!\u00a0\u00bb"},"content":{"rendered":"<p>Forc\u00e9ment, la directrice de la foire de Lyon en est convaincue\u00a0: la foire de Lyon est toujours un coin aux bonnes affaires. Pour les clients d\u2019abord car \u00ab\u00a0on a un humain en face de soi et c\u2019est ce qui fait toute la diff\u00e9rence par exemple pour n\u00e9gocier, notamment des meubles ou des projets d\u2019int\u00e9rieur\u00a0\u00bb.<\/p>\n<p>Selon Aur\u00e9lie Prost, cela vaut toujours le coup aussi pour les exposants de s\u2019installer pendant 11 jours \u00e0 Eurexpo car la foire apporte un potentiel de clients (des milliers de visiteurs par jour) qui ne peut \u00eatre \u00e9gal\u00e9 dans une boutique. Le prix d\u2019un stand &#8211; que les organisateurs ne souhaitent pas r\u00e9v\u00e9ler mais qui se comptabilise en quelques milliers d\u2019euros suivant le m2\u00a0 &#8211; est moins impactant pour une grosse entreprise.<\/p>\n<p><strong>&gt;&#8230;<\/strong><\/p>\n","protected":false},"excerpt":{"rendered":"Forc\u00e9ment, la directrice de la foire de Lyon en est convaincue\u00a0: la foire de Lyon est toujours un&hellip;\n","protected":false},"author":2,"featured_media":19789,"comment_status":"","ping_status":"","sticky":false,"template":"","format":"standard","meta":{"footnotes":""},"categories":[1889],"tags":[1111,11,2430,130,1687,33,2757,1777,674,1685,1011,27,2428,2756,12,25,2429],"class_list":{"0":"post-19788","1":"post","2":"type-post","3":"status-publish","4":"format-standard","5":"has-post-thumbnail","7":"category-lyon","8":"tag-actu","9":"tag-actualites","10":"tag-auvergne-rhone-alpes","11":"tag-consommation","12":"tag-culture-loisirs","13":"tag-economie","14":"tag-edition-lyon-villeurbanne","15":"tag-eu","16":"tag-europe","17":"tag-foire-et-salon","18":"tag-fr","19":"tag-france","20":"tag-lyon","21":"tag-lyon-bassin","22":"tag-news","23":"tag-republique-francaise","24":"tag-rhone"},"share_on_mastodon":{"url":"https:\/\/pubeurope.com\/@fr\/114325012097208189","error":""},"_links":{"self":[{"href":"https:\/\/www.europesays.com\/fr\/wp-json\/wp\/v2\/posts\/19788","targetHints":{"allow":["GET"]}}],"collection":[{"href":"https:\/\/www.europesays.com\/fr\/wp-json\/wp\/v2\/posts"}],"about":[{"href":"https:\/\/www.europesays.com\/fr\/wp-json\/wp\/v2\/types\/post"}],"author":[{"embeddable":true,"href":"https:\/\/www.europesays.com\/fr\/wp-json\/wp\/v2\/users\/2"}],"replies":[{"embeddable":true,"href":"https:\/\/www.europesays.com\/fr\/wp-json\/wp\/v2\/comments?post=19788"}],"version-history":[{"count":0,"href":"https:\/\/www.europesays.com\/fr\/wp-json\/wp\/v2\/posts\/19788\/revisions"}],"wp:featuredmedia":[{"embeddable":true,"href":"https:\/\/www.europesays.com\/fr\/wp-json\/wp\/v2\/media\/19789"}],"wp:attachment":[{"href":"https:\/\/www.europesays.com\/fr\/wp-json\/wp\/v2\/media?parent=19788"}],"wp:term":[{"taxonomy":"category","embeddable":true,"href":"https:\/\/www.europesays.com\/fr\/wp-json\/wp\/v2\/categories?post=19788"},{"taxonomy":"post_tag","embeddable":true,"href":"https:\/\/www.europesays.com\/fr\/wp-json\/wp\/v2\/tags?post=19788"}],"curies":[{"name":"wp","href":"https:\/\/api.w.org\/{rel}","templated":true}]}}