{"id":197916,"date":"2025-06-23T10:32:15","date_gmt":"2025-06-23T10:32:15","guid":{"rendered":"https:\/\/www.europesays.com\/fr\/197916\/"},"modified":"2025-06-23T10:32:15","modified_gmt":"2025-06-23T10:32:15","slug":"le-champagne-ou-les-graviers","status":"publish","type":"post","link":"https:\/\/www.europesays.com\/fr\/197916\/","title":{"rendered":"Le champagne ou les graviers\u00a0!"},"content":{"rendered":"<p>Lors d&rsquo;un GP d&rsquo;Italie domin\u00e9 par les fr\u00e8res M\u00e1rquez, le meilleur repr\u00e9sentant local \u00e0 l&rsquo;arriv\u00e9e n&rsquo;a pas \u00e9t\u00e9 le tr\u00e8s attendu <a href=\"https:\/\/fr.motorsport.com\/driver\/pecco-bagnaia\/109394\/\" target=\"_blank\" rel=\"noopener\">Pecco Bagnaia<\/a>, en difficult\u00e9 dans la deuxi\u00e8me partie de la course, mais <a href=\"https:\/\/fr.motorsport.com\/driver\/fabio-di-giannantonio\/289538\/\" target=\"_blank\" rel=\"noopener\">Fabio Di Giannantonio<\/a>, qui a priv\u00e9 son compatriote du podium avec un beau d\u00e9passement en fin de course. Le pilote VR46 s&rsquo;est ainsi offert l&rsquo;un des plus beaux moments de sa carri\u00e8re.<\/p>\n<p>Samedi, Di Giannantonio a d\u00fb se contenter de la septi\u00e8me place sur la grille et a \u00ab\u00a0perdu l&rsquo;opportunit\u00e9\u00a0\u00bb de jouer le podium du sprint en raison d&rsquo;un \u00ab\u00a0mauvais premier virage\u00a0\u00bb, lors duquel il n&rsquo;a pas senti son contact avec <a href=\"https:\/\/fr.motorsport.com\/driver\/brad-binder\/109383\/\" target=\"_blank\" rel=\"noopener\">Brad Binder<\/a>, qui a men\u00e9 \u00e0 l&rsquo;abandon du Sud-Africain et de <a href=\"https:\/\/fr.motorsport.com\/driver\/johann-zarco\/96107\/\" target=\"_blank\" rel=\"noopener\">Johann Zarco<\/a>. \u00ab\u00a0J&rsquo;ai fait le meilleur tour du sprint donc j&rsquo;avais un tr\u00e8s bon rythme, mais ce n&rsquo;\u00e9tait qu&rsquo;une cinqui\u00e8me place\u00a0\u00bb, pestait Di Giannantonio \u00e0 l&rsquo;arriv\u00e9e.<\/p>\n<p>En course principale, il a une nouvelle fois v\u00e9cu un d\u00e9but de course en dessous de ses attentes et n&rsquo;\u00e9tait que huiti\u00e8me apr\u00e8s le premier tour. Il a cependant vite pris l&rsquo;avantage sur <a href=\"https:\/\/fr.motorsport.com\/driver\/fabio-quartararo\/109400\/\" target=\"_blank\" rel=\"noopener\">Fabio Quartararo<\/a> et <a href=\"https:\/\/fr.motorsport.com\/driver\/pedro-acosta\/840236\/\" target=\"_blank\" rel=\"noopener\">Pedro Acosta<\/a>, puis gagn\u00e9 deux places de plus \u00e0 la faveur de <a href=\"https:\/\/fr.motorsport.com\/motogp\/news\/morbidelli-coupable-vinales-passe-autre-chose\/10735260\/\" target=\"_blank\" rel=\"noopener\">l&rsquo;accrochage entre Franco Morbidelli et Maverick Vi\u00f1ales<\/a>. Alors quatri\u00e8me, Di Giannantonio ne voulait pas s&rsquo;arr\u00eater en si bon chemin.<\/p>\n<p>\u00ab\u00a0[Samedi], j&rsquo;ai vu qu&rsquo;on avait un tr\u00e8s bon potentiel lors du sprint\u00a0\u00bb, a-t-il confi\u00e9 au site officiel du MotoGP. \u00ab\u00a0J&rsquo;\u00e9tais satisfait mais en m\u00eame temps, pas trop parce que je voulais d\u00e9j\u00e0 le podium [du sprint]. Mais [dimanche], j&rsquo;ai tout donn\u00e9, surtout dans les sept ou huit derniers tours. Je voyais &lsquo;quatri\u00e8me&rsquo; sur le panneau et je me disais &lsquo;Non\u00a0! Pas quatri\u00e8me au Mugello\u00a0! Troisi\u00e8me ou rien ! Un de mes m\u00e9caniciens en Moto3 disait &lsquo;champagne o ghiaia&rsquo;, donc &lsquo;le champagne ou les graviers&rsquo; ! Aujourd&rsquo;hui, c&rsquo;\u00e9tait all in\u00a0!\u00a0\u00bb<\/p>\n<p>Bagnaia, une proie devenue facile<br \/>\n   <img decoding=\"async\" draggable=\"false\" src=\"https:\/\/www.europesays.com\/fr\/wp-content\/uploads\/2025\/06\/1750674733_303_francesco-bagnaia-ducati-team.jpg\" alt=\"Francesco Bagnaia, Ducati Team\" width=\"1200\" height=\"800\" loading=\"lazy\"\/> <\/p>\n<p class=\"title\">Pecco Bagnaia et Fabio Di Giannantonio.<\/p>\n<p class=\"photographer\">Photo de: Gold and Goose Photography \/ LAT Images \/ via Getty Images<\/p>\n<p>Alors qu&rsquo;il comptait 1&Prime;5 de retard sur Bagnaia, Di Giannantonio a r\u00e9ussi \u00e0 combler l&rsquo;\u00e9cart, pour prendre l&rsquo;avantage \u00e0 deux tours de l&rsquo;arriv\u00e9e apr\u00e8s un d\u00e9passement \u00ab\u00a0assez agressif\u00a0\u00bb sur un pilote Ducati qu&rsquo;il sentait en d\u00e9licatesse.<\/p>\n<p>\u00ab\u00a0J&rsquo;ai vu que Pecco avait un peu de mal. J&rsquo;ai vu qu&rsquo;il souffrait parce qu&rsquo;il faisait l&rsquo;\u00e9lastique avec \u00c1lex [M\u00e1rquez]. Quand on fait \u00e7a, c&rsquo;est qu&rsquo;on n&rsquo;est pas assez fort pour rouler \u00e0 son rythme. Je pense qu&rsquo;il avait un peu de mal avec l&rsquo;avant mais il \u00e9tait encore tr\u00e8s rapide et fort au freinage, donc j&rsquo;ai essay\u00e9 d&rsquo;utiliser l&rsquo;arri\u00e8re autant que possible pour revenir. Au final, je l&rsquo;ai vu un tout petit peu plus rel\u00e2ch\u00e9 et je me suis dit &lsquo;C&rsquo;est le moment&rsquo; et je l&rsquo;ai fait. C&rsquo;est tr\u00e8s bien pour moi.\u00a0\u00bb<\/p>\n<p>\u00ab\u00a0Pecco pilote la moto d&rsquo;une tr\u00e8s belle fa\u00e7on\u00a0\u00bb, a insist\u00e9 Di Giannantonio en conf\u00e9rence de presse. \u00ab\u00a0Il a \u00e9t\u00e9 notre r\u00e9f\u00e9rence depuis quatre ans chez Ducati. Son plus gros point fort est le freinage mais son petit point faible est que quand il souffre au freinage, c&rsquo;est un peu comme s&rsquo;il \u00e9tait d\u00e9sarm\u00e9. Cette ann\u00e9e, on dirait qu&rsquo;il a un peu de mal avec les r\u00e9glages de la moto, pour se sentir libre de faire ce qu&rsquo;il veut faire au freinage.\u00a0\u00bb<\/p>\n<p>\u00ab\u00a0Dans la derni\u00e8re partie de la course, quand l&rsquo;avant commence \u00e0 beaucoup bouger, que l&rsquo;on a des pneus us\u00e9s \u00e0 l&rsquo;avant et \u00e0 l&rsquo;arri\u00e8re, qu&rsquo;il faut peut-\u00eatre utiliser d&rsquo;autres domaines de la moto, il a eu un peu de mal et j&rsquo;ai saisi l&rsquo;opportunit\u00e9.\u00a0\u00bb<\/p>\n<blockquote>\n<p>J&rsquo;avais la chair de poule sous ma combinaison.<\/p>\n<\/blockquote>\n<p>Fabio Di Giannantonio a continu\u00e9 \u00e0 attaquer et a vu l&rsquo;arriv\u00e9e \u00e0 seulement 0&Prime;194 d&rsquo;<a href=\"https:\/\/fr.motorsport.com\/driver\/alex-marquez\/96324\/\" target=\"_blank\" rel=\"noopener\">\u00c1lex M\u00e1rquez<\/a>, qui a avou\u00e9 s&rsquo;\u00eatre peut-\u00eatre un peu trop rel\u00e2ch\u00e9. Cette troisi\u00e8me place suffit \u00e0 le combler, sur une Ducati aux couleurs sp\u00e9ciales, avec des aurores bor\u00e9ales en r\u00e9f\u00e9rence au dernier album du chanteur italien\u00a0Cesare Cremonini, et surtout devant les supporters italiens.<\/p>\n<p>\u00ab\u00a0Les sensations \u00e9taient fantastiques sur le podium. Je voulais monter sur le muret des stands avec tout le monde en dessous, je voulais ressentir ces sensations et c&rsquo;\u00e9tait incroyable. J&rsquo;avais la chair de poule sous ma combinaison. C&rsquo;est une journ\u00e9e dont je me souviendrai.\u00a0\u00bb<\/p>\n<p>   <img decoding=\"async\" draggable=\"false\" src=\"https:\/\/www.europesays.com\/fr\/wp-content\/uploads\/2025\/06\/1750674735_71_fabio-di-giannantonio-vr46-rac.jpg\" alt=\"Fabio Di Giannantonio, VR46 Racing Team\" width=\"1200\" height=\"800\" loading=\"lazy\"\/> <\/p>\n<p class=\"title\">Fabio Di Giannantonio<\/p>\n<p class=\"photographer\">Photo de: Tiziana Fabi \/ AFP via Getty Images<\/p>\n<p>\u00ab\u00a0C&rsquo;\u00e9tait un r\u00eave d&rsquo;\u00eatre sur ce podium, depuis mon enfance\u00a0\u00bb, a r\u00e9sum\u00e9 Di Giannantonio. \u00ab\u00a0Voir Vale, Capirex ou Max [Biaggi] sur le podium, avec tout le monde en bas&#8230; c&rsquo;\u00e9tait un r\u00eave, un vrai r\u00eave. Au Mugello, on a cette incroyable tradition avec tous les supporters dans la ligne droite et c&rsquo;\u00e9tait un r\u00eave. J&rsquo;ai vraiment travaill\u00e9 dur pour \u00e7a. Heureusement, on a pu faire de gros progr\u00e8s lors du test en Arag\u00f3n, pour am\u00e9liorer la moto et \u00eatre rapide ce week-end.\u00a0\u00bb<\/p>\n<p>Finalement class\u00e9 \u00e0 2&Prime;136 de <a href=\"https:\/\/fr.motorsport.com\/driver\/marc-marquez\/92646\/\" target=\"_blank\" rel=\"noopener\">Marc M\u00e1rquez<\/a> et deuxi\u00e8me des trois pilotes disposant de la Ducati GP25, Fabio Di Giannantonio sent qu&rsquo;il est d\u00e9sormais dans le coup&#8230; et veut combler l&rsquo;\u00e9cart le s\u00e9parant de la premi\u00e8re place\u00a0: \u00ab\u00a0C&rsquo;est fantastique pour moi, pour nous, pour la fa\u00e7on dont on revient dans la bonne forme que l&rsquo;on avait perdue dans les derniers GP. \u00c7a nous apporte aussi une super motivation pour l&rsquo;avenir, pour les prochaines courses. Il faut qu&rsquo;on continue comme \u00e7a. Je veux r\u00e9duire l&rsquo;\u00e9cart avec les leaders.\u00a0\u00bb<\/p>\n<p>Lire aussi :<\/p>\n<p>Dans cet article<\/p>\n<p>    Vincent Lalanne-Sicaud\n<\/p>\n<p>    MotoGP\n<\/p>\n<p>    Fabio Di Giannantonio\n<\/p>\n<p>    Team VR46\n<\/p>\n<p>Soyez le premier inform\u00e9 et souscrivez aux alertes mails pour recevoir les infos en temps r\u00e9el<\/p>\n<p>    S&rsquo;abonner aux alertes de news<\/p>\n","protected":false},"excerpt":{"rendered":"Lors d&rsquo;un GP d&rsquo;Italie domin\u00e9 par les fr\u00e8res M\u00e1rquez, le meilleur repr\u00e9sentant local \u00e0 l&rsquo;arriv\u00e9e n&rsquo;a pas \u00e9t\u00e9&hellip;\n","protected":false},"author":2,"featured_media":197917,"comment_status":"","ping_status":"","sticky":false,"template":"","format":"standard","meta":{"footnotes":""},"categories":[1413],"tags":[7277,1011,27,31123,1457,1456,1458,31124,60,7276],"class_list":{"0":"post-197916","1":"post","2":"type-post","3":"status-publish","4":"format-standard","5":"has-post-thumbnail","7":"category-moto","8":"tag-fabio-di-giannantonio","9":"tag-fr","10":"tag-france","11":"tag-gp-ditalie","12":"tag-moto","13":"tag-motocycle","14":"tag-motogp","15":"tag-mugello","16":"tag-sports","17":"tag-team-vr46"},"share_on_mastodon":{"url":"https:\/\/pubeurope.com\/@fr\/114732226693413123","error":""},"_links":{"self":[{"href":"https:\/\/www.europesays.com\/fr\/wp-json\/wp\/v2\/posts\/197916","targetHints":{"allow":["GET"]}}],"collection":[{"href":"https:\/\/www.europesays.com\/fr\/wp-json\/wp\/v2\/posts"}],"about":[{"href":"https:\/\/www.europesays.com\/fr\/wp-json\/wp\/v2\/types\/post"}],"author":[{"embeddable":true,"href":"https:\/\/www.europesays.com\/fr\/wp-json\/wp\/v2\/users\/2"}],"replies":[{"embeddable":true,"href":"https:\/\/www.europesays.com\/fr\/wp-json\/wp\/v2\/comments?post=197916"}],"version-history":[{"count":0,"href":"https:\/\/www.europesays.com\/fr\/wp-json\/wp\/v2\/posts\/197916\/revisions"}],"wp:featuredmedia":[{"embeddable":true,"href":"https:\/\/www.europesays.com\/fr\/wp-json\/wp\/v2\/media\/197917"}],"wp:attachment":[{"href":"https:\/\/www.europesays.com\/fr\/wp-json\/wp\/v2\/media?parent=197916"}],"wp:term":[{"taxonomy":"category","embeddable":true,"href":"https:\/\/www.europesays.com\/fr\/wp-json\/wp\/v2\/categories?post=197916"},{"taxonomy":"post_tag","embeddable":true,"href":"https:\/\/www.europesays.com\/fr\/wp-json\/wp\/v2\/tags?post=197916"}],"curies":[{"name":"wp","href":"https:\/\/api.w.org\/{rel}","templated":true}]}}