{"id":197924,"date":"2025-06-23T10:36:10","date_gmt":"2025-06-23T10:36:10","guid":{"rendered":"https:\/\/www.europesays.com\/fr\/197924\/"},"modified":"2025-06-23T10:36:10","modified_gmt":"2025-06-23T10:36:10","slug":"meghan-markle-accusee-dhypocrisie-apres-la-decision-surprise-concernant-archie-et-lilibet","status":"publish","type":"post","link":"https:\/\/www.europesays.com\/fr\/197924\/","title":{"rendered":"Meghan Markle accus\u00e9e d'\u00a0\u00bbhypocrisie\u00a0\u00bb apr\u00e8s la d\u00e9cision surprise concernant Archie et Lilibet"},"content":{"rendered":"<p>Pour l\u2019argent, Meghan Markle s\u2019est-elle d\u00e9tourn\u00e9e d\u2019un principe<br \/>\nqu\u2019elle et son mari ont autrefois d\u00e9fendu farouchement ? Les fans<br \/>\ndu couple Sussex, ainsi que leurs innombrables d\u00e9tracteurs<br \/>\nn\u2019avaient jamais eu droit qu\u2019\u00e0 des photos floues, de dos ou encore<br \/>\ntr\u00e8s lointaines de Archie et Lilibet. <a href=\"https:\/\/www.closermag.fr\/royautes\/elle-a-peur-meghan-markle-ne-veut-plus-remettre-les-pieds-au-royaume-uni-avec-ses-enfants-3557119\" target=\"_blank\" rel=\"noopener\"><br \/>\nHarry et Meghan<\/a> ont toujours dit vouloir pr\u00e9server la<br \/>\n<strong>vie priv\u00e9e de leurs enfants<\/strong>.<\/p>\n<p>Et voil\u00e0 qu\u2019\u00e0 l\u2019occasion de la f\u00eate des p\u00e8res de cette ann\u00e9e, le<br \/>\ndimanche 15 juin 2025, Meghan Markle cr\u00e9e la surprise sur<br \/>\nInstagram. La duchesse de Sussex, 43 ans, publie une adorable vid\u00e9o<br \/>\nmettant en sc\u00e8ne le prince Harry <strong>avec Archie et<br \/>\nLilibet<\/strong>, qui ont maintenant respectivement 6 ans et 4 ans.<br \/>\nPourquoi maintenant ?<\/p>\n<p>Meghan Markle : l\u2019\u00e9pouse du prince Harry est accus\u00e9e<br \/>\nd\u2019\u00a0\u00bbhypocrisie flagrante\u00a0\u00bb<\/p>\n<p>Qu\u2019on se le dise, les photos et la vid\u00e9o partag\u00e9es par <a href=\"https:\/\/www.closermag.fr\/royautes\/meghan-markle-son-nouveau-positionnement-dhotesse-de-stars-fait-deja-parler-et-pas-en-bien-3555236\" target=\"_blank\" rel=\"noopener\"><br \/>\nMeghan Markle<\/a> sur son compte Instagram dimanche dernier sont<br \/>\n<strong>craquantes \u00e0 souhait<\/strong>. N\u00e9anmoins, les censeurs des<br \/>\nSussex voient dans cette publication in\u00e9dite une action empreinte<br \/>\nd\u2019une hypocrisie non voil\u00e9e. Pourtant, la vid\u00e9o se voulait \u00eatre un<br \/>\nhommage touchant au prince Harry, 40 ans, pour la f\u00eate des<br \/>\np\u00e8res.<\/p>\n<blockquote class=\"instagram-media\" style=\"background: #ffffff;border: 0;margin: 1px;width: 100%;padding: 0;max-width: 500px;\" data-instgrm-permalink=\"https:\/\/www.instagram.com\/reel\/DK8Ax7zpS2A\/\" data-instgrm-version=\"14\"\/>\n<p>De nombreux fans du couple et de leurs adorables enfants ont<br \/>\ntrouv\u00e9 ces images charmantes. Par ailleurs, nombreux sont ceux qui<br \/>\nont attendu pendant des ann\u00e9es de voir enfin les <a href=\"https:\/\/www.closermag.fr\/royautes\/archie-et-lilibet-seront-des-adultes-insupportables-et-cest-totalement-la-faute-de-meghan-markle-3557113\" target=\"_blank\" rel=\"noopener\"><br \/>\nvisages de Archie et Lilibet<\/a>. Pour Ingrid Seward, le couple<br \/>\nSussex a envoy\u00e9 des messages contradictoires en rappelant :<br \/>\n\u00ab\u00a0Ils ont suppli\u00e9 qu&rsquo;on respecte leur vie priv\u00e9e et maintenant,<br \/>\ntout \u00e0 coup, Meghan inonde le march\u00e9 de <strong>photos de<br \/>\nleurs enfants<\/strong>\u00ab\u00a0.<\/p>\n<p>Meghan Markle : la duchesse de Sussex<br \/>\nmotiv\u00e9e par l\u2019argent ?<\/p>\n<p>Il est vrai que Meghan Markle et le prince Harry ont toujours<br \/>\nfait comprendre qu\u2019ils tenaient \u00e0 prot\u00e9ger la vie priv\u00e9e de leurs<br \/>\nenfants co\u00fbte que co\u00fbte. Ils ont aussi d\u00e9fendu l&rsquo;importance de la<br \/>\ns\u00e9curit\u00e9 en ligne par le biais de leur fondation Archwell.<br \/>\nEt maintenant, ils partagent des photos d&rsquo;Archie et de Lilibet<br \/>\n<strong>avec le monde entier<\/strong>.<\/p>\n<p>Ingrid Seward, cit\u00e9e par The Mirror, soutient que la<br \/>\nderni\u00e8re publication de Meghan Markle est moins motiv\u00e9e par le<br \/>\nd\u00e9sir de communiquer que par l\u2019app\u00e2t du gain. \u00ab\u00a0Tout ce qu&rsquo;ils<br \/>\nfont en ligne vise \u00e0 leur permettre de <a href=\"https:\/\/www.mariefrance.fr\/news-people\/meghan-et-harry-bientot-ruines-les-sussex-auraient-de-gros-problemes-financiers-selon-de-nouvelles-revelations-1176165.html\" target=\"_blank\" rel=\"noopener\"><br \/>\ngagner plus d&rsquo;argent<\/a>. Sinon, pourquoi diable le<br \/>\nferaient-ils ?\u00a0\u00bb, a ajout\u00e9 l\u2019experte en royaut\u00e9.<\/p>\n<p><script async src=\"\/\/www.instagram.com\/embed.js\"><\/script><\/p>\n","protected":false},"excerpt":{"rendered":"Pour l\u2019argent, Meghan Markle s\u2019est-elle d\u00e9tourn\u00e9e d\u2019un principe qu\u2019elle et son mari ont autrefois d\u00e9fendu farouchement ? Les&hellip;\n","protected":false},"author":2,"featured_media":197925,"comment_status":"","ping_status":"","sticky":false,"template":"","format":"standard","meta":{"footnotes":""},"categories":[1359],"tags":[548,58,59,1011,27,908,973,729],"class_list":{"0":"post-197924","1":"post","2":"type-post","3":"status-publish","4":"format-standard","5":"has-post-thumbnail","7":"category-people","8":"tag-article-simple","9":"tag-divertissement","10":"tag-entertainment","11":"tag-fr","12":"tag-france","13":"tag-meghan-markle","14":"tag-people","15":"tag-yout_video"},"share_on_mastodon":{"url":"https:\/\/pubeurope.com\/@fr\/114732242204536190","error":""},"_links":{"self":[{"href":"https:\/\/www.europesays.com\/fr\/wp-json\/wp\/v2\/posts\/197924","targetHints":{"allow":["GET"]}}],"collection":[{"href":"https:\/\/www.europesays.com\/fr\/wp-json\/wp\/v2\/posts"}],"about":[{"href":"https:\/\/www.europesays.com\/fr\/wp-json\/wp\/v2\/types\/post"}],"author":[{"embeddable":true,"href":"https:\/\/www.europesays.com\/fr\/wp-json\/wp\/v2\/users\/2"}],"replies":[{"embeddable":true,"href":"https:\/\/www.europesays.com\/fr\/wp-json\/wp\/v2\/comments?post=197924"}],"version-history":[{"count":0,"href":"https:\/\/www.europesays.com\/fr\/wp-json\/wp\/v2\/posts\/197924\/revisions"}],"wp:featuredmedia":[{"embeddable":true,"href":"https:\/\/www.europesays.com\/fr\/wp-json\/wp\/v2\/media\/197925"}],"wp:attachment":[{"href":"https:\/\/www.europesays.com\/fr\/wp-json\/wp\/v2\/media?parent=197924"}],"wp:term":[{"taxonomy":"category","embeddable":true,"href":"https:\/\/www.europesays.com\/fr\/wp-json\/wp\/v2\/categories?post=197924"},{"taxonomy":"post_tag","embeddable":true,"href":"https:\/\/www.europesays.com\/fr\/wp-json\/wp\/v2\/tags?post=197924"}],"curies":[{"name":"wp","href":"https:\/\/api.w.org\/{rel}","templated":true}]}}