{"id":197926,"date":"2025-06-23T10:38:09","date_gmt":"2025-06-23T10:38:09","guid":{"rendered":"https:\/\/www.europesays.com\/fr\/197926\/"},"modified":"2025-06-23T10:38:09","modified_gmt":"2025-06-23T10:38:09","slug":"lencre-des-collines-pour-partager-le-plaisir-de-la-lecture-du-cote-de-frasnes-lez-anvaing","status":"publish","type":"post","link":"https:\/\/www.europesays.com\/fr\/197926\/","title":{"rendered":"\u00ab\u00a0L&rsquo;Encre des Collines\u00a0\u00bb, pour partager le plaisir de la lecture du c\u00f4t\u00e9 de Frasnes-lez-Anvaing"},"content":{"rendered":"<p>Lecture commune, \u00e9changes et rencontres avec les auteurs<\/p>\n<p class=\"ap-StoryElement ap-StoryElement--mb ap-StoryText\">Officiellement, le book club compte une vingtaine d&rsquo;affili\u00e9(e) s, mais il r\u00e9unit d\u00e9j\u00e0 septante followers sur sa page Facebook : \u00ab\u00a0nous utilisons l&rsquo;application Discord, une sorte de salon num\u00e9rique sur lequel on \u00e9change, quotidiennement, au sujet de nos lectures du moment et ce qu&rsquo;on en pense, de nos coups de c\u0153ur\u2026, explique Stellina. Nous demandons \u00e0 chaque membre de proposer sa lecture du mois. Parmi toutes ces suggestions, Val\u00e9rie et moi en retenons quatre. Puis, on vote tous ensemble pour d\u00e9signer la lecture commune, le livre que nous tout le monde lira\u2026 avant de se retrouver pour en discuter. En m\u00eame temps, on demande aussi \u00e0 chaque membre de venir avec ses livres coup de c\u0153ur du moment afin de les pr\u00e9senter. Cela permet de donner des id\u00e9es aux autres, et m\u00eame de se les pr\u00eater\u2026\u00a0\u00bb<\/p>\n<p class=\"ap-StoryElement ap-StoryElement--mb ap-StoryText\">La premi\u00e8re r\u00e9union du genre autour du thriller Surface, d&rsquo;Olivier Norek, a eu lieu, pour des raisons de disponibilit\u00e9, \u00e0 Tournai, mais le deuxi\u00e8me rendez-vous \u2013 \u00e0 propos de L&rsquo;instinct maternel, premier roman de Barbara Abel \u2013 aura bien lien \u00ab\u00a0\u00e0 la maison\u00a0\u00bb, ce samedi 28 juin \u00e0 10 h 30 \u00e0 la biblioth\u00e8que communale de Frasnes-lez-Anvaing. O\u00f9 le club a \u00e9t\u00e9 accueilli \u00e0 bras ouverts : \u00ab\u00a0c&rsquo;est vraiment int\u00e9ressant de voir une telle initiative \u00eatre lanc\u00e9e \u00e0 Frasnes-lez-Anvaing. Nous avons d\u00e9cid\u00e9 de collaborer activement avec L&rsquo;Encre des Collines, en leur fournissant par exemple des ouvrages gr\u00e2ce au pr\u00eat interbiblioth\u00e8ques\u00a0\u00bb, confient les biblioth\u00e9caires Hamid Hazgour et Vinciane Sonck.<\/p>\n<p class=\"ap-StoryElement ap-StoryElement--mb ap-StoryText\">Et puis, il y a les rencontres avec les auteurs : la premi\u00e8re a eu lieu, ici encore \u00e0 Tournai, pour des raisons d&rsquo;opportunit\u00e9, \u00e0 l&rsquo;Elephant Coffee, o\u00f9 la Tournaisienne \u00c9milie Garner a \u00e9voqu\u00e9 son ouvrage Des fourmis plein la t\u00eate. Un moment appr\u00e9ci\u00e9 par toutes\u2026 et par un, car comme on le constate sur notre photo, le club ne r\u00e9unit actuellement que des dames, \u00e0 l&rsquo;exception de Didier. \u00ab\u00a0On esp\u00e8re qu&rsquo;il va ouvrir la voie \u00e0 beaucoup d&rsquo;autres hommes. Ce serait bien ! Nous voudrions aussi pouvoir nous entretenir avec des auteur(e) s de la r\u00e9gion, qui ont sorti des livres int\u00e9ressants, et, \u00e0 terme, nous rendre ensemble dans des salons du livre\u00a0\u00bb, ajoute Stellina Huvenne. Et rencontrer, pourquoi pas, \u00e0 cette occasion, des stars du monde de l&rsquo;\u00e9dition.<\/p>\n","protected":false},"excerpt":{"rendered":"Lecture commune, \u00e9changes et rencontres avec les auteurs Officiellement, le book club compte une vingtaine d&rsquo;affili\u00e9(e) s, mais&hellip;\n","protected":false},"author":2,"featured_media":197927,"comment_status":"","ping_status":"","sticky":false,"template":"","format":"standard","meta":{"footnotes":""},"categories":[1357],"tags":[1379,58,59,1011,27,1227,1380],"class_list":{"0":"post-197926","1":"post","2":"type-post","3":"status-publish","4":"format-standard","5":"has-post-thumbnail","7":"category-livres","8":"tag-books","9":"tag-divertissement","10":"tag-entertainment","11":"tag-fr","12":"tag-france","13":"tag-horizontal","14":"tag-livres"},"share_on_mastodon":{"url":"https:\/\/pubeurope.com\/@fr\/114732250145700743","error":""},"_links":{"self":[{"href":"https:\/\/www.europesays.com\/fr\/wp-json\/wp\/v2\/posts\/197926","targetHints":{"allow":["GET"]}}],"collection":[{"href":"https:\/\/www.europesays.com\/fr\/wp-json\/wp\/v2\/posts"}],"about":[{"href":"https:\/\/www.europesays.com\/fr\/wp-json\/wp\/v2\/types\/post"}],"author":[{"embeddable":true,"href":"https:\/\/www.europesays.com\/fr\/wp-json\/wp\/v2\/users\/2"}],"replies":[{"embeddable":true,"href":"https:\/\/www.europesays.com\/fr\/wp-json\/wp\/v2\/comments?post=197926"}],"version-history":[{"count":0,"href":"https:\/\/www.europesays.com\/fr\/wp-json\/wp\/v2\/posts\/197926\/revisions"}],"wp:featuredmedia":[{"embeddable":true,"href":"https:\/\/www.europesays.com\/fr\/wp-json\/wp\/v2\/media\/197927"}],"wp:attachment":[{"href":"https:\/\/www.europesays.com\/fr\/wp-json\/wp\/v2\/media?parent=197926"}],"wp:term":[{"taxonomy":"category","embeddable":true,"href":"https:\/\/www.europesays.com\/fr\/wp-json\/wp\/v2\/categories?post=197926"},{"taxonomy":"post_tag","embeddable":true,"href":"https:\/\/www.europesays.com\/fr\/wp-json\/wp\/v2\/tags?post=197926"}],"curies":[{"name":"wp","href":"https:\/\/api.w.org\/{rel}","templated":true}]}}