{"id":197934,"date":"2025-06-23T10:42:20","date_gmt":"2025-06-23T10:42:20","guid":{"rendered":"https:\/\/www.europesays.com\/fr\/197934\/"},"modified":"2025-06-23T10:42:20","modified_gmt":"2025-06-23T10:42:20","slug":"un-nouveau-variant-tres-agressif-avec-des-symptomes-inquietants","status":"publish","type":"post","link":"https:\/\/www.europesays.com\/fr\/197934\/","title":{"rendered":"un nouveau variant tr\u00e8s agressif avec des sympt\u00f4mes inqui\u00e9tants ?"},"content":{"rendered":"<p>&#13;<br \/>\n\t\t\t&#13;<br \/>\n\t\t\t\t&#13;<\/p>\n<ol class=\"col-12 d-flex justify-content-start align-items-start mb-2 p-0 tdn-breadcrumb\" itemscope=\"\" itemtype=\"https:\/\/schema.org\/BreadcrumbList\" style=\"list-style-type: none; font-size: 16px;\">&#13;<br \/>\n&#13;<\/p>\n<li itemprop=\"itemListElement\" itemscope=\"\" itemtype=\"https:\/\/schema.org\/ListItem\" class=\"mr-1 d-flex align-items-center\">&#13;<br \/>\n\t\t<a itemprop=\"item\" class=\"text-grey d-flex align-items-center\" href=\"https:\/\/www.letribunaldunet.fr\" rel=\"nofollow noopener\" target=\"_blank\">&#13;<br \/>\n\t\t\t<img loading=\"lazy\" decoding=\"async\" src=\"https:\/\/www.letribunaldunet.fr\/wp-content\/themes\/letribunaldunet\/img\/icon-home-grey.svg\" alt=\"\" width=\"24\" height=\"24\"\/>&#13;<br \/>\n\t\t\tTDN &gt;&#13;<br \/>\n\t\t<\/a>&#13;<br \/>\n\t\t&#13;\n\t<\/li>\n<p>&#13;<br \/>\n&#13;<\/p>\n<li itemprop=\"itemListElement\" itemscope=\"\" itemtype=\"https:\/\/schema.org\/ListItem\" class=\"mr-1 d-flex align-items-center\">&#13;<br \/>\n\t\t\t\t\t<a itemprop=\"item\" class=\"text-grey d-flex align-items-center\" href=\"https:\/\/www.letribunaldunet.fr\/sante\" rel=\"nofollow noopener\" target=\"_blank\">&#13;<br \/>\n\t\t\t\t\t\tSant\u00e9&#13;<br \/>\n\t\t\t\t\t<\/a>&#13;<br \/>\n\t\t\t\t\t&#13;\n\t\t\t\t<\/li>\n<p>&#13;<br \/>\n\t\t\t&#13;<br \/>\n\t&#13;\n<\/ol>\n<p>&#13;<br \/>\n\t\t\t\t&#13;<br \/>\n&#13;<br \/>\n\t\t\t\t\t\t\t\t&#13;<br \/>\n\t\t\t\t\t&#13;<br \/>\n&#13;<br \/>\n\t\t\t\t\t&#13;<br \/>\n&#13;<br \/>\n&#13;<br \/>\n&#13;<br \/>\n\t\t\t\t&#13;<\/p>\n<p>Apr\u00e8s les variants Delta ou encore Omicron, un nouveau variant du Covid progresse en France. <strong>Le Covid \u00ab\u00a0Nimbus\u00a0\u00bb<\/strong>, bien plus contagieux, inqui\u00e8te fortement les m\u00e9decins. Et, pour cause, ses sympt\u00f4mes seraient particuli\u00e8rement douloureux et dangereux. On vous explique.<\/p>\n<p>La suite apr\u00e8s cette publicit\u00e9<\/p>\n<p><img fetchpriority=\"high\" decoding=\"async\" width=\"762\" height=\"508\" src=\"data:image\/svg+xml,%3Csvg%20xmlns=\" http:=\"\" alt=\"labo covid @canva\" data-lazy- data-lazy- data-lazy-src=\"https:\/\/www.europesays.com\/fr\/wp-content\/uploads\/2025\/06\/labo-covid-@canva-762x508.jpg\"\/><\/p>\n<p>labo covid @canva<br \/>\nLe Covid-19, un virus dangereux qui peut devenir mortel<\/p>\n<p><strong>Le Covid-19<\/strong> est un enjeu de <a href=\"https:\/\/www.letribunaldunet.fr\/sante\" rel=\"nofollow noopener\" target=\"_blank\">sant\u00e9<\/a> publique. Tout le monde le sait d\u00e9sormais : ce virus peut \u00eatre tr\u00e8s dangereux. Tr\u00e8s contagieux, on peut <strong>l\u2019attraper facilement<\/strong>, en \u00e9tant en contact avec une personne contamin\u00e9e et m\u00eame avec une surface contamin\u00e9e.<\/p>\n<p>La suite apr\u00e8s cette publicit\u00e9<\/p>\n<p>Mais, ce qui inqui\u00e8te le plus quand on parle de cette maladie, ce sont des sympt\u00f4mes, parfois tr\u00e8s agressifs. Bien que certaines personnes soient asymptomatiques, la plupart des malades d\u00e9crivent un<strong> \u00e9tat grippal<\/strong>, des maux de t\u00eate, de la<strong> fi\u00e8vre<\/strong>, des diarrh\u00e9es, de la fatigue et une perte d\u2019odorat.<\/p>\n<p><img loading=\"lazy\" decoding=\"async\" width=\"762\" height=\"508\" src=\"data:image\/svg+xml,%3Csvg%20xmlns=\" http:=\"\" alt=\"pandemie @canva\" data-lazy- data-lazy- data-lazy-src=\"https:\/\/www.europesays.com\/fr\/wp-content\/uploads\/2025\/06\/pandemie-@canva-762x508.jpg\"\/><\/p>\n<p>pandemie @canva<\/p>\n<p>Mais, les sympt\u00f4mes d\u00e9pendent de chacun. Parmi les malades, certains ont \u00e9galement de la toux et ont des <strong>difficult\u00e9s respiratoires<\/strong>. Dans certains cas, ces difficult\u00e9s respiratoires peuvent conduire aux urgences, aux soins intensifs et parfois au d\u00e9c\u00e8s du patient. <\/p>\n<p>La suite apr\u00e8s cette publicit\u00e9<\/p>\n<p>La suite apr\u00e8s cette vid\u00e9o<\/p>\n<p><strong>6 millions de personnes<\/strong> ont perdu la vie au 18 ao\u00fbt 2023, \u00e0 cause du virus, dont <strong>160 000 en France<\/strong>. Donc, oui, le Covid peut r\u00e9ellement avoir des cons\u00e9quences terribles, en fonction des sympt\u00f4mes. Les plus faibles sont le plus \u00e0 risque (personnes \u00e2g\u00e9es, malades, enfants, femmes enceintes\u2026).<\/p>\n<p><img loading=\"lazy\" decoding=\"async\" width=\"762\" height=\"508\" src=\"data:image\/svg+xml,%3Csvg%20xmlns=\" http:=\"\" alt=\"vaccin @canva\" data-lazy- data-lazy- data-lazy-src=\"https:\/\/www.europesays.com\/fr\/wp-content\/uploads\/2025\/06\/vaccin-@canva-762x508.jpg\"\/><\/p>\n<p>vaccin @canva<\/p>\n<p>La suite apr\u00e8s cette publicit\u00e9<\/p>\n<p>L\u2019origine tr\u00e8s floue du coronavirus<\/p>\n<p>Le Covid-19 est un virus issu d\u2019une classe de virus bien connu de la science. Mais, jusqu\u2019\u00e0 <strong>2019<\/strong>, aucun cas n\u2019avait \u00e9t\u00e9 observ\u00e9 sur des humains, seulement sur des animaux. D\u2019ailleurs, le virus \u00e9tait observ\u00e9 par divers laboratoires, pr\u00e9lev\u00e9 sur des animaux.<\/p>\n<p>C\u2019est en <strong>Chine<\/strong> que commence l\u2019\u00e9pid\u00e9mie mondiale. Mais, <a href=\"https:\/\/www.letribunaldunet.fr\/sante\/origine-covid-19-connue-certitude.html\" rel=\"nofollow noopener\" target=\"_blank\">son origine pr\u00e9cise demeure tr\u00e8s floue<\/a>. Officiellement, le premier patient contamin\u00e9 aurait consomm\u00e9 un <strong>animal contamin\u00e9<\/strong>, une chauve-souris ou un pangolin.<\/p>\n<p>La suite apr\u00e8s cette publicit\u00e9<\/p>\n<p>Mais, selon des autorit\u00e9s am\u00e9ricaines, il serait possible <a href=\"https:\/\/www.letribunaldunet.fr\/sante\/fuite-dun-laboratoire-de-wuhan-lorigine-du-covid-19-devoilee.html\" rel=\"nofollow noopener\" target=\"_blank\">que ce virus se soit <\/a><strong><a href=\"https:\/\/www.letribunaldunet.fr\/sante\/fuite-dun-laboratoire-de-wuhan-lorigine-du-covid-19-devoilee.html\" rel=\"nofollow noopener\" target=\"_blank\">\u00e9chapp\u00e9 d\u2019un laboratoire<\/a> <\/strong>tr\u00e8s s\u00e9curis\u00e9 en Chine. Pour l\u2019instant, cette th\u00e8se est tr\u00e8s critiqu\u00e9e. Mais, ce qui est certain, c\u2019est que le virus a fait beaucoup de d\u00e9g\u00e2ts.<\/p>\n<p><img loading=\"lazy\" decoding=\"async\" width=\"762\" height=\"508\" src=\"data:image\/svg+xml,%3Csvg%20xmlns=\" http:=\"\" alt=\"auto test @canva\" data-lazy- data-lazy- data-lazy-src=\"https:\/\/www.europesays.com\/fr\/wp-content\/uploads\/2025\/06\/auto-test-@canva-762x508.jpg\"\/><\/p>\n<p>auto test @canva<br \/>\nUne maladie qui a chang\u00e9 notre mode de vie<\/p>\n<p>La suite apr\u00e8s cette publicit\u00e9<\/p>\n<p>Des d\u00e9g\u00e2ts au niveau sanitaire, avec beaucoup de d\u00e9c\u00e8s, mais aussi des d\u00e9g\u00e2ts<strong> sociaux et \u00e9conomiques<\/strong>. Avec la pand\u00e9mie, beaucoup de pays ont investi massivement dans le secteur de la sant\u00e9. Et, en parall\u00e8le, il y a aussi eu les confinements.<\/p>\n<p><a href=\"https:\/\/www.letribunaldunet.fr\/humour\/gens-preuve-imagination-pendant-pandemie-covid-photos.html\" rel=\"nofollow noopener\" target=\"_blank\">Durant les confinements<\/a>, le pays \u00e9tait \u00e0 l\u2019arr\u00eat. Les<strong> commerces non essentiels<\/strong> \u00e9taient ferm\u00e9s, ce qui a caus\u00e9 \u00e9galement la fermeture de beaucoup d\u2019\u00e9tablissements, toujours boud\u00e9s alors que le Covid est moins virulent aujourd\u2019hui (par exemple, les boites de nuit).<\/p>\n<p><img loading=\"lazy\" decoding=\"async\" width=\"762\" height=\"508\" src=\"data:image\/svg+xml,%3Csvg%20xmlns=\" http:=\"\" alt=\"covid 19 @canva\" data-lazy- data-lazy- data-lazy-src=\"https:\/\/www.europesays.com\/fr\/wp-content\/uploads\/2025\/06\/covid-19-@canva-1-762x508.jpg\"\/><\/p>\n<p>covid 19 @canva<\/p>\n<p>La suite apr\u00e8s cette publicit\u00e9<\/p>\n<p>Si nous avons retrouv\u00e9 une vie globalement normale aujourd\u2019hui, nous ne pouvions pas sortir sans attestation obligatoire, le masque \u00e9tait obligatoire et la <strong>distanciation sociale<\/strong> a grandement chang\u00e9 nos modes de vie actuels. <\/p>\n<p>Apr\u00e8s les confinements,<strong> <\/strong>l\u2019isolement social a grandi, l\u2019anxi\u00e9t\u00e9 g\u00e9n\u00e9ralis\u00e9e a gagn\u00e9 du terrain, l\u2019hypocondrie et les TOCs (comme se laver de mani\u00e8re excessive) ont pris d\u2019assaut la population. Finalement, avec les confinements, l\u2019e-commerce a \u00e9galement grignot\u00e9 du terrain, au d\u00e9triment des magasins.<\/p>\n<p><img loading=\"lazy\" decoding=\"async\" width=\"762\" height=\"508\" src=\"data:image\/svg+xml,%3Csvg%20xmlns=\" http:=\"\" alt=\"covid @canva\" data-lazy- data-lazy- data-lazy-src=\"https:\/\/www.europesays.com\/fr\/wp-content\/uploads\/2025\/06\/covid-@canva-762x508.jpg\"\/><\/p>\n<p>covid @canva<\/p>\n<p>La suite apr\u00e8s cette publicit\u00e9<\/p>\n<p>Malgr\u00e9 les d\u00e9fenses immunitaires, le virus mute rapidement<\/p>\n<p>Aujourd\u2019hui, le virus est moins virulent et nous avons globalement repris le cours de notre vie. Pour cela, nous pouvons remercier <a href=\"https:\/\/www.letribunaldunet.fr\/sante\/rappel-vaccin-covid-obligatoire.html\" rel=\"nofollow noopener\" target=\"_blank\">les campagnes de vaccination<\/a>, mais aussi <strong>l\u2019immunit\u00e9 collective<\/strong>. Sauf que, le Covid est encore pr\u00e9sent et bien loin de dispara\u00eetre.<\/p>\n<p>Pour survivre face \u00e0 la vaccination et \u00e0 l\u2019immunit\u00e9 collective, le virus mute sans arr\u00eat pour mieux s\u2019adapter \u00e0 ses h\u00f4tes. Et, les variants sont de plus en plus contagieux, parfois passant sous les barri\u00e8res immunitaires. <\/p>\n<p>La suite apr\u00e8s cette publicit\u00e9<\/p>\n<p><img loading=\"lazy\" decoding=\"async\" width=\"762\" height=\"508\" src=\"data:image\/svg+xml,%3Csvg%20xmlns=\" http:=\"\" alt=\"pcr @canva\" data-lazy- data-lazy- data-lazy-src=\"https:\/\/www.europesays.com\/fr\/wp-content\/uploads\/2025\/06\/pcr-@canva-762x508.jpg\"\/><\/p>\n<p>pcr @canva<\/p>\n<p>D\u2019ailleurs, certains pensent que nous allons vivre de <strong>nouvelles vagues<\/strong> cet \u00e9t\u00e9 2025, et certains parlent m\u00eame d\u2019un <a href=\"https:\/\/www.letribunaldunet.fr\/sante\/covid-19-nouveau-confinement-juillet-ce-que-lon-sait.html\" rel=\"nofollow noopener\" target=\"_blank\">reconfinement en juillet<\/a>. Parmi les variants, il y avait par exemple le variant Delta ou encore le variant Omicron, qui avait vraiment fait parler de lui.<\/p>\n<p>Mais, plus le virus se propage, plus il mute en de nouveaux variants. Et m\u00eame si <a href=\"https:\/\/www.letribunaldunet.fr\/sante\/10-fois-plus-contagieuse-covid-maladie-explose-france-inquiete-medecins.htm\" rel=\"nofollow noopener\" target=\"_blank\">d\u2019autres maladies contagieuses continuent de s\u00e9vir en France<\/a>, le Covid demeure un sujet de pr\u00e9occupation important. D\u2019autant que l\u2019un de ses nouveaux variants provoquerait des sympt\u00f4mes tr\u00e8s g\u00eanants.<\/p>\n<p>La suite apr\u00e8s cette publicit\u00e9<\/p>\n<p><img loading=\"lazy\" decoding=\"async\" width=\"762\" height=\"508\" src=\"data:image\/svg+xml,%3Csvg%20xmlns=\" http:=\"\" alt=\"vaccin covid @canva\" data-lazy- data-lazy- data-lazy-src=\"https:\/\/www.europesays.com\/fr\/wp-content\/uploads\/2025\/06\/vaccin-covid-@canva-762x508.jpg\"\/><\/p>\n<p>vaccin covid @canva<br \/>\nLe Covid Nimbus inqui\u00e8te les m\u00e9decins<\/p>\n<p>En ce moment, le <strong>virus Nimbus <\/strong>progresse tr\u00e8s rapidement dans le monde et en France. Plus particuli\u00e8rement sa<strong> souche NB.1.8.1<\/strong>. Cette souche fait partie des descendants d\u2019<strong>Omicron<\/strong>. Seulement, cette souche semble tr\u00e8s contagieuse et bien plus douloureuse.<\/p>\n<p>La suite apr\u00e8s cette publicit\u00e9<\/p>\n<p>Actuellement, ce variant aurait \u00e9t\u00e9 d\u00e9tect\u00e9 dans environ<strong> 22 pays <\/strong>et plusieurs cas ont \u00e9t\u00e9 d\u00e9tect\u00e9s dans la <strong>ville de Lyon<\/strong>, en France. C\u2019\u00e9tait alors en mai 2025, mais le virus continue de progresser en juin 2025. \u00ab\u00a0Une douzaine de porteurs du NB.1.8.1 ont \u00e9t\u00e9 d\u00e9tect\u00e9s en France\u00a0\u00bb, <a href=\"https:\/\/www.lemonde.fr\/planete\/article\/2025\/05\/29\/covid-19-le-nouveau-variant-nb-1-8-1-identifie-en-france-alors-que-les-indicateurs-sont-en-legere-hausse_6609123_3244.html\" target=\"_blank\" rel=\"noreferrer noopener nofollow\">explique Le Monde<\/a>. <\/p>\n<p><img loading=\"lazy\" decoding=\"async\" width=\"762\" height=\"508\" src=\"data:image\/svg+xml,%3Csvg%20xmlns=\" http:=\"\" alt=\"covid symptomes @canva\" data-lazy- data-lazy- data-lazy-src=\"https:\/\/www.europesays.com\/fr\/wp-content\/uploads\/2025\/06\/covid-symptomes-@canva-762x508.jpg\"\/><\/p>\n<p>covid symptomes @canva<\/p>\n<p>\u00ab\u00a0Notamment en Auvergne-Rh\u00f4ne-Alpes et en Nouvelle-Aquitaine. Les indicateurs sur le virus, s\u2019ils restent \u00e0 des niveaux tr\u00e8s bas, sont en augmentation depuis trois semaines\u00a0\u00bb, ajoutait le site. Et, d\u00e9sormais, <strong>l\u2019Organisation mondiale de la Sant\u00e9 (OMS)<\/strong> l\u2019observe de tr\u00e8s pr\u00e8s.<\/p>\n<p>La suite apr\u00e8s cette publicit\u00e9<\/p>\n<p>Les cas sont actuellement trait\u00e9s par le Centre national de r\u00e9f\u00e9rence de Lyon, mais il se pourrait que plusieurs cas n\u2019aient pas encore \u00e9t\u00e9 d\u00e9tect\u00e9s. <\/p>\n<p><a href=\"https:\/\/www.bfmtv.com\/sante\/info-bfmtv-covid-19-un-nouveau-variant-inquietant-identifie-pour-la-premiere-fois-en-france_AN-202505230742.html\" target=\"_blank\" rel=\"noreferrer noopener nofollow\">Chez BFMTV<\/a>, le virologue Bruno Lina explique : \u00ab\u00a0Il y a un certain nombre de pays qui l\u2019ont rapport\u00e9. On en a trouv\u00e9 un peu en France, pas beaucoup, quatre s\u00e9quences qui ont \u00e9t\u00e9 trouv\u00e9es,<strong> \u00e0 la fois \u00e0 l\u2019h\u00f4pital et en ville<\/strong>\u00ab\u00a0.<\/p>\n<p><img loading=\"lazy\" decoding=\"async\" width=\"762\" height=\"508\" src=\"data:image\/svg+xml,%3Csvg%20xmlns=\" http:=\"\" alt=\"covid-19 @canva\" data-lazy- data-lazy- data-lazy-src=\"https:\/\/www.europesays.com\/fr\/wp-content\/uploads\/2025\/06\/covid-19-@canva-762x508.jpg\"\/><\/p>\n<p>covid-19 @canva<\/p>\n<p>La suite apr\u00e8s cette publicit\u00e9<\/p>\n<p>Une souche qui passe sous les barri\u00e8res immunitaires ?<\/p>\n<p>\u00ab\u00a0D\u2019apr\u00e8s ce que nous semblons savoir sur le virus, pour l\u2019instant, c\u2019est qu\u2019il semble capable de<strong> passer outre les d\u00e9fenses immunitaires <\/strong>acquises au contact des autres variants. Ainsi, ce variant semble donc plus facile \u00e0 attraper\u00a0\u00bb, <a href=\"https:\/\/www.letribunaldunet.fr\/sante\/covid-variant-progresse-symptome-douloureux.html\" rel=\"nofollow noopener\" target=\"_blank\">expliquions-nous dans un article<\/a> d\u00e9di\u00e9 \u00e0 cette souche.<\/p>\n<p>\u00ab\u00a0Il <strong>rentre plus vite dans les cellules <\/strong>et se reproduit. [\u2026] Ses sp\u00e9cificit\u00e9s pr\u00e9figurent probablement que ce variant du virus devienne majoritaire dans le futur\u00a0\u00bb, lit-on chez BFMTV. Le virus arriverait donc \u00e0 franchir les barri\u00e8res immunitaires et serait donc plus contagieux.<\/p>\n<p>La suite apr\u00e8s cette publicit\u00e9<\/p>\n<p>\u00ab\u00a0Selon le sp\u00e9cialiste interrog\u00e9 par La D\u00e9p\u00eache, le virus semble profiter d\u2019une transmissibilit\u00e9 accrue et d\u2019une meilleure capacit\u00e9 \u00e0 <strong>contourner l\u2019immunit\u00e9 <\/strong>acquise naturellement ou gr\u00e2ce aux vaccins\u00a0\u00bb, lisait-on aussi <a href=\"https:\/\/www.ladepeche.fr\/2025\/06\/02\/decryptage-covid-19-le-variant-nb181-menace-t-il-notre-ete-12726404.php\" target=\"_blank\" rel=\"noreferrer noopener nofollow\">chez La D\u00e9p\u00eache<\/a>.<\/p>\n<p>\u00ab\u00a0Ces caract\u00e9ristiques expliquent la flamb\u00e9e observ\u00e9e en Asie et pourraient favoriser une <strong>propagation rapide cet \u00e9t\u00e9<\/strong>, p\u00e9riode traditionnellement propice aux d\u00e9placements internationaux\u00a0\u00bb, ajoute alors le m\u00e9dia. <\/p>\n<p>La suite apr\u00e8s cette publicit\u00e9<\/p>\n<p>Des sympt\u00f4mes tr\u00e8s douloureux et dangereux ?<\/p>\n<p>Mais, le pire, ce sont ses sympt\u00f4mes. \u00ab\u00a0Selon le Dr Naveed Asif, cette douleur vive et localis\u00e9e au fond de la gorge peut \u00eatre le signe d\u2019une infection au variant NB.1.8.1. Il parle d\u2019une<strong> sensation tranchante \u00e0 la d\u00e9glutition<\/strong>, d\u00e9crite par les patients comme insupportable et soudaine\u00a0\u00bb, <a href=\"https:\/\/paroledemamans.com\/ma-vie-de-maman\/covid-nb-1-8-1-progresse-rapidement-un-nouveau-symptome-ultra-douloureux-et-des-medecins-en-alerte-que-se-passe-t-il-vraiment\" target=\"_blank\" rel=\"noreferrer noopener nofollow\">expliquait ce site<\/a>.<\/p>\n<p>La suite apr\u00e8s cette publicit\u00e9<\/p>\n<p>Cette souche provoquerait donc d\u2019importantes <strong>douleurs \u00e0 la gorge<\/strong>, presque comme une \u00ab\u00a0lame de rasoir\u00a0\u00bb. <a href=\"https:\/\/www.salon.com\/2025\/06\/11\/razor-blade-throat-the-nimbus-variant-sparks-concern-of-summer-surge\/\" target=\"_blank\" rel=\"noreferrer noopener nofollow\">Aupr\u00e8s de Salon<\/a>, le Dr Mohamed Imran Lakhi \u00e9voque \u00e9galement d\u2019autres sympt\u00f4mes d\u00e9rangeants avec cette souche. <\/p>\n<p>\u00ab\u00a0Certains souffrent \u00e9galement de probl\u00e8mes digestifs tels que des <strong>naus\u00e9es et des diarrh\u00e9es<\/strong>, ce qui n\u2019est pas un sympt\u00f4me typique des variants du Covid\u00a0\u00bb, explique le m\u00e9decin.<\/p>\n<p><img loading=\"lazy\" decoding=\"async\" width=\"762\" height=\"508\" src=\"data:image\/svg+xml,%3Csvg%20xmlns=\" http:=\"\" alt=\"maux gorge @canva\" data-lazy- data-lazy- data-lazy-src=\"https:\/\/www.europesays.com\/fr\/wp-content\/uploads\/2025\/06\/maux-gorge-@canva-762x508.jpg\"\/><\/p>\n<p>maux gorge @canva<\/p>\n<p>La suite apr\u00e8s cette publicit\u00e9<\/p>\n<p>L\u2019OMS temp\u00e8re le discours et rassure<\/p>\n<p>L\u2019OMS semble tr\u00e8s inqui\u00e8te sur la question. D\u2019ailleurs, l\u2019organisation a r\u00e9cemment publi\u00e9 un communiqu\u00e9, classant le Nimbus parmi les variants sous surveillance. Malgr\u00e9 tout,<strong> l\u2019OMS<\/strong> a d\u00e9cid\u00e9 de temp\u00e9rer le discours et de rassurer : <\/p>\n<p>\u00ab\u00a0Malgr\u00e9 une augmentation simultan\u00e9e des cas et des hospitalisations dans certains pays o\u00f9 le variant NB.1.8.1 est pr\u00e9sent,<strong> les donn\u00e9es actuelles n\u2019indiquent pas<\/strong> que ce variant entra\u00eene une maladie plus grave que les autres variants en circulation\u00a0\u00bb, a d\u00e9clar\u00e9 l\u2019institution de sant\u00e9.<\/p>\n<p>La suite apr\u00e8s cette publicit\u00e9<\/p>\n<p>Un risque potentiel pour cet \u00e9t\u00e9<\/p>\n<p>Edoardo Colzani, responsable des virus respiratoires \u00e0 l\u2019ECDC, a \u00e9galement prix la parole dans un communiqu\u00e9. \u00ab\u00a0Le SARS-CoV-2 circule actuellement \u00e0 de faibles niveaux dans l\u2019UE\/EEE, mais son incidence pourrait augmenter dans les semaines \u00e0 venir\u00a0\u00bb, a-t-il d\u00e9clar\u00e9. <\/p>\n<p>La suite apr\u00e8s cette publicit\u00e9<\/p>\n<p>\u00ab\u00a0<strong>Nous ne pr\u00e9voyons pas<\/strong> que le variant NB.1.8.1 pr\u00e9sente un risque plus important pour la sant\u00e9 publique que les autres variants issus d\u2019Omicron, et nous ne pr\u00e9voyons pas non plus d\u2019impact significatif sur l\u2019efficacit\u00e9 du vaccin contre les formes graves de la maladie\u00a0\u00bb, a-t-il ajout\u00e9. <\/p>\n<p><img loading=\"lazy\" decoding=\"async\" width=\"762\" height=\"508\" src=\"data:image\/svg+xml,%3Csvg%20xmlns=\" http:=\"\" alt=\"hospital @canva\" data-lazy- data-lazy- data-lazy-src=\"https:\/\/www.europesays.com\/fr\/wp-content\/uploads\/2025\/06\/hospital-@canva-762x508.jpg\"\/><\/p>\n<p>hospital @canva<\/p>\n<p>\u00ab\u00a0Cependant, apr\u00e8s un hiver marqu\u00e9 par une faible circulation du SARS-CoV-2, <strong>l\u2019immunit\u00e9 de la population <\/strong>contre le SARS-CoV-2 pourrait avoir partiellement diminu\u00e9, en particulier chez les personnes \u00e2g\u00e9es et les autres personnes pr\u00e9sentant <strong>un risque plus \u00e9lev\u00e9 de forme grave<\/strong>\u00ab\u00a0, explique-t-il.<\/p>\n<p>La suite apr\u00e8s cette publicit\u00e9<\/p>\n<p>Autrement dit, pour l\u2019instant, cette souche semble inqui\u00e9tante et est<strong> en surveillance<\/strong>. Il est possible d\u2019il r\u00e9duise l\u2019efficacit\u00e9 immunitaire et qu\u2019il soit donc plus contagieux, provoquant parfois des sympt\u00f4mes tr\u00e8s g\u00eanants. Mais, les donn\u00e9es actuelles ne permettent pas de dire s\u2019il pr\u00e9sente un risque plus important.<\/p>\n<p>&#13;<br \/>\n\t\t\t\t&#13;<br \/>\n\t\t\t\t\t\t\t&#13;<\/p>\n","protected":false},"excerpt":{"rendered":"&#13; &#13; &#13; &#13; &#13; &#13; &#13; &#13; TDN &gt;&#13; &#13; &#13; &#13; &#13; &#13; &#13; Sant\u00e9&#13; &#13;&hellip;\n","protected":false},"author":2,"featured_media":197935,"comment_status":"","ping_status":"","sticky":false,"template":"","format":"standard","meta":{"footnotes":""},"categories":[10],"tags":[1011,27,72,71],"class_list":{"0":"post-197934","1":"post","2":"type-post","3":"status-publish","4":"format-standard","5":"has-post-thumbnail","7":"category-sante","8":"tag-fr","9":"tag-france","10":"tag-health","11":"tag-sante"},"share_on_mastodon":{"url":"https:\/\/pubeurope.com\/@fr\/114732266935379365","error":""},"_links":{"self":[{"href":"https:\/\/www.europesays.com\/fr\/wp-json\/wp\/v2\/posts\/197934","targetHints":{"allow":["GET"]}}],"collection":[{"href":"https:\/\/www.europesays.com\/fr\/wp-json\/wp\/v2\/posts"}],"about":[{"href":"https:\/\/www.europesays.com\/fr\/wp-json\/wp\/v2\/types\/post"}],"author":[{"embeddable":true,"href":"https:\/\/www.europesays.com\/fr\/wp-json\/wp\/v2\/users\/2"}],"replies":[{"embeddable":true,"href":"https:\/\/www.europesays.com\/fr\/wp-json\/wp\/v2\/comments?post=197934"}],"version-history":[{"count":0,"href":"https:\/\/www.europesays.com\/fr\/wp-json\/wp\/v2\/posts\/197934\/revisions"}],"wp:featuredmedia":[{"embeddable":true,"href":"https:\/\/www.europesays.com\/fr\/wp-json\/wp\/v2\/media\/197935"}],"wp:attachment":[{"href":"https:\/\/www.europesays.com\/fr\/wp-json\/wp\/v2\/media?parent=197934"}],"wp:term":[{"taxonomy":"category","embeddable":true,"href":"https:\/\/www.europesays.com\/fr\/wp-json\/wp\/v2\/categories?post=197934"},{"taxonomy":"post_tag","embeddable":true,"href":"https:\/\/www.europesays.com\/fr\/wp-json\/wp\/v2\/tags?post=197934"}],"curies":[{"name":"wp","href":"https:\/\/api.w.org\/{rel}","templated":true}]}}