{"id":197950,"date":"2025-06-23T10:50:10","date_gmt":"2025-06-23T10:50:10","guid":{"rendered":"https:\/\/www.europesays.com\/fr\/197950\/"},"modified":"2025-06-23T10:50:10","modified_gmt":"2025-06-23T10:50:10","slug":"la-talaudiere-le-reseau-de-chaleur-evite-le-rejet-annuel-de-1-345-tonnes-de-co2-dans-latmosphere","status":"publish","type":"post","link":"https:\/\/www.europesays.com\/fr\/197950\/","title":{"rendered":"La Talaudi\u00e8re. Le r\u00e9seau de chaleur \u00e9vite le rejet annuel de 1\u00a0345\u00a0tonnes de CO2 dans l\u2019atmosph\u00e8re"},"content":{"rendered":"<p>Distribuer l\u2019eau chaude et le chauffage au moyen de canalisations isol\u00e9es et enterr\u00e9es jusque dans des b\u00e2timents publics, voire priv\u00e9s, permet d\u2019\u00e9viter le rejet annuel de 1\u00a0345 tonnes de CO2 dans l\u2019atmosph\u00e8re depuis le d\u00e9marrage du r\u00e9seau de chaleur talaudi\u00e9rois, mis en \u0153uvre en octobre\u00a02024.<\/p>\n<p>Saint-\u00c9tienne M\u00e9tropole \u00e9tait \u00e0 l\u2019\u0153uvre dans ces r\u00e9alisations conformes \u00e0 la loi relative \u00e0 la TECV (Transition \u00e9nerg\u00e9tique pour la croissance verte). Il s\u2019agit de multiplier la quantit\u00e9 de chaleur d\u2019origine renouvelable \u00e0 l\u2019horizon 2030.<\/p>\n<p>  Un investissement de 6\u00a0millions d\u2019euros<\/p>\n<p>Le financement de cette structure g\u00e9r\u00e9e par Engie, d\u2019un montant total de 6\u00a0millions d\u2019euros, a fait exclusivement appel aux fonds de Saint-\u00c9tienne M\u00e9tropole et de l\u2019Ademe (Agence de l\u2019environnement et de la ma\u00eetrise de l\u2019\u00e9nergie), cette derni\u00e8re ayant particip\u00e9 pour 2,9\u00a0millions d\u2019euros.<\/p>\n<p>Les trois intervenants du jour, la maire de La Talaudi\u00e8re, Ramona Gonzalez-Grail, la pr\u00e9sidente par int\u00e9rim de Saint-\u00c9tienne M\u00e9tropole, Sylvie Fayolle, et le directeur d\u2019Engie Solutions Michel Mathieu, ont tour \u00e0 tour rappel\u00e9 les avantages environnementaux cr\u00e9\u00e9s par cette structure, la dixi\u00e8me install\u00e9e au sein de la communaut\u00e9 de communes de SEM.<\/p>\n<p>Notons que les deux chaudi\u00e8res bois sont install\u00e9es rue de la Chazotte dans des b\u00e2timents \u00e9difi\u00e9s par des entreprises locales.<\/p>\n<p>Cette chaufferie est \u00e9quip\u00e9e de deux chaudi\u00e8res br\u00fblant des copeaux de bois, trait\u00e9s apr\u00e8s combustion pour filtrer les produits et ne rien rejeter dans l\u2019atmosph\u00e8re. Une chaudi\u00e8re d\u2019appoint au gaz est \u00e9galement install\u00e9e en compl\u00e9ment \u00e9ventuel de production d\u2019\u00e9nergie.<\/p>\n<p>Sylvie Fayolle a insist\u00e9, lors de son intervention, sur l\u2019installation des panneaux photovolta\u00efques sur le toit, permettant la production d\u2019\u00e9lectricit\u00e9 n\u00e9cessaire au fonctionnement de ce r\u00e9seau de chaleur.<\/p>\n<p>D\u2019autres structures se sont dites int\u00e9ress\u00e9es et pourraient, dans un proche avenir, se brancher sur l\u2019existant.<\/p>\n","protected":false},"excerpt":{"rendered":"Distribuer l\u2019eau chaude et le chauffage au moyen de canalisations isol\u00e9es et enterr\u00e9es jusque dans des b\u00e2timents publics,&hellip;\n","protected":false},"author":2,"featured_media":197951,"comment_status":"","ping_status":"","sticky":false,"template":"","format":"standard","meta":{"footnotes":""},"categories":[9653],"tags":[1111,11,2430,33,7539,893,1777,674,1011,27,12053,12,25,4001,9664],"class_list":{"0":"post-197950","1":"post","2":"type-post","3":"status-publish","4":"format-standard","5":"has-post-thumbnail","7":"category-saint-etienne","8":"tag-actu","9":"tag-actualites","10":"tag-auvergne-rhone-alpes","11":"tag-economie","12":"tag-edition-loire-sud","13":"tag-energie","14":"tag-eu","15":"tag-europe","16":"tag-fr","17":"tag-france","18":"tag-la-talaudiere","19":"tag-news","20":"tag-republique-francaise","21":"tag-saint-etienne","22":"tag-saint-etienne-bassin"},"share_on_mastodon":{"url":"https:\/\/pubeurope.com\/@fr\/114732297332130085","error":""},"_links":{"self":[{"href":"https:\/\/www.europesays.com\/fr\/wp-json\/wp\/v2\/posts\/197950","targetHints":{"allow":["GET"]}}],"collection":[{"href":"https:\/\/www.europesays.com\/fr\/wp-json\/wp\/v2\/posts"}],"about":[{"href":"https:\/\/www.europesays.com\/fr\/wp-json\/wp\/v2\/types\/post"}],"author":[{"embeddable":true,"href":"https:\/\/www.europesays.com\/fr\/wp-json\/wp\/v2\/users\/2"}],"replies":[{"embeddable":true,"href":"https:\/\/www.europesays.com\/fr\/wp-json\/wp\/v2\/comments?post=197950"}],"version-history":[{"count":0,"href":"https:\/\/www.europesays.com\/fr\/wp-json\/wp\/v2\/posts\/197950\/revisions"}],"wp:featuredmedia":[{"embeddable":true,"href":"https:\/\/www.europesays.com\/fr\/wp-json\/wp\/v2\/media\/197951"}],"wp:attachment":[{"href":"https:\/\/www.europesays.com\/fr\/wp-json\/wp\/v2\/media?parent=197950"}],"wp:term":[{"taxonomy":"category","embeddable":true,"href":"https:\/\/www.europesays.com\/fr\/wp-json\/wp\/v2\/categories?post=197950"},{"taxonomy":"post_tag","embeddable":true,"href":"https:\/\/www.europesays.com\/fr\/wp-json\/wp\/v2\/tags?post=197950"}],"curies":[{"name":"wp","href":"https:\/\/api.w.org\/{rel}","templated":true}]}}